{"id":1054,"date":"2022-07-29T10:41:47","date_gmt":"2022-07-29T08:41:47","guid":{"rendered":"https:\/\/www.xacobeando.eu\/place-to-visit-%f0%9f%93%8dtorre-de-sandias-%f0%9f%8c%9e\/"},"modified":"2022-10-25T14:44:11","modified_gmt":"2022-10-25T12:44:11","slug":"place-to-visit-%f0%9f%93%8dtorre-de-sandias-%f0%9f%8c%9e","status":"publish","type":"post","link":"https:\/\/www.xacobeando.eu\/en\/place-to-visit-%f0%9f%93%8dtorre-de-sandias-%f0%9f%8c%9e\/","title":{"rendered":"Place to visit ?Torre de Sandi\u00e1s ?"},"content":{"rendered":"<p>\u0160aj\u0101 viet\u0101 kop\u0161 neatminamiem laikiem atrad\u0101s Kastreksas ciems un v\u0113l\u0101k viduslaiku cietoksnis, jo t\u0101 bija viena no retaj\u0101m augstaj\u0101m viet\u0101m, no kurienes bija redzama liela da\u013ca l\u012bdzenuma. To sauc Torre do Castro jeb arb\u016bzu torni. T\u0101s celtniec\u012bba s\u0101k\u0101s aptuveni 11. vai 12. gadsimt\u0101. \u0160\u012b iemesla d\u0113\u013c tika uzb\u016bv\u0113ti v\u0113l tr\u012bs tor\u0146i: Pena da Portela, Porqueira un Celme,kas kop\u012bgi veido t\u0101du k\u0101 apkaimes \u010detrst\u016bri.<span class=\"pq6dq46d tbxw36s4 knj5qynh kvgmc6g5 ditlmg2l oygrvhab nvdbi5me sf5mxxl7 gl3lb2sf hhz5lgdu\"><img loading=\"lazy\" decoding=\"async\" src=\"https:\/\/static.xx.fbcdn.net\/images\/emoji.php\/v9\/tfe\/2\/16\/1f31e.png\" alt=\"?\" width=\"16\" height=\"16\" \/><\/span> &#8212;&#8211;<\/p>\n<p>&nbsp;<\/p>\n<p><img loading=\"lazy\" decoding=\"async\" class=\"alignnone size-medium wp-image-1048\" src=\"https:\/\/www.xacobeando.eu\/wp-content\/uploads\/2022\/07\/IMG-20220727-WA0038-1-300x225.jpg\" alt=\"\" width=\"300\" height=\"225\" srcset=\"https:\/\/www.xacobeando.eu\/wp-content\/uploads\/2022\/07\/IMG-20220727-WA0038-1-300x225.jpg 300w, https:\/\/www.xacobeando.eu\/wp-content\/uploads\/2022\/07\/IMG-20220727-WA0038-1-1024x768.jpg 1024w, https:\/\/www.xacobeando.eu\/wp-content\/uploads\/2022\/07\/IMG-20220727-WA0038-1-768x576.jpg 768w, https:\/\/www.xacobeando.eu\/wp-content\/uploads\/2022\/07\/IMG-20220727-WA0038-1-1536x1153.jpg 1536w, https:\/\/www.xacobeando.eu\/wp-content\/uploads\/2022\/07\/IMG-20220727-WA0038-1.jpg 1599w\" sizes=\"auto, (max-width: 300px) 100vw, 300px\" \/><img loading=\"lazy\" decoding=\"async\" class=\"alignnone size-medium wp-image-1050\" src=\"https:\/\/www.xacobeando.eu\/wp-content\/uploads\/2022\/07\/20220726_120247-1-225x300.jpg\" alt=\"\" width=\"225\" height=\"300\" srcset=\"https:\/\/www.xacobeando.eu\/wp-content\/uploads\/2022\/07\/20220726_120247-1-225x300.jpg 225w, https:\/\/www.xacobeando.eu\/wp-content\/uploads\/2022\/07\/20220726_120247-1-768x1024.jpg 768w, https:\/\/www.xacobeando.eu\/wp-content\/uploads\/2022\/07\/20220726_120247-1-1152x1536.jpg 1152w, https:\/\/www.xacobeando.eu\/wp-content\/uploads\/2022\/07\/20220726_120247-1-1536x2048.jpg 1536w, https:\/\/www.xacobeando.eu\/wp-content\/uploads\/2022\/07\/20220726_120247-1-scaled.jpg 1920w\" sizes=\"auto, (max-width: 225px) 100vw, 225px\" \/> <img loading=\"lazy\" decoding=\"async\" class=\"alignnone size-medium wp-image-1052\" src=\"https:\/\/www.xacobeando.eu\/wp-content\/uploads\/2022\/07\/20220726_122018-1-225x300.jpg\" alt=\"\" width=\"225\" height=\"300\" srcset=\"https:\/\/www.xacobeando.eu\/wp-content\/uploads\/2022\/07\/20220726_122018-1-225x300.jpg 225w, https:\/\/www.xacobeando.eu\/wp-content\/uploads\/2022\/07\/20220726_122018-1-768x1024.jpg 768w, https:\/\/www.xacobeando.eu\/wp-content\/uploads\/2022\/07\/20220726_122018-1-1152x1536.jpg 1152w, https:\/\/www.xacobeando.eu\/wp-content\/uploads\/2022\/07\/20220726_122018-1-1536x2048.jpg 1536w, https:\/\/www.xacobeando.eu\/wp-content\/uploads\/2022\/07\/20220726_122018-1-scaled.jpg 1920w\" sizes=\"auto, (max-width: 225px) 100vw, 225px\" \/><\/p>\n<p>??\u00a0Torre is in this place where since time immemorial a castrexa village was located and later a medieval fortress, due to being one of the few high places from where a large part of the plain could be seen. It is called Torre do Castro or Tower of Watermelons. Its construction began around the 11th or 12th centuries with the aim of monitoring the Lagoa de Antela. For this reason, three more towers were built: Pena da Portela, Porqueira and Celme.<\/p>\n<p>?? Torre, en este lugar desde tiempos inmemoriales estuvo situado un poblado castrexo y m\u00e1s tarde una fortaleza medieval, por ser uno de los pocos lugares altos desde donde se divisaba gran parte de la llanura. Se llama Torre do Castro o Torre de las Sand\u00edas. Su construcci\u00f3n se inici\u00f3 alrededor de los siglos XI o XII con el objetivo de vigilar la \u201cLagoa de Antela\u201d. Por este motivo, se construyeron tres torres m\u00e1s: Pena da Portela, Porqueira y Celme.<\/p>\n<p>@xacobeando.xuventude @agrita_photography\u00a0 #caminh\u00e3o #camino #galicia #spanija #caminodesantiago #silverway #torre<\/p>\n","protected":false},"excerpt":{"rendered":"<p>\u0160aj\u0101 viet\u0101 kop\u0161 neatminamiem laikiem atrad\u0101s Kastreksas ciems un v\u0113l\u0101k viduslaiku cietoksnis, jo t\u0101 bija viena no retaj\u0101m augstaj\u0101m viet\u0101m, no&#8230;<\/p>\n","protected":false},"author":32,"featured_media":1050,"comment_status":"closed","ping_status":"closed","sticky":false,"template":"","format":"standard","meta":{"footnotes":""},"categories":[1],"tags":[],"class_list":["post-1054","post","type-post","status-publish","format-standard","has-post-thumbnail","hentry","category-uncategorized","paths-silver-way","digital_path-volunteer"],"acf":[],"yoast_head":"<!-- This site is optimized with the Yoast SEO plugin v19.4 - https:\/\/yoast.com\/wordpress\/plugins\/seo\/ -->\n<title>Place to visit ?Torre de Sandi\u00e1s ? | Xacobeando<\/title>\n<meta name=\"description\" content=\"Xacobeando is a project of volunteer teams in high priority areas within the European Solidarity Corps. Xunta de Galicia project.\" \/>\n<meta name=\"robots\" content=\"index, follow, max-snippet:-1, max-image-preview:large, max-video-preview:-1\" \/>\n<link rel=\"canonical\" href=\"https:\/\/www.xacobeando.eu\/en\/place-to-visit-\ud83d\udccdtorre-de-sandias-\ud83c\udf1e\/\" \/>\n<meta property=\"og:locale\" content=\"en_US\" \/>\n<meta property=\"og:type\" content=\"article\" \/>\n<meta property=\"og:title\" content=\"Place to visit ?Torre de Sandi\u00e1s ? | Xacobeando\" \/>\n<meta property=\"og:description\" content=\"Xacobeando is a project of volunteer teams in high priority areas within the European Solidarity Corps. Xunta de Galicia project.\" \/>\n<meta property=\"og:url\" content=\"https:\/\/www.xacobeando.eu\/en\/place-to-visit-\ud83d\udccdtorre-de-sandias-\ud83c\udf1e\/\" \/>\n<meta property=\"og:site_name\" content=\"Xacobeando\" \/>\n<meta property=\"article:publisher\" content=\"https:\/\/www.facebook.com\/Xacobeando-101211579315381\" \/>\n<meta property=\"article:published_time\" content=\"2022-07-29T08:41:47+00:00\" \/>\n<meta property=\"article:modified_time\" content=\"2022-10-25T12:44:11+00:00\" \/>\n<meta property=\"og:image\" content=\"https:\/\/www.xacobeando.eu\/wp-content\/uploads\/2022\/07\/20220726_120247-1-scaled.jpg\" \/>\n\t<meta property=\"og:image:width\" content=\"1920\" \/>\n\t<meta property=\"og:image:height\" content=\"2560\" \/>\n\t<meta property=\"og:image:type\" content=\"image\/jpeg\" \/>\n<meta name=\"author\" content=\"Agrita Gorbacova\" \/>\n<meta name=\"twitter:card\" content=\"summary_large_image\" \/>\n<meta name=\"twitter:label1\" content=\"Written by\" \/>\n\t<meta name=\"twitter:data1\" content=\"Agrita Gorbacova\" \/>\n\t<meta name=\"twitter:label2\" content=\"Est. reading time\" \/>\n\t<meta name=\"twitter:data2\" content=\"1 minute\" \/>\n<script type=\"application\/ld+json\" class=\"yoast-schema-graph\">{\"@context\":\"https:\/\/schema.org\",\"@graph\":[{\"@type\":\"Organization\",\"@id\":\"https:\/\/www.xacobeando.eu\/en\/#organization\",\"name\":\"Xacobeando\",\"url\":\"https:\/\/www.xacobeando.eu\/en\/\",\"sameAs\":[\"https:\/\/www.instagram.com\/xacobeando.xuventude\/\",\"https:\/\/www.facebook.com\/Xacobeando-101211579315381\"],\"logo\":{\"@type\":\"ImageObject\",\"inLanguage\":\"en-US\",\"@id\":\"https:\/\/www.xacobeando.eu\/en\/#\/schema\/logo\/image\/\",\"url\":\"https:\/\/www.xacobeando.eu\/wp-content\/uploads\/2022\/06\/xac-logo-pos.svg\",\"contentUrl\":\"https:\/\/www.xacobeando.eu\/wp-content\/uploads\/2022\/06\/xac-logo-pos.svg\",\"width\":507,\"height\":72,\"caption\":\"Xacobeando\"},\"image\":{\"@id\":\"https:\/\/www.xacobeando.eu\/en\/#\/schema\/logo\/image\/\"}},{\"@type\":\"WebSite\",\"@id\":\"https:\/\/www.xacobeando.eu\/en\/#website\",\"url\":\"https:\/\/www.xacobeando.eu\/en\/\",\"name\":\"Xacobeando\",\"description\":\"Camino de Santiago\",\"publisher\":{\"@id\":\"https:\/\/www.xacobeando.eu\/en\/#organization\"},\"potentialAction\":[{\"@type\":\"SearchAction\",\"target\":{\"@type\":\"EntryPoint\",\"urlTemplate\":\"https:\/\/www.xacobeando.eu\/en\/?s={search_term_string}\"},\"query-input\":\"required name=search_term_string\"}],\"inLanguage\":\"en-US\"},{\"@type\":\"WebPage\",\"@id\":\"https:\/\/www.xacobeando.eu\/en\/place-to-visit-%f0%9f%93%8dtorre-de-sandias-%f0%9f%8c%9e\/\",\"url\":\"https:\/\/www.xacobeando.eu\/en\/place-to-visit-%f0%9f%93%8dtorre-de-sandias-%f0%9f%8c%9e\/\",\"name\":\"Place to visit ?Torre de Sandi\u00e1s ? | Xacobeando\",\"isPartOf\":{\"@id\":\"https:\/\/www.xacobeando.eu\/en\/#website\"},\"datePublished\":\"2022-07-29T08:41:47+00:00\",\"dateModified\":\"2022-10-25T12:44:11+00:00\",\"description\":\"Xacobeando is a project of volunteer teams in high priority areas within the European Solidarity Corps. Xunta de Galicia project.\",\"breadcrumb\":{\"@id\":\"https:\/\/www.xacobeando.eu\/en\/place-to-visit-%f0%9f%93%8dtorre-de-sandias-%f0%9f%8c%9e\/#breadcrumb\"},\"inLanguage\":\"en-US\",\"potentialAction\":[{\"@type\":\"ReadAction\",\"target\":[\"https:\/\/www.xacobeando.eu\/en\/place-to-visit-%f0%9f%93%8dtorre-de-sandias-%f0%9f%8c%9e\/\"]}]},{\"@type\":\"BreadcrumbList\",\"@id\":\"https:\/\/www.xacobeando.eu\/en\/place-to-visit-%f0%9f%93%8dtorre-de-sandias-%f0%9f%8c%9e\/#breadcrumb\",\"itemListElement\":[{\"@type\":\"ListItem\",\"position\":1,\"name\":\"Home\",\"item\":\"https:\/\/www.xacobeando.eu\/en\/\"},{\"@type\":\"ListItem\",\"position\":2,\"name\":\"Place to visit ?Torre de Sandi\u00e1s ?\"}]},{\"@type\":\"Article\",\"@id\":\"https:\/\/www.xacobeando.eu\/en\/place-to-visit-%f0%9f%93%8dtorre-de-sandias-%f0%9f%8c%9e\/#article\",\"isPartOf\":{\"@id\":\"https:\/\/www.xacobeando.eu\/en\/place-to-visit-%f0%9f%93%8dtorre-de-sandias-%f0%9f%8c%9e\/\"},\"author\":{\"name\":\"Agrita Gorbacova\",\"@id\":\"https:\/\/www.xacobeando.eu\/en\/#\/schema\/person\/66d8413eb5f0877fcfbea9dc634742ff\"},\"headline\":\"Place to visit ?Torre de Sandi\u00e1s ?\",\"datePublished\":\"2022-07-29T08:41:47+00:00\",\"dateModified\":\"2022-10-25T12:44:11+00:00\",\"mainEntityOfPage\":{\"@id\":\"https:\/\/www.xacobeando.eu\/en\/place-to-visit-%f0%9f%93%8dtorre-de-sandias-%f0%9f%8c%9e\/\"},\"wordCount\":267,\"publisher\":{\"@id\":\"https:\/\/www.xacobeando.eu\/en\/#organization\"},\"inLanguage\":\"en-US\"},{\"@type\":\"Person\",\"@id\":\"https:\/\/www.xacobeando.eu\/en\/#\/schema\/person\/66d8413eb5f0877fcfbea9dc634742ff\",\"name\":\"Agrita Gorbacova\",\"image\":{\"@type\":\"ImageObject\",\"inLanguage\":\"en-US\",\"@id\":\"https:\/\/www.xacobeando.eu\/en\/#\/schema\/person\/image\/\",\"url\":\"https:\/\/secure.gravatar.com\/avatar\/3afb8dd82e2729f8a92db15a6e6f5905404f942d59f1dbb38056cf84aee835f8?s=96&d=mm&r=g\",\"contentUrl\":\"https:\/\/secure.gravatar.com\/avatar\/3afb8dd82e2729f8a92db15a6e6f5905404f942d59f1dbb38056cf84aee835f8?s=96&d=mm&r=g\",\"caption\":\"Agrita Gorbacova\"},\"description\":\"I'm photographer from Latvia. Love traveling, taking photoshoot and helping people ? More about me come to instrgram @agrita_makeup\",\"sameAs\":[\"https:\/\/instagram.com\/agrita_makeup?igshid=YmMyMTA2M2Y=\"],\"url\":\"https:\/\/www.xacobeando.eu\/en\/author\/agritagorbacova\/\"}]}<\/script>\n<!-- \/ Yoast SEO plugin. -->","yoast_head_json":{"title":"Place to visit ?Torre de Sandi\u00e1s ? | Xacobeando","description":"Xacobeando is a project of volunteer teams in high priority areas within the European Solidarity Corps. Xunta de Galicia project.","robots":{"index":"index","follow":"follow","max-snippet":"max-snippet:-1","max-image-preview":"max-image-preview:large","max-video-preview":"max-video-preview:-1"},"canonical":"https:\/\/www.xacobeando.eu\/en\/place-to-visit-\ud83d\udccdtorre-de-sandias-\ud83c\udf1e\/","og_locale":"en_US","og_type":"article","og_title":"Place to visit ?Torre de Sandi\u00e1s ? | Xacobeando","og_description":"Xacobeando is a project of volunteer teams in high priority areas within the European Solidarity Corps. Xunta de Galicia project.","og_url":"https:\/\/www.xacobeando.eu\/en\/place-to-visit-\ud83d\udccdtorre-de-sandias-\ud83c\udf1e\/","og_site_name":"Xacobeando","article_publisher":"https:\/\/www.facebook.com\/Xacobeando-101211579315381","article_published_time":"2022-07-29T08:41:47+00:00","article_modified_time":"2022-10-25T12:44:11+00:00","og_image":[{"width":1920,"height":2560,"url":"https:\/\/www.xacobeando.eu\/wp-content\/uploads\/2022\/07\/20220726_120247-1-scaled.jpg","type":"image\/jpeg"}],"author":"Agrita Gorbacova","twitter_card":"summary_large_image","twitter_misc":{"Written by":"Agrita Gorbacova","Est. reading time":"1 minute"},"schema":{"@context":"https:\/\/schema.org","@graph":[{"@type":"Organization","@id":"https:\/\/www.xacobeando.eu\/en\/#organization","name":"Xacobeando","url":"https:\/\/www.xacobeando.eu\/en\/","sameAs":["https:\/\/www.instagram.com\/xacobeando.xuventude\/","https:\/\/www.facebook.com\/Xacobeando-101211579315381"],"logo":{"@type":"ImageObject","inLanguage":"en-US","@id":"https:\/\/www.xacobeando.eu\/en\/#\/schema\/logo\/image\/","url":"https:\/\/www.xacobeando.eu\/wp-content\/uploads\/2022\/06\/xac-logo-pos.svg","contentUrl":"https:\/\/www.xacobeando.eu\/wp-content\/uploads\/2022\/06\/xac-logo-pos.svg","width":507,"height":72,"caption":"Xacobeando"},"image":{"@id":"https:\/\/www.xacobeando.eu\/en\/#\/schema\/logo\/image\/"}},{"@type":"WebSite","@id":"https:\/\/www.xacobeando.eu\/en\/#website","url":"https:\/\/www.xacobeando.eu\/en\/","name":"Xacobeando","description":"Camino de Santiago","publisher":{"@id":"https:\/\/www.xacobeando.eu\/en\/#organization"},"potentialAction":[{"@type":"SearchAction","target":{"@type":"EntryPoint","urlTemplate":"https:\/\/www.xacobeando.eu\/en\/?s={search_term_string}"},"query-input":"required name=search_term_string"}],"inLanguage":"en-US"},{"@type":"WebPage","@id":"https:\/\/www.xacobeando.eu\/en\/place-to-visit-%f0%9f%93%8dtorre-de-sandias-%f0%9f%8c%9e\/","url":"https:\/\/www.xacobeando.eu\/en\/place-to-visit-%f0%9f%93%8dtorre-de-sandias-%f0%9f%8c%9e\/","name":"Place to visit ?Torre de Sandi\u00e1s ? | Xacobeando","isPartOf":{"@id":"https:\/\/www.xacobeando.eu\/en\/#website"},"datePublished":"2022-07-29T08:41:47+00:00","dateModified":"2022-10-25T12:44:11+00:00","description":"Xacobeando is a project of volunteer teams in high priority areas within the European Solidarity Corps. Xunta de Galicia project.","breadcrumb":{"@id":"https:\/\/www.xacobeando.eu\/en\/place-to-visit-%f0%9f%93%8dtorre-de-sandias-%f0%9f%8c%9e\/#breadcrumb"},"inLanguage":"en-US","potentialAction":[{"@type":"ReadAction","target":["https:\/\/www.xacobeando.eu\/en\/place-to-visit-%f0%9f%93%8dtorre-de-sandias-%f0%9f%8c%9e\/"]}]},{"@type":"BreadcrumbList","@id":"https:\/\/www.xacobeando.eu\/en\/place-to-visit-%f0%9f%93%8dtorre-de-sandias-%f0%9f%8c%9e\/#breadcrumb","itemListElement":[{"@type":"ListItem","position":1,"name":"Home","item":"https:\/\/www.xacobeando.eu\/en\/"},{"@type":"ListItem","position":2,"name":"Place to visit ?Torre de Sandi\u00e1s ?"}]},{"@type":"Article","@id":"https:\/\/www.xacobeando.eu\/en\/place-to-visit-%f0%9f%93%8dtorre-de-sandias-%f0%9f%8c%9e\/#article","isPartOf":{"@id":"https:\/\/www.xacobeando.eu\/en\/place-to-visit-%f0%9f%93%8dtorre-de-sandias-%f0%9f%8c%9e\/"},"author":{"name":"Agrita Gorbacova","@id":"https:\/\/www.xacobeando.eu\/en\/#\/schema\/person\/66d8413eb5f0877fcfbea9dc634742ff"},"headline":"Place to visit ?Torre de Sandi\u00e1s ?","datePublished":"2022-07-29T08:41:47+00:00","dateModified":"2022-10-25T12:44:11+00:00","mainEntityOfPage":{"@id":"https:\/\/www.xacobeando.eu\/en\/place-to-visit-%f0%9f%93%8dtorre-de-sandias-%f0%9f%8c%9e\/"},"wordCount":267,"publisher":{"@id":"https:\/\/www.xacobeando.eu\/en\/#organization"},"inLanguage":"en-US"},{"@type":"Person","@id":"https:\/\/www.xacobeando.eu\/en\/#\/schema\/person\/66d8413eb5f0877fcfbea9dc634742ff","name":"Agrita Gorbacova","image":{"@type":"ImageObject","inLanguage":"en-US","@id":"https:\/\/www.xacobeando.eu\/en\/#\/schema\/person\/image\/","url":"https:\/\/secure.gravatar.com\/avatar\/3afb8dd82e2729f8a92db15a6e6f5905404f942d59f1dbb38056cf84aee835f8?s=96&d=mm&r=g","contentUrl":"https:\/\/secure.gravatar.com\/avatar\/3afb8dd82e2729f8a92db15a6e6f5905404f942d59f1dbb38056cf84aee835f8?s=96&d=mm&r=g","caption":"Agrita Gorbacova"},"description":"I'm photographer from Latvia. Love traveling, taking photoshoot and helping people ? More about me come to instrgram @agrita_makeup","sameAs":["https:\/\/instagram.com\/agrita_makeup?igshid=YmMyMTA2M2Y="],"url":"https:\/\/www.xacobeando.eu\/en\/author\/agritagorbacova\/"}]}},"_links":{"self":[{"href":"https:\/\/www.xacobeando.eu\/en\/wp-json\/wp\/v2\/posts\/1054","targetHints":{"allow":["GET"]}}],"collection":[{"href":"https:\/\/www.xacobeando.eu\/en\/wp-json\/wp\/v2\/posts"}],"about":[{"href":"https:\/\/www.xacobeando.eu\/en\/wp-json\/wp\/v2\/types\/post"}],"author":[{"embeddable":true,"href":"https:\/\/www.xacobeando.eu\/en\/wp-json\/wp\/v2\/users\/32"}],"replies":[{"embeddable":true,"href":"https:\/\/www.xacobeando.eu\/en\/wp-json\/wp\/v2\/comments?post=1054"}],"version-history":[{"count":1,"href":"https:\/\/www.xacobeando.eu\/en\/wp-json\/wp\/v2\/posts\/1054\/revisions"}],"predecessor-version":[{"id":4114,"href":"https:\/\/www.xacobeando.eu\/en\/wp-json\/wp\/v2\/posts\/1054\/revisions\/4114"}],"wp:featuredmedia":[{"embeddable":true,"href":"https:\/\/www.xacobeando.eu\/en\/wp-json\/wp\/v2\/media\/1050"}],"wp:attachment":[{"href":"https:\/\/www.xacobeando.eu\/en\/wp-json\/wp\/v2\/media?parent=1054"}],"wp:term":[{"taxonomy":"category","embeddable":true,"href":"https:\/\/www.xacobeando.eu\/en\/wp-json\/wp\/v2\/categories?post=1054"},{"taxonomy":"post_tag","embeddable":true,"href":"https:\/\/www.xacobeando.eu\/en\/wp-json\/wp\/v2\/tags?post=1054"}],"curies":[{"name":"wp","href":"https:\/\/api.w.org\/{rel}","templated":true}]}}