{"id":1266,"date":"2022-08-05T11:09:17","date_gmt":"2022-08-05T09:09:17","guid":{"rendered":"https:\/\/www.xacobeando.eu\/a-quick-interview-at-the-via-de-la-plata-trail\/"},"modified":"2022-10-26T12:43:07","modified_gmt":"2022-10-26T10:43:07","slug":"a-quick-interview-at-the-via-de-la-plata-trail","status":"publish","type":"post","link":"https:\/\/www.xacobeando.eu\/en\/a-quick-interview-at-the-via-de-la-plata-trail\/","title":{"rendered":"A quick interview at the Via de la Plata trail"},"content":{"rendered":"<p>??\u00a0One sunny afternoon, as usual we (me &amp; my team from Lalin) were working at the Silver way. At this trail we don\u00b4t have that many points to refill our water bottles so whenever we reach the place where we can do it, we stop for a for a short break. Few minutes later we saw a few piligrims joining us! We don\u00b4t meet that many piligrims at Via de la Plata so every time I see one &#8211; it makes me smile. I say hello to them and ask them if they speak english. Luckilly they say yes and I ask them if they could spare few minutes of their time for an interview. They seemed to be happy to have a chat and agreed to share their experience with me and Janka. And now we want to share their experience with you \ud83d\ude42 So&#8230; that\u00b4s a small insight into\u00a0 Marek&#8217;s &amp; Viktor&#8217;s Camino experience.<\/p>\n<p><strong>Where are you from?<\/strong><br \/>\n<em>&#8220;Chech Republic, Prague.&#8221;<\/em><\/p>\n<p><strong>Where did you start the Camino?<\/strong><br \/>\n<em>&#8220;Ourense, Galicia, Spain&#8221;.<\/em><\/p>\n<p><strong>Why are you doing the Camino?<\/strong><br \/>\n<em>&#8220;We enjoy hiking. It is a lot of fun!&#8221;<\/em><\/p>\n<p><strong>What do you like about the Camino?<\/strong><br \/>\n<em>&#8220;Meeting other piligrims on the way.&#8221;<\/em><\/p>\n<p><strong>Is there something that you don\u2019t like about the<br \/>\nCamino?<\/strong><br \/>\n<em>&#8220;The weather is too hot and we are worried about the<br \/>\ndanger of wildfires.&#8221;<\/em><\/p>\n<p><strong>Can you share an experience or adventure that occurred along the Camino?<\/strong><br \/>\n<em>&#8220;We saw Galicia wildfires while we were travelling by train.&#8221;<\/em><\/p>\n<p><strong>How was your experience with other pilgrims?<\/strong><br \/>\n<em>&#8220;Few days ago we met a mexican family. We walked together and had nice conversations.&#8221;<\/em><\/p>\n<p><strong>How did you know about the Camino?<\/strong><br \/>\n<em>&#8220;It is the most famous hiking route!&#8221;<\/em><\/p>\n<p><strong>What do you think about the hostels for pilgrims?<\/strong><br \/>\n&#8220;They are better than we expected :)&#8221;<img decoding=\"async\" src=\"https:\/\/web.whatsapp.com\/744acd04-03ab-47e5-a1e9-9f9702925c76\" alt=\"\" \/><\/p>\n<p><img loading=\"lazy\" decoding=\"async\" class=\"alignnone wp-image-1293\" src=\"https:\/\/www.xacobeando.eu\/wp-content\/uploads\/2022\/08\/WhatsApp-Image-2022-08-05-at-11.38.10-AM-300x270.jpeg\" alt=\"\" width=\"440\" height=\"396\" srcset=\"https:\/\/www.xacobeando.eu\/wp-content\/uploads\/2022\/08\/WhatsApp-Image-2022-08-05-at-11.38.10-AM-300x270.jpeg 300w, https:\/\/www.xacobeando.eu\/wp-content\/uploads\/2022\/08\/WhatsApp-Image-2022-08-05-at-11.38.10-AM.jpeg 740w\" sizes=\"auto, (max-width: 440px) 100vw, 440px\" \/><\/p>\n<p>Una tarde soleada, como siempre (mi equipo de Lal\u00edn y yo) est\u00e1bamos trabajando en el Camino de la Plata. En este sendero no tenemos tantos puntos para recargar nuestras botellas de agua, por lo que cada vez que llegamos al lugar donde podemos hacerlo, nos detenemos para un breve descanso. \u00a1Pocos minutos despu\u00e9s vimos a algunos peregrinos uni\u00e9ndose a nosotros! No nos encontramos muchos peregrinos en la V\u00eda de la Plata, as\u00ed que cada vez que veo uno, me hace sonre\u00edr. Los saludo y les pregunto si hablan ingl\u00e9s. Por suerte me dicen que s\u00ed y les pregunto si pueden dedicar unos minutos de su tiempo a una entrevista. Parec\u00edan estar felices de tener una charla y acordaron compartir su experiencia conmigo y con Janka. Y ahora queremos compartir su experiencia contigo ? As\u00ed que\u2026 esto es un peque\u00f1o vistazo a la experiencia del Camino de Marek y Viktor.<\/p>\n<p>\u00bfDe d\u00f3nde eres?<\/p>\n<p>\u201cRep\u00fablica Checa, Praga.\u201d<\/p>\n<p>\u00bfD\u00f3nde empezaste el Camino?<\/p>\n<p>\u201cOurense, Galicia, Espa\u00f1a\u201d.<\/p>\n<p>\u00bfPor qu\u00e9 haces el Camino?<\/p>\n<p>\u201cDisfrutamos del senderismo. \u00a1Es muy divertido!&#8221;<\/p>\n<p>\u00bfQu\u00e9 te gusta del Camino?<\/p>\n<p>\u201cEncuentro con otros peregrinos en el camino\u201d.<\/p>\n<p>\u00bfHay algo que no te gusta del Camino?<\/p>\n<p>\u201cHace demasiado calor y estamos preocupados por el peligro de incendios forestales.\u201d<\/p>\n<p>\u00bfPuedes compartir alguna experiencia o aventura que te haya ocurrido en el Camino?<\/p>\n<p>\u201cVimos incendios forestales en Galicia mientras viaj\u00e1bamos en tren\u201d.<\/p>\n<p>\u00bfC\u00f3mo fue tu experiencia con otros peregrinos?<\/p>\n<p>\u201cHace unos d\u00edas conocimos a una familia mexicana. Caminamos juntos y tuvimos agradables conversaciones\u201d.<\/p>\n<p>\u00bfC\u00f3mo supiste del Camino?<\/p>\n<p>\u201c\u00a1Es la ruta de senderismo m\u00e1s famosa!\u201d<\/p>\n<p>\u00bfQu\u00e9 opinas de los albergues para peregrinos?<\/p>\n<p>\u201cSon mejores de lo que esper\u00e1bamos :)\u201d<\/p>\n","protected":false},"excerpt":{"rendered":"<p>??\u00a0One sunny afternoon, as usual we (me &amp; my team from Lalin) were working at the Silver way. At this trail&#8230;<\/p>\n","protected":false},"author":50,"featured_media":1281,"comment_status":"closed","ping_status":"closed","sticky":false,"template":"","format":"standard","meta":{"footnotes":""},"categories":[1],"tags":[],"class_list":["post-1266","post","type-post","status-publish","format-standard","has-post-thumbnail","hentry","category-uncategorized","paths-silver-way","digital_path-pilgrim"],"acf":[],"yoast_head":"<!-- This site is optimized with the Yoast SEO plugin v19.4 - https:\/\/yoast.com\/wordpress\/plugins\/seo\/ -->\n<title>A quick interview at the Via de la Plata trail | Xacobeando<\/title>\n<meta name=\"description\" content=\"Xacobeando is a project of volunteer teams in high priority areas within the European Solidarity Corps. Xunta de Galicia project.\" \/>\n<meta name=\"robots\" content=\"index, follow, max-snippet:-1, max-image-preview:large, max-video-preview:-1\" \/>\n<link rel=\"canonical\" href=\"https:\/\/www.xacobeando.eu\/en\/a-quick-interview-at-the-via-de-la-plata-trail\/\" \/>\n<meta property=\"og:locale\" content=\"en_US\" \/>\n<meta property=\"og:type\" content=\"article\" \/>\n<meta property=\"og:title\" content=\"A quick interview at the Via de la Plata trail | Xacobeando\" \/>\n<meta property=\"og:description\" content=\"Xacobeando is a project of volunteer teams in high priority areas within the European Solidarity Corps. Xunta de Galicia project.\" \/>\n<meta property=\"og:url\" content=\"https:\/\/www.xacobeando.eu\/en\/a-quick-interview-at-the-via-de-la-plata-trail\/\" \/>\n<meta property=\"og:site_name\" content=\"Xacobeando\" \/>\n<meta property=\"article:publisher\" content=\"https:\/\/www.facebook.com\/Xacobeando-101211579315381\" \/>\n<meta property=\"article:published_time\" content=\"2022-08-05T09:09:17+00:00\" \/>\n<meta property=\"article:modified_time\" content=\"2022-10-26T10:43:07+00:00\" \/>\n<meta property=\"og:image\" content=\"https:\/\/www.xacobeando.eu\/wp-content\/uploads\/2022\/08\/WhatsApp-Image-2022-07-21-at-9.47.31-AM.jpeg\" \/>\n\t<meta property=\"og:image:width\" content=\"768\" \/>\n\t<meta property=\"og:image:height\" content=\"1024\" \/>\n\t<meta property=\"og:image:type\" content=\"image\/jpeg\" \/>\n<meta name=\"author\" content=\"Aiste Agapovaite\" \/>\n<meta name=\"twitter:card\" content=\"summary_large_image\" \/>\n<meta name=\"twitter:label1\" content=\"Written by\" \/>\n\t<meta name=\"twitter:data1\" content=\"Aiste Agapovaite\" \/>\n\t<meta name=\"twitter:label2\" content=\"Est. reading time\" \/>\n\t<meta name=\"twitter:data2\" content=\"3 minutes\" \/>\n<script type=\"application\/ld+json\" class=\"yoast-schema-graph\">{\"@context\":\"https:\/\/schema.org\",\"@graph\":[{\"@type\":\"Organization\",\"@id\":\"https:\/\/www.xacobeando.eu\/en\/#organization\",\"name\":\"Xacobeando\",\"url\":\"https:\/\/www.xacobeando.eu\/en\/\",\"sameAs\":[\"https:\/\/www.instagram.com\/xacobeando.xuventude\/\",\"https:\/\/www.facebook.com\/Xacobeando-101211579315381\"],\"logo\":{\"@type\":\"ImageObject\",\"inLanguage\":\"en-US\",\"@id\":\"https:\/\/www.xacobeando.eu\/en\/#\/schema\/logo\/image\/\",\"url\":\"https:\/\/www.xacobeando.eu\/wp-content\/uploads\/2022\/06\/xac-logo-pos.svg\",\"contentUrl\":\"https:\/\/www.xacobeando.eu\/wp-content\/uploads\/2022\/06\/xac-logo-pos.svg\",\"width\":507,\"height\":72,\"caption\":\"Xacobeando\"},\"image\":{\"@id\":\"https:\/\/www.xacobeando.eu\/en\/#\/schema\/logo\/image\/\"}},{\"@type\":\"WebSite\",\"@id\":\"https:\/\/www.xacobeando.eu\/en\/#website\",\"url\":\"https:\/\/www.xacobeando.eu\/en\/\",\"name\":\"Xacobeando\",\"description\":\"Camino de Santiago\",\"publisher\":{\"@id\":\"https:\/\/www.xacobeando.eu\/en\/#organization\"},\"potentialAction\":[{\"@type\":\"SearchAction\",\"target\":{\"@type\":\"EntryPoint\",\"urlTemplate\":\"https:\/\/www.xacobeando.eu\/en\/?s={search_term_string}\"},\"query-input\":\"required name=search_term_string\"}],\"inLanguage\":\"en-US\"},{\"@type\":\"WebPage\",\"@id\":\"https:\/\/www.xacobeando.eu\/en\/a-quick-interview-at-the-via-de-la-plata-trail\/\",\"url\":\"https:\/\/www.xacobeando.eu\/en\/a-quick-interview-at-the-via-de-la-plata-trail\/\",\"name\":\"A quick interview at the Via de la Plata trail | Xacobeando\",\"isPartOf\":{\"@id\":\"https:\/\/www.xacobeando.eu\/en\/#website\"},\"datePublished\":\"2022-08-05T09:09:17+00:00\",\"dateModified\":\"2022-10-26T10:43:07+00:00\",\"description\":\"Xacobeando is a project of volunteer teams in high priority areas within the European Solidarity Corps. Xunta de Galicia project.\",\"breadcrumb\":{\"@id\":\"https:\/\/www.xacobeando.eu\/en\/a-quick-interview-at-the-via-de-la-plata-trail\/#breadcrumb\"},\"inLanguage\":\"en-US\",\"potentialAction\":[{\"@type\":\"ReadAction\",\"target\":[\"https:\/\/www.xacobeando.eu\/en\/a-quick-interview-at-the-via-de-la-plata-trail\/\"]}]},{\"@type\":\"BreadcrumbList\",\"@id\":\"https:\/\/www.xacobeando.eu\/en\/a-quick-interview-at-the-via-de-la-plata-trail\/#breadcrumb\",\"itemListElement\":[{\"@type\":\"ListItem\",\"position\":1,\"name\":\"Home\",\"item\":\"https:\/\/www.xacobeando.eu\/en\/\"},{\"@type\":\"ListItem\",\"position\":2,\"name\":\"A quick interview at the Via de la Plata trail\"}]},{\"@type\":\"Article\",\"@id\":\"https:\/\/www.xacobeando.eu\/en\/a-quick-interview-at-the-via-de-la-plata-trail\/#article\",\"isPartOf\":{\"@id\":\"https:\/\/www.xacobeando.eu\/en\/a-quick-interview-at-the-via-de-la-plata-trail\/\"},\"author\":{\"name\":\"Aiste Agapovaite\",\"@id\":\"https:\/\/www.xacobeando.eu\/en\/#\/schema\/person\/388730e3315c04283e23adb2bb3a5d87\"},\"headline\":\"A quick interview at the Via de la Plata trail\",\"datePublished\":\"2022-08-05T09:09:17+00:00\",\"dateModified\":\"2022-10-26T10:43:07+00:00\",\"mainEntityOfPage\":{\"@id\":\"https:\/\/www.xacobeando.eu\/en\/a-quick-interview-at-the-via-de-la-plata-trail\/\"},\"wordCount\":600,\"publisher\":{\"@id\":\"https:\/\/www.xacobeando.eu\/en\/#organization\"},\"inLanguage\":\"en-US\"},{\"@type\":\"Person\",\"@id\":\"https:\/\/www.xacobeando.eu\/en\/#\/schema\/person\/388730e3315c04283e23adb2bb3a5d87\",\"name\":\"Aiste Agapovaite\",\"image\":{\"@type\":\"ImageObject\",\"inLanguage\":\"en-US\",\"@id\":\"https:\/\/www.xacobeando.eu\/en\/#\/schema\/person\/image\/\",\"url\":\"https:\/\/secure.gravatar.com\/avatar\/a1914bcfe52392119feb0ceb1b45bb677671676f9f2d63828fe399b09ecb1e14?s=96&d=mm&r=g\",\"contentUrl\":\"https:\/\/secure.gravatar.com\/avatar\/a1914bcfe52392119feb0ceb1b45bb677671676f9f2d63828fe399b09ecb1e14?s=96&d=mm&r=g\",\"caption\":\"Aiste Agapovaite\"},\"url\":\"https:\/\/www.xacobeando.eu\/en\/author\/aisteagapovaite\/\"}]}<\/script>\n<!-- \/ Yoast SEO plugin. -->","yoast_head_json":{"title":"A quick interview at the Via de la Plata trail | Xacobeando","description":"Xacobeando is a project of volunteer teams in high priority areas within the European Solidarity Corps. Xunta de Galicia project.","robots":{"index":"index","follow":"follow","max-snippet":"max-snippet:-1","max-image-preview":"max-image-preview:large","max-video-preview":"max-video-preview:-1"},"canonical":"https:\/\/www.xacobeando.eu\/en\/a-quick-interview-at-the-via-de-la-plata-trail\/","og_locale":"en_US","og_type":"article","og_title":"A quick interview at the Via de la Plata trail | Xacobeando","og_description":"Xacobeando is a project of volunteer teams in high priority areas within the European Solidarity Corps. Xunta de Galicia project.","og_url":"https:\/\/www.xacobeando.eu\/en\/a-quick-interview-at-the-via-de-la-plata-trail\/","og_site_name":"Xacobeando","article_publisher":"https:\/\/www.facebook.com\/Xacobeando-101211579315381","article_published_time":"2022-08-05T09:09:17+00:00","article_modified_time":"2022-10-26T10:43:07+00:00","og_image":[{"width":768,"height":1024,"url":"https:\/\/www.xacobeando.eu\/wp-content\/uploads\/2022\/08\/WhatsApp-Image-2022-07-21-at-9.47.31-AM.jpeg","type":"image\/jpeg"}],"author":"Aiste Agapovaite","twitter_card":"summary_large_image","twitter_misc":{"Written by":"Aiste Agapovaite","Est. reading time":"3 minutes"},"schema":{"@context":"https:\/\/schema.org","@graph":[{"@type":"Organization","@id":"https:\/\/www.xacobeando.eu\/en\/#organization","name":"Xacobeando","url":"https:\/\/www.xacobeando.eu\/en\/","sameAs":["https:\/\/www.instagram.com\/xacobeando.xuventude\/","https:\/\/www.facebook.com\/Xacobeando-101211579315381"],"logo":{"@type":"ImageObject","inLanguage":"en-US","@id":"https:\/\/www.xacobeando.eu\/en\/#\/schema\/logo\/image\/","url":"https:\/\/www.xacobeando.eu\/wp-content\/uploads\/2022\/06\/xac-logo-pos.svg","contentUrl":"https:\/\/www.xacobeando.eu\/wp-content\/uploads\/2022\/06\/xac-logo-pos.svg","width":507,"height":72,"caption":"Xacobeando"},"image":{"@id":"https:\/\/www.xacobeando.eu\/en\/#\/schema\/logo\/image\/"}},{"@type":"WebSite","@id":"https:\/\/www.xacobeando.eu\/en\/#website","url":"https:\/\/www.xacobeando.eu\/en\/","name":"Xacobeando","description":"Camino de Santiago","publisher":{"@id":"https:\/\/www.xacobeando.eu\/en\/#organization"},"potentialAction":[{"@type":"SearchAction","target":{"@type":"EntryPoint","urlTemplate":"https:\/\/www.xacobeando.eu\/en\/?s={search_term_string}"},"query-input":"required name=search_term_string"}],"inLanguage":"en-US"},{"@type":"WebPage","@id":"https:\/\/www.xacobeando.eu\/en\/a-quick-interview-at-the-via-de-la-plata-trail\/","url":"https:\/\/www.xacobeando.eu\/en\/a-quick-interview-at-the-via-de-la-plata-trail\/","name":"A quick interview at the Via de la Plata trail | Xacobeando","isPartOf":{"@id":"https:\/\/www.xacobeando.eu\/en\/#website"},"datePublished":"2022-08-05T09:09:17+00:00","dateModified":"2022-10-26T10:43:07+00:00","description":"Xacobeando is a project of volunteer teams in high priority areas within the European Solidarity Corps. Xunta de Galicia project.","breadcrumb":{"@id":"https:\/\/www.xacobeando.eu\/en\/a-quick-interview-at-the-via-de-la-plata-trail\/#breadcrumb"},"inLanguage":"en-US","potentialAction":[{"@type":"ReadAction","target":["https:\/\/www.xacobeando.eu\/en\/a-quick-interview-at-the-via-de-la-plata-trail\/"]}]},{"@type":"BreadcrumbList","@id":"https:\/\/www.xacobeando.eu\/en\/a-quick-interview-at-the-via-de-la-plata-trail\/#breadcrumb","itemListElement":[{"@type":"ListItem","position":1,"name":"Home","item":"https:\/\/www.xacobeando.eu\/en\/"},{"@type":"ListItem","position":2,"name":"A quick interview at the Via de la Plata trail"}]},{"@type":"Article","@id":"https:\/\/www.xacobeando.eu\/en\/a-quick-interview-at-the-via-de-la-plata-trail\/#article","isPartOf":{"@id":"https:\/\/www.xacobeando.eu\/en\/a-quick-interview-at-the-via-de-la-plata-trail\/"},"author":{"name":"Aiste Agapovaite","@id":"https:\/\/www.xacobeando.eu\/en\/#\/schema\/person\/388730e3315c04283e23adb2bb3a5d87"},"headline":"A quick interview at the Via de la Plata trail","datePublished":"2022-08-05T09:09:17+00:00","dateModified":"2022-10-26T10:43:07+00:00","mainEntityOfPage":{"@id":"https:\/\/www.xacobeando.eu\/en\/a-quick-interview-at-the-via-de-la-plata-trail\/"},"wordCount":600,"publisher":{"@id":"https:\/\/www.xacobeando.eu\/en\/#organization"},"inLanguage":"en-US"},{"@type":"Person","@id":"https:\/\/www.xacobeando.eu\/en\/#\/schema\/person\/388730e3315c04283e23adb2bb3a5d87","name":"Aiste Agapovaite","image":{"@type":"ImageObject","inLanguage":"en-US","@id":"https:\/\/www.xacobeando.eu\/en\/#\/schema\/person\/image\/","url":"https:\/\/secure.gravatar.com\/avatar\/a1914bcfe52392119feb0ceb1b45bb677671676f9f2d63828fe399b09ecb1e14?s=96&d=mm&r=g","contentUrl":"https:\/\/secure.gravatar.com\/avatar\/a1914bcfe52392119feb0ceb1b45bb677671676f9f2d63828fe399b09ecb1e14?s=96&d=mm&r=g","caption":"Aiste Agapovaite"},"url":"https:\/\/www.xacobeando.eu\/en\/author\/aisteagapovaite\/"}]}},"_links":{"self":[{"href":"https:\/\/www.xacobeando.eu\/en\/wp-json\/wp\/v2\/posts\/1266","targetHints":{"allow":["GET"]}}],"collection":[{"href":"https:\/\/www.xacobeando.eu\/en\/wp-json\/wp\/v2\/posts"}],"about":[{"href":"https:\/\/www.xacobeando.eu\/en\/wp-json\/wp\/v2\/types\/post"}],"author":[{"embeddable":true,"href":"https:\/\/www.xacobeando.eu\/en\/wp-json\/wp\/v2\/users\/50"}],"replies":[{"embeddable":true,"href":"https:\/\/www.xacobeando.eu\/en\/wp-json\/wp\/v2\/comments?post=1266"}],"version-history":[{"count":16,"href":"https:\/\/www.xacobeando.eu\/en\/wp-json\/wp\/v2\/posts\/1266\/revisions"}],"predecessor-version":[{"id":4171,"href":"https:\/\/www.xacobeando.eu\/en\/wp-json\/wp\/v2\/posts\/1266\/revisions\/4171"}],"wp:featuredmedia":[{"embeddable":true,"href":"https:\/\/www.xacobeando.eu\/en\/wp-json\/wp\/v2\/media\/1281"}],"wp:attachment":[{"href":"https:\/\/www.xacobeando.eu\/en\/wp-json\/wp\/v2\/media?parent=1266"}],"wp:term":[{"taxonomy":"category","embeddable":true,"href":"https:\/\/www.xacobeando.eu\/en\/wp-json\/wp\/v2\/categories?post=1266"},{"taxonomy":"post_tag","embeddable":true,"href":"https:\/\/www.xacobeando.eu\/en\/wp-json\/wp\/v2\/tags?post=1266"}],"curies":[{"name":"wp","href":"https:\/\/api.w.org\/{rel}","templated":true}]}}