{"id":580,"date":"2022-07-15T10:12:27","date_gmt":"2022-07-15T08:12:27","guid":{"rendered":"https:\/\/www.xacobeando.eu\/la-primera-semana-en-lalin\/"},"modified":"2022-10-20T13:13:01","modified_gmt":"2022-10-20T11:13:01","slug":"la-primera-semana-en-lalin","status":"publish","type":"post","link":"https:\/\/www.xacobeando.eu\/en\/la-primera-semana-en-lalin\/","title":{"rendered":"La primera semana en Lalin"},"content":{"rendered":"<p>?? Our first week that we spent in Lalin could be described by our word of the week &#8211;\u00a0 palabra de la emana &#8211; que calor! It means &#8220;so hot&#8221;! Of course in the terms of weather. For some of us it was harder to get used to the temperature, because we come from various climate zones and even for the region Galicia, where we stay, it is not quite common.<\/p>\n<p>We survived the heat and managed to do our sustainable caminos in the Silver Route and were proud of our results. During Monday and Thursday, we were working in the Route and finished the cleaning around the bar. The other two days we spent in the Youth Centre and worked on digitalization and planning of activities, as well some of us needed to learn how to edit videos and try to collaborate together.<\/p>\n<p>Apart from visiting the local governemnt and discussing some ideas with them, the thing I am really looking forward for are the Spanish lessons that will be given to us by our friends who speak the language. Yo deseo aprender espa\u00f1ol!<\/p>\n<p>The last day of the week was quite surprising, because we woke up on the sounds of huge whirlwind that came in the morning and did not let us sleep. It was beautiful surprise from the nature and finally, the heat waves are on the retreat! We enjoyed our first week in Lalin and now I am up for an adventures in different cities during weekend.<\/p>\n<p>?? Nuestra primera semana que pasamos en Lal\u00edn podr\u00eda describirse con nuestra palabra de la semana \u2013 palabra de la emana \u2013 \u00a1que calor! \u00a1Significa \u201ctan caliente\u201d! Por supuesto en los t\u00e9rminos del clima. Para algunos de nosotros fue m\u00e1s dif\u00edcil acostumbrarnos a la temperatura, porque venimos de varias zonas clim\u00e1ticas e incluso para la regi\u00f3n de Galicia, donde nos hospedamos, no es muy com\u00fan.<\/p>\n<p>Sobrevivimos al calor y logramos hacer nuestros caminos sostenibles en la Ruta de la Plata y est\u00e1bamos orgullosas de nuestros resultados. Durante el lunes y jueves estuvimos trabajando en la Ruta y terminamos la limpieza alrededor del bar. Los otros dos d\u00edas los pasamos en el Centro Juvenil y trabajamos en la digitalizaci\u00f3n y planificaci\u00f3n de actividades, tambi\u00e9n algunos de nosotros necesit\u00e1bamos aprender a editar videos e intentamos colaborar juntos.<\/p>\n<p>Adem\u00e1s de visitar el gobierno local y discutir algunas ideas con ellos, lo que realmente espero con ansias son las lecciones de espa\u00f1ol que nos dar\u00e1n nuestros compa\u00f1eros que hablan el idioma. Yo deseo aprender espa\u00f1ol!<\/p>\n<p>El \u00faltimo d\u00eda de la semana fue bastante sorprendente, porque nos despertamos con los sonidos de un gran torbellino que lleg\u00f3 por la ma\u00f1ana y no nos dej\u00f3 dormir. Fue una hermosa sorpresa de la naturaleza y, finalmente, \u00a1las olas de calor est\u00e1n en retirada! Disfrutamos nuestra primera semana en Lal\u00edn y ahora estoy lista para aventuras en diferentes ciudades durante el fin de semana.<\/p>\n","protected":false},"excerpt":{"rendered":"<p>?? Our first week that we spent in Lalin could be described by our word of the week &#8211;\u00a0 palabra de&#8230;<\/p>\n","protected":false},"author":15,"featured_media":577,"comment_status":"closed","ping_status":"closed","sticky":false,"template":"","format":"standard","meta":{"footnotes":""},"categories":[1],"tags":[],"class_list":["post-580","post","type-post","status-publish","format-standard","has-post-thumbnail","hentry","category-uncategorized","paths-silver-way","digital_path-volunteer"],"acf":[],"yoast_head":"<!-- This site is optimized with the Yoast SEO plugin v19.4 - https:\/\/yoast.com\/wordpress\/plugins\/seo\/ -->\n<title>La primera semana en Lalin | Xacobeando<\/title>\n<meta name=\"description\" content=\"Xacobeando is a project of volunteer teams in high priority areas within the European Solidarity Corps. Xunta de Galicia project.\" \/>\n<meta name=\"robots\" content=\"index, follow, max-snippet:-1, max-image-preview:large, max-video-preview:-1\" \/>\n<link rel=\"canonical\" href=\"https:\/\/www.xacobeando.eu\/en\/la-primera-semana-en-lalin\/\" \/>\n<meta property=\"og:locale\" content=\"en_US\" \/>\n<meta property=\"og:type\" content=\"article\" \/>\n<meta property=\"og:title\" content=\"La primera semana en Lalin | Xacobeando\" \/>\n<meta property=\"og:description\" content=\"Xacobeando is a project of volunteer teams in high priority areas within the European Solidarity Corps. Xunta de Galicia project.\" \/>\n<meta property=\"og:url\" content=\"https:\/\/www.xacobeando.eu\/en\/la-primera-semana-en-lalin\/\" \/>\n<meta property=\"og:site_name\" content=\"Xacobeando\" \/>\n<meta property=\"article:publisher\" content=\"https:\/\/www.facebook.com\/Xacobeando-101211579315381\" \/>\n<meta property=\"article:published_time\" content=\"2022-07-15T08:12:27+00:00\" \/>\n<meta property=\"article:modified_time\" content=\"2022-10-20T11:13:01+00:00\" \/>\n<meta property=\"og:image\" content=\"https:\/\/www.xacobeando.eu\/wp-content\/uploads\/2022\/07\/IMG_7259.jpg\" \/>\n\t<meta property=\"og:image:width\" content=\"836\" \/>\n\t<meta property=\"og:image:height\" content=\"627\" \/>\n\t<meta property=\"og:image:type\" content=\"image\/jpeg\" \/>\n<meta name=\"author\" content=\"Jana Brestovicova\" \/>\n<meta name=\"twitter:card\" content=\"summary_large_image\" \/>\n<meta name=\"twitter:label1\" content=\"Written by\" \/>\n\t<meta name=\"twitter:data1\" content=\"Jana Brestovicova\" \/>\n\t<meta name=\"twitter:label2\" content=\"Est. reading time\" \/>\n\t<meta name=\"twitter:data2\" content=\"3 minutes\" \/>\n<script type=\"application\/ld+json\" class=\"yoast-schema-graph\">{\"@context\":\"https:\/\/schema.org\",\"@graph\":[{\"@type\":\"Organization\",\"@id\":\"https:\/\/www.xacobeando.eu\/en\/#organization\",\"name\":\"Xacobeando\",\"url\":\"https:\/\/www.xacobeando.eu\/en\/\",\"sameAs\":[\"https:\/\/www.instagram.com\/xacobeando.xuventude\/\",\"https:\/\/www.facebook.com\/Xacobeando-101211579315381\"],\"logo\":{\"@type\":\"ImageObject\",\"inLanguage\":\"en-US\",\"@id\":\"https:\/\/www.xacobeando.eu\/en\/#\/schema\/logo\/image\/\",\"url\":\"https:\/\/www.xacobeando.eu\/wp-content\/uploads\/2022\/06\/xac-logo-pos.svg\",\"contentUrl\":\"https:\/\/www.xacobeando.eu\/wp-content\/uploads\/2022\/06\/xac-logo-pos.svg\",\"width\":507,\"height\":72,\"caption\":\"Xacobeando\"},\"image\":{\"@id\":\"https:\/\/www.xacobeando.eu\/en\/#\/schema\/logo\/image\/\"}},{\"@type\":\"WebSite\",\"@id\":\"https:\/\/www.xacobeando.eu\/en\/#website\",\"url\":\"https:\/\/www.xacobeando.eu\/en\/\",\"name\":\"Xacobeando\",\"description\":\"Camino de Santiago\",\"publisher\":{\"@id\":\"https:\/\/www.xacobeando.eu\/en\/#organization\"},\"potentialAction\":[{\"@type\":\"SearchAction\",\"target\":{\"@type\":\"EntryPoint\",\"urlTemplate\":\"https:\/\/www.xacobeando.eu\/en\/?s={search_term_string}\"},\"query-input\":\"required name=search_term_string\"}],\"inLanguage\":\"en-US\"},{\"@type\":\"WebPage\",\"@id\":\"https:\/\/www.xacobeando.eu\/en\/la-primera-semana-en-lalin\/\",\"url\":\"https:\/\/www.xacobeando.eu\/en\/la-primera-semana-en-lalin\/\",\"name\":\"La primera semana en Lalin | Xacobeando\",\"isPartOf\":{\"@id\":\"https:\/\/www.xacobeando.eu\/en\/#website\"},\"datePublished\":\"2022-07-15T08:12:27+00:00\",\"dateModified\":\"2022-10-20T11:13:01+00:00\",\"description\":\"Xacobeando is a project of volunteer teams in high priority areas within the European Solidarity Corps. Xunta de Galicia project.\",\"breadcrumb\":{\"@id\":\"https:\/\/www.xacobeando.eu\/en\/la-primera-semana-en-lalin\/#breadcrumb\"},\"inLanguage\":\"en-US\",\"potentialAction\":[{\"@type\":\"ReadAction\",\"target\":[\"https:\/\/www.xacobeando.eu\/en\/la-primera-semana-en-lalin\/\"]}]},{\"@type\":\"BreadcrumbList\",\"@id\":\"https:\/\/www.xacobeando.eu\/en\/la-primera-semana-en-lalin\/#breadcrumb\",\"itemListElement\":[{\"@type\":\"ListItem\",\"position\":1,\"name\":\"Home\",\"item\":\"https:\/\/www.xacobeando.eu\/en\/\"},{\"@type\":\"ListItem\",\"position\":2,\"name\":\"La primera semana en Lalin\"}]},{\"@type\":\"Article\",\"@id\":\"https:\/\/www.xacobeando.eu\/en\/la-primera-semana-en-lalin\/#article\",\"isPartOf\":{\"@id\":\"https:\/\/www.xacobeando.eu\/en\/la-primera-semana-en-lalin\/\"},\"author\":{\"name\":\"Jana Brestovicova\",\"@id\":\"https:\/\/www.xacobeando.eu\/en\/#\/schema\/person\/a1a84c1d4cf8e87d4063a68d65646022\"},\"headline\":\"La primera semana en Lalin\",\"datePublished\":\"2022-07-15T08:12:27+00:00\",\"dateModified\":\"2022-10-20T11:13:01+00:00\",\"mainEntityOfPage\":{\"@id\":\"https:\/\/www.xacobeando.eu\/en\/la-primera-semana-en-lalin\/\"},\"wordCount\":512,\"publisher\":{\"@id\":\"https:\/\/www.xacobeando.eu\/en\/#organization\"},\"inLanguage\":\"en-US\"},{\"@type\":\"Person\",\"@id\":\"https:\/\/www.xacobeando.eu\/en\/#\/schema\/person\/a1a84c1d4cf8e87d4063a68d65646022\",\"name\":\"Jana Brestovicova\",\"image\":{\"@type\":\"ImageObject\",\"inLanguage\":\"en-US\",\"@id\":\"https:\/\/www.xacobeando.eu\/en\/#\/schema\/person\/image\/\",\"url\":\"https:\/\/secure.gravatar.com\/avatar\/38f863afb511a12e86743c8132ef95e54a5e29dbdeafe994e506d9c32dc0927c?s=96&d=mm&r=g\",\"contentUrl\":\"https:\/\/secure.gravatar.com\/avatar\/38f863afb511a12e86743c8132ef95e54a5e29dbdeafe994e506d9c32dc0927c?s=96&d=mm&r=g\",\"caption\":\"Jana Brestovicova\"},\"url\":\"https:\/\/www.xacobeando.eu\/en\/author\/janabrestovicova\/\"}]}<\/script>\n<!-- \/ Yoast SEO plugin. -->","yoast_head_json":{"title":"La primera semana en Lalin | Xacobeando","description":"Xacobeando is a project of volunteer teams in high priority areas within the European Solidarity Corps. Xunta de Galicia project.","robots":{"index":"index","follow":"follow","max-snippet":"max-snippet:-1","max-image-preview":"max-image-preview:large","max-video-preview":"max-video-preview:-1"},"canonical":"https:\/\/www.xacobeando.eu\/en\/la-primera-semana-en-lalin\/","og_locale":"en_US","og_type":"article","og_title":"La primera semana en Lalin | Xacobeando","og_description":"Xacobeando is a project of volunteer teams in high priority areas within the European Solidarity Corps. Xunta de Galicia project.","og_url":"https:\/\/www.xacobeando.eu\/en\/la-primera-semana-en-lalin\/","og_site_name":"Xacobeando","article_publisher":"https:\/\/www.facebook.com\/Xacobeando-101211579315381","article_published_time":"2022-07-15T08:12:27+00:00","article_modified_time":"2022-10-20T11:13:01+00:00","og_image":[{"width":836,"height":627,"url":"https:\/\/www.xacobeando.eu\/wp-content\/uploads\/2022\/07\/IMG_7259.jpg","type":"image\/jpeg"}],"author":"Jana Brestovicova","twitter_card":"summary_large_image","twitter_misc":{"Written by":"Jana Brestovicova","Est. reading time":"3 minutes"},"schema":{"@context":"https:\/\/schema.org","@graph":[{"@type":"Organization","@id":"https:\/\/www.xacobeando.eu\/en\/#organization","name":"Xacobeando","url":"https:\/\/www.xacobeando.eu\/en\/","sameAs":["https:\/\/www.instagram.com\/xacobeando.xuventude\/","https:\/\/www.facebook.com\/Xacobeando-101211579315381"],"logo":{"@type":"ImageObject","inLanguage":"en-US","@id":"https:\/\/www.xacobeando.eu\/en\/#\/schema\/logo\/image\/","url":"https:\/\/www.xacobeando.eu\/wp-content\/uploads\/2022\/06\/xac-logo-pos.svg","contentUrl":"https:\/\/www.xacobeando.eu\/wp-content\/uploads\/2022\/06\/xac-logo-pos.svg","width":507,"height":72,"caption":"Xacobeando"},"image":{"@id":"https:\/\/www.xacobeando.eu\/en\/#\/schema\/logo\/image\/"}},{"@type":"WebSite","@id":"https:\/\/www.xacobeando.eu\/en\/#website","url":"https:\/\/www.xacobeando.eu\/en\/","name":"Xacobeando","description":"Camino de Santiago","publisher":{"@id":"https:\/\/www.xacobeando.eu\/en\/#organization"},"potentialAction":[{"@type":"SearchAction","target":{"@type":"EntryPoint","urlTemplate":"https:\/\/www.xacobeando.eu\/en\/?s={search_term_string}"},"query-input":"required name=search_term_string"}],"inLanguage":"en-US"},{"@type":"WebPage","@id":"https:\/\/www.xacobeando.eu\/en\/la-primera-semana-en-lalin\/","url":"https:\/\/www.xacobeando.eu\/en\/la-primera-semana-en-lalin\/","name":"La primera semana en Lalin | Xacobeando","isPartOf":{"@id":"https:\/\/www.xacobeando.eu\/en\/#website"},"datePublished":"2022-07-15T08:12:27+00:00","dateModified":"2022-10-20T11:13:01+00:00","description":"Xacobeando is a project of volunteer teams in high priority areas within the European Solidarity Corps. Xunta de Galicia project.","breadcrumb":{"@id":"https:\/\/www.xacobeando.eu\/en\/la-primera-semana-en-lalin\/#breadcrumb"},"inLanguage":"en-US","potentialAction":[{"@type":"ReadAction","target":["https:\/\/www.xacobeando.eu\/en\/la-primera-semana-en-lalin\/"]}]},{"@type":"BreadcrumbList","@id":"https:\/\/www.xacobeando.eu\/en\/la-primera-semana-en-lalin\/#breadcrumb","itemListElement":[{"@type":"ListItem","position":1,"name":"Home","item":"https:\/\/www.xacobeando.eu\/en\/"},{"@type":"ListItem","position":2,"name":"La primera semana en Lalin"}]},{"@type":"Article","@id":"https:\/\/www.xacobeando.eu\/en\/la-primera-semana-en-lalin\/#article","isPartOf":{"@id":"https:\/\/www.xacobeando.eu\/en\/la-primera-semana-en-lalin\/"},"author":{"name":"Jana Brestovicova","@id":"https:\/\/www.xacobeando.eu\/en\/#\/schema\/person\/a1a84c1d4cf8e87d4063a68d65646022"},"headline":"La primera semana en Lalin","datePublished":"2022-07-15T08:12:27+00:00","dateModified":"2022-10-20T11:13:01+00:00","mainEntityOfPage":{"@id":"https:\/\/www.xacobeando.eu\/en\/la-primera-semana-en-lalin\/"},"wordCount":512,"publisher":{"@id":"https:\/\/www.xacobeando.eu\/en\/#organization"},"inLanguage":"en-US"},{"@type":"Person","@id":"https:\/\/www.xacobeando.eu\/en\/#\/schema\/person\/a1a84c1d4cf8e87d4063a68d65646022","name":"Jana Brestovicova","image":{"@type":"ImageObject","inLanguage":"en-US","@id":"https:\/\/www.xacobeando.eu\/en\/#\/schema\/person\/image\/","url":"https:\/\/secure.gravatar.com\/avatar\/38f863afb511a12e86743c8132ef95e54a5e29dbdeafe994e506d9c32dc0927c?s=96&d=mm&r=g","contentUrl":"https:\/\/secure.gravatar.com\/avatar\/38f863afb511a12e86743c8132ef95e54a5e29dbdeafe994e506d9c32dc0927c?s=96&d=mm&r=g","caption":"Jana Brestovicova"},"url":"https:\/\/www.xacobeando.eu\/en\/author\/janabrestovicova\/"}]}},"_links":{"self":[{"href":"https:\/\/www.xacobeando.eu\/en\/wp-json\/wp\/v2\/posts\/580","targetHints":{"allow":["GET"]}}],"collection":[{"href":"https:\/\/www.xacobeando.eu\/en\/wp-json\/wp\/v2\/posts"}],"about":[{"href":"https:\/\/www.xacobeando.eu\/en\/wp-json\/wp\/v2\/types\/post"}],"author":[{"embeddable":true,"href":"https:\/\/www.xacobeando.eu\/en\/wp-json\/wp\/v2\/users\/15"}],"replies":[{"embeddable":true,"href":"https:\/\/www.xacobeando.eu\/en\/wp-json\/wp\/v2\/comments?post=580"}],"version-history":[{"count":3,"href":"https:\/\/www.xacobeando.eu\/en\/wp-json\/wp\/v2\/posts\/580\/revisions"}],"predecessor-version":[{"id":3958,"href":"https:\/\/www.xacobeando.eu\/en\/wp-json\/wp\/v2\/posts\/580\/revisions\/3958"}],"wp:featuredmedia":[{"embeddable":true,"href":"https:\/\/www.xacobeando.eu\/en\/wp-json\/wp\/v2\/media\/577"}],"wp:attachment":[{"href":"https:\/\/www.xacobeando.eu\/en\/wp-json\/wp\/v2\/media?parent=580"}],"wp:term":[{"taxonomy":"category","embeddable":true,"href":"https:\/\/www.xacobeando.eu\/en\/wp-json\/wp\/v2\/categories?post=580"},{"taxonomy":"post_tag","embeddable":true,"href":"https:\/\/www.xacobeando.eu\/en\/wp-json\/wp\/v2\/tags?post=580"}],"curies":[{"name":"wp","href":"https:\/\/api.w.org\/{rel}","templated":true}]}}