{"id":1429,"date":"2022-08-10T11:24:15","date_gmt":"2022-08-10T09:24:15","guid":{"rendered":"https:\/\/www.xacobeando.eu\/first-days-in-spain-primeros-dias-en-espana\/"},"modified":"2022-08-19T12:39:55","modified_gmt":"2022-08-19T10:39:55","slug":"first-days-in-spain-primeros-dias-en-espana","status":"publish","type":"post","link":"https:\/\/www.xacobeando.eu\/es\/first-days-in-spain-primeros-dias-en-espana\/","title":{"rendered":"First days in Spain\/ Primeros dias en Espa\u00f1a"},"content":{"rendered":"<p>??<\/p>\n<p><strong><span style=\"vertical-align: inherit\"><span style=\"vertical-align: inherit\">About the beginning of the project<\/span><\/span><\/strong><\/p>\n<p><span style=\"vertical-align: inherit\"><span style=\"vertical-align: inherit\">This is the first project for me and also the first time living abroad. <\/span><span style=\"vertical-align: inherit\">I chose this project because I wanted to experience something new and exciting, gain experiences and meet people from different backgrounds. <\/span><span style=\"vertical-align: inherit\">I thought that meeting pilgrims from all over the world would be amazing, because I can hear different stories from different perspectives. <\/span><\/span><br \/>\n<span style=\"vertical-align: inherit\"><span style=\"vertical-align: inherit\">Arriving to Spain was a whole new experience because the temperature here is so high compared to the temperature in Estonia. <\/span><span style=\"vertical-align: inherit\">When I left my country it was 13\u00b0C, rainy and windy. <\/span><span style=\"vertical-align: inherit\">When I arrived in Spain it was about 27\u00b0C outside and sunny.<\/span><\/span><br \/>\n<span style=\"vertical-align: inherit\"><span style=\"vertical-align: inherit\">The first week here was busy. <\/span><span style=\"vertical-align: inherit\">We were staying at the Don Bosco Youth Center in Santiago de Compostela (for training) where we had bunk beds and not much room. <\/span><span style=\"vertical-align: inherit\">It was a challenge for me to stay in a thight place like this. <\/span><span style=\"vertical-align: inherit\">We had training days on the beginning of the week and some days off at the end of the week. <\/span><\/span><br \/>\n<span style=\"vertical-align: inherit\"><span style=\"vertical-align: inherit\">On the last day of training, everyone moved to their locations. <\/span><span style=\"vertical-align: inherit\">I moved to Ferrol and got to explore this interesting city. <\/span><span style=\"vertical-align: inherit\">There are a lot of restaurants and small shops in Ferrol. <\/span><span style=\"vertical-align: inherit\">I could only explore the city a little bit at the beginning of the project, because I was so tired from my trip to Spain and from the on-arrival-training.<\/span><\/span><br \/>\n<span style=\"vertical-align: inherit\"><span style=\"vertical-align: inherit\">During the project, I would like to learn basic Spanish phrases, improve my English and communication skills, gain new experiences and meet interesting people from different countries.<\/span><\/span><\/p>\n<p>&nbsp;<\/p>\n<p>??<br \/>\n<strong>Sobre el inicio del proyecto<\/strong><\/p>\n<p>Este es el primer proyecto para m\u00ed y tambi\u00e9n la primera vez que vivo en el extranjero. Eleg\u00ed este proyecto porque quer\u00eda experimentar algo nuevo y emocionante, adquirir experiencias y conocer gente de diferentes or\u00edgenes. Pens\u00e9 que conocer peregrinos de todo el mundo ser\u00eda incre\u00edble, porque puedo escuchar diferentes historias desde diferentes perspectivas. Llegar a Espa\u00f1a fue una experiencia completamente nueva porque la temperatura aqu\u00ed es muy alta en comparaci\u00f3n con la temperatura en Estonia. Cuando sal\u00ed de mi pa\u00eds hac\u00eda 13\u00b0C, lluvioso y ventoso. Cuando llegu\u00e9 a Espa\u00f1a hac\u00eda unos 27\u00b0C afuera y estaba soleado.<br \/>\nLa primera semana aqu\u00ed estuvo ocupada. Est\u00e1bamos alojados en el Centro Juvenil Don Bosco de Santiago de Compostela (para la formaci\u00f3n) donde ten\u00edamos literas y poco espacio. Fue un desaf\u00edo para m\u00ed permanecer en un lugar tan estrecho como este. Tuvimos d\u00edas de entrenamiento al principio de la semana y algunos d\u00edas de descanso al final de la semana. En el \u00faltimo d\u00eda de entrenamiento, todos se trasladaron a sus ubicaciones. Me mud\u00e9 a Ferrol y pude explorar esta interesante ciudad. Hay muchos restaurantes y peque\u00f1as tiendas en Ferrol. Solo pude explorar la ciudad un poco al comienzo del proyecto, porque estaba muy cansada por mi viaje a Espa\u00f1a y por el entrenamiento de llegada. Durante el proyecto, me gustar\u00eda aprender frases b\u00e1sicas en espa\u00f1ol, mejorar mi ingl\u00e9s y mis habilidades de comunicaci\u00f3n, adquirir nuevas experiencias y conocer gente interesante de diferentes pa\u00edses.<br \/>\n<!--\/data\/user\/0\/com.samsung.android.app.notes\/files\/clipdata\/clipdata_bodytext_220810_112158_254.sdocx--><\/p>\n","protected":false},"excerpt":{"rendered":"<p>?? About the beginning of the project This is the first project for me and also the first time living abroad&#8230;.<\/p>\n","protected":false},"author":58,"featured_media":1427,"comment_status":"closed","ping_status":"closed","sticky":false,"template":"","format":"standard","meta":{"footnotes":""},"categories":[1],"tags":[],"class_list":["post-1429","post","type-post","status-publish","format-standard","has-post-thumbnail","hentry","category-uncategorized","paths-english-way","digital_path-volunteer"],"acf":[],"yoast_head":"<!-- This site is optimized with the Yoast SEO plugin v19.4 - https:\/\/yoast.com\/wordpress\/plugins\/seo\/ -->\n<title>First days in Spain\/ Primeros dias en Espa\u00f1a | Xacobeando<\/title>\n<meta name=\"description\" content=\"Xacobeando is a project of volunteer teams in high priority areas within the European Solidarity Corps. Xunta de Galicia project.\" \/>\n<meta name=\"robots\" content=\"index, follow, max-snippet:-1, max-image-preview:large, max-video-preview:-1\" \/>\n<link rel=\"canonical\" href=\"https:\/\/www.xacobeando.eu\/en\/first-days-in-spain-primeros-dias-en-espana\/\" \/>\n<meta property=\"og:locale\" content=\"es_ES\" \/>\n<meta property=\"og:type\" content=\"article\" \/>\n<meta property=\"og:title\" content=\"First days in Spain\/ Primeros dias en Espa\u00f1a | Xacobeando\" \/>\n<meta property=\"og:description\" content=\"Xacobeando is a project of volunteer teams in high priority areas within the European Solidarity Corps. Xunta de Galicia project.\" \/>\n<meta property=\"og:url\" content=\"https:\/\/www.xacobeando.eu\/en\/first-days-in-spain-primeros-dias-en-espana\/\" \/>\n<meta property=\"og:site_name\" content=\"Xacobeando\" \/>\n<meta property=\"article:publisher\" content=\"https:\/\/www.facebook.com\/Xacobeando-101211579315381\" \/>\n<meta property=\"article:published_time\" content=\"2022-08-10T09:24:15+00:00\" \/>\n<meta property=\"article:modified_time\" content=\"2022-08-19T10:39:55+00:00\" \/>\n<meta property=\"og:image\" content=\"https:\/\/www.xacobeando.eu\/wp-content\/uploads\/2022\/08\/Picsart_22-08-09_15-48-37-935-1-scaled.jpg\" \/>\n\t<meta property=\"og:image:width\" content=\"2560\" \/>\n\t<meta property=\"og:image:height\" content=\"1920\" \/>\n\t<meta property=\"og:image:type\" content=\"image\/jpeg\" \/>\n<meta name=\"author\" content=\"Airi Sepp\" \/>\n<meta name=\"twitter:card\" content=\"summary_large_image\" \/>\n<meta name=\"twitter:label1\" content=\"Escrito por\" \/>\n\t<meta name=\"twitter:data1\" content=\"Airi Sepp\" \/>\n\t<meta name=\"twitter:label2\" content=\"Tiempo de lectura\" \/>\n\t<meta name=\"twitter:data2\" content=\"3 minutos\" \/>\n<script type=\"application\/ld+json\" class=\"yoast-schema-graph\">{\"@context\":\"https:\/\/schema.org\",\"@graph\":[{\"@type\":\"Organization\",\"@id\":\"https:\/\/www.xacobeando.eu\/en\/#organization\",\"name\":\"Xacobeando\",\"url\":\"https:\/\/www.xacobeando.eu\/en\/\",\"sameAs\":[\"https:\/\/www.instagram.com\/xacobeando.xuventude\/\",\"https:\/\/www.facebook.com\/Xacobeando-101211579315381\"],\"logo\":{\"@type\":\"ImageObject\",\"inLanguage\":\"es\",\"@id\":\"https:\/\/www.xacobeando.eu\/en\/#\/schema\/logo\/image\/\",\"url\":\"https:\/\/www.xacobeando.eu\/wp-content\/uploads\/2022\/06\/xac-logo-pos.svg\",\"contentUrl\":\"https:\/\/www.xacobeando.eu\/wp-content\/uploads\/2022\/06\/xac-logo-pos.svg\",\"width\":507,\"height\":72,\"caption\":\"Xacobeando\"},\"image\":{\"@id\":\"https:\/\/www.xacobeando.eu\/en\/#\/schema\/logo\/image\/\"}},{\"@type\":\"WebSite\",\"@id\":\"https:\/\/www.xacobeando.eu\/en\/#website\",\"url\":\"https:\/\/www.xacobeando.eu\/en\/\",\"name\":\"Xacobeando\",\"description\":\"Camino de Santiago\",\"publisher\":{\"@id\":\"https:\/\/www.xacobeando.eu\/en\/#organization\"},\"potentialAction\":[{\"@type\":\"SearchAction\",\"target\":{\"@type\":\"EntryPoint\",\"urlTemplate\":\"https:\/\/www.xacobeando.eu\/en\/?s={search_term_string}\"},\"query-input\":\"required name=search_term_string\"}],\"inLanguage\":\"es\"},{\"@type\":\"WebPage\",\"@id\":\"https:\/\/www.xacobeando.eu\/en\/first-days-in-spain-primeros-dias-en-espana\/\",\"url\":\"https:\/\/www.xacobeando.eu\/en\/first-days-in-spain-primeros-dias-en-espana\/\",\"name\":\"First days in Spain\/ Primeros dias en Espa\u00f1a | Xacobeando\",\"isPartOf\":{\"@id\":\"https:\/\/www.xacobeando.eu\/en\/#website\"},\"datePublished\":\"2022-08-10T09:24:15+00:00\",\"dateModified\":\"2022-08-19T10:39:55+00:00\",\"description\":\"Xacobeando is a project of volunteer teams in high priority areas within the European Solidarity Corps. Xunta de Galicia project.\",\"breadcrumb\":{\"@id\":\"https:\/\/www.xacobeando.eu\/en\/first-days-in-spain-primeros-dias-en-espana\/#breadcrumb\"},\"inLanguage\":\"es\",\"potentialAction\":[{\"@type\":\"ReadAction\",\"target\":[\"https:\/\/www.xacobeando.eu\/en\/first-days-in-spain-primeros-dias-en-espana\/\"]}]},{\"@type\":\"BreadcrumbList\",\"@id\":\"https:\/\/www.xacobeando.eu\/en\/first-days-in-spain-primeros-dias-en-espana\/#breadcrumb\",\"itemListElement\":[{\"@type\":\"ListItem\",\"position\":1,\"name\":\"Home\",\"item\":\"https:\/\/www.xacobeando.eu\/en\/\"},{\"@type\":\"ListItem\",\"position\":2,\"name\":\"First days in Spain\/ Primeros dias en Espa\u00f1a\"}]},{\"@type\":\"Article\",\"@id\":\"https:\/\/www.xacobeando.eu\/en\/first-days-in-spain-primeros-dias-en-espana\/#article\",\"isPartOf\":{\"@id\":\"https:\/\/www.xacobeando.eu\/en\/first-days-in-spain-primeros-dias-en-espana\/\"},\"author\":{\"name\":\"Airi Sepp\",\"@id\":\"https:\/\/www.xacobeando.eu\/en\/#\/schema\/person\/3faf6fff2061d8803eecb1aa9fb73f73\"},\"headline\":\"First days in Spain\/ Primeros dias en Espa\u00f1a\",\"datePublished\":\"2022-08-10T09:24:15+00:00\",\"dateModified\":\"2022-08-19T10:39:55+00:00\",\"mainEntityOfPage\":{\"@id\":\"https:\/\/www.xacobeando.eu\/en\/first-days-in-spain-primeros-dias-en-espana\/\"},\"wordCount\":540,\"publisher\":{\"@id\":\"https:\/\/www.xacobeando.eu\/en\/#organization\"},\"articleSection\":[\"Uncategorized\"],\"inLanguage\":\"es\"},{\"@type\":\"Person\",\"@id\":\"https:\/\/www.xacobeando.eu\/en\/#\/schema\/person\/3faf6fff2061d8803eecb1aa9fb73f73\",\"name\":\"Airi Sepp\",\"image\":{\"@type\":\"ImageObject\",\"inLanguage\":\"es\",\"@id\":\"https:\/\/www.xacobeando.eu\/en\/#\/schema\/person\/image\/\",\"url\":\"https:\/\/secure.gravatar.com\/avatar\/7a0286b7775aaf3b9da77ce569e38588310729c4b2b355025a10e4bfdceccf6d?s=96&d=mm&r=g\",\"contentUrl\":\"https:\/\/secure.gravatar.com\/avatar\/7a0286b7775aaf3b9da77ce569e38588310729c4b2b355025a10e4bfdceccf6d?s=96&d=mm&r=g\",\"caption\":\"Airi Sepp\"},\"description\":\"??\",\"url\":\"https:\/\/www.xacobeando.eu\/es\/author\/airisepp\/\"}]}<\/script>\n<!-- \/ Yoast SEO plugin. -->","yoast_head_json":{"title":"First days in Spain\/ Primeros dias en Espa\u00f1a | Xacobeando","description":"Xacobeando is a project of volunteer teams in high priority areas within the European Solidarity Corps. Xunta de Galicia project.","robots":{"index":"index","follow":"follow","max-snippet":"max-snippet:-1","max-image-preview":"max-image-preview:large","max-video-preview":"max-video-preview:-1"},"canonical":"https:\/\/www.xacobeando.eu\/en\/first-days-in-spain-primeros-dias-en-espana\/","og_locale":"es_ES","og_type":"article","og_title":"First days in Spain\/ Primeros dias en Espa\u00f1a | Xacobeando","og_description":"Xacobeando is a project of volunteer teams in high priority areas within the European Solidarity Corps. Xunta de Galicia project.","og_url":"https:\/\/www.xacobeando.eu\/en\/first-days-in-spain-primeros-dias-en-espana\/","og_site_name":"Xacobeando","article_publisher":"https:\/\/www.facebook.com\/Xacobeando-101211579315381","article_published_time":"2022-08-10T09:24:15+00:00","article_modified_time":"2022-08-19T10:39:55+00:00","og_image":[{"width":2560,"height":1920,"url":"https:\/\/www.xacobeando.eu\/wp-content\/uploads\/2022\/08\/Picsart_22-08-09_15-48-37-935-1-scaled.jpg","type":"image\/jpeg"}],"author":"Airi Sepp","twitter_card":"summary_large_image","twitter_misc":{"Escrito por":"Airi Sepp","Tiempo de lectura":"3 minutos"},"schema":{"@context":"https:\/\/schema.org","@graph":[{"@type":"Organization","@id":"https:\/\/www.xacobeando.eu\/en\/#organization","name":"Xacobeando","url":"https:\/\/www.xacobeando.eu\/en\/","sameAs":["https:\/\/www.instagram.com\/xacobeando.xuventude\/","https:\/\/www.facebook.com\/Xacobeando-101211579315381"],"logo":{"@type":"ImageObject","inLanguage":"es","@id":"https:\/\/www.xacobeando.eu\/en\/#\/schema\/logo\/image\/","url":"https:\/\/www.xacobeando.eu\/wp-content\/uploads\/2022\/06\/xac-logo-pos.svg","contentUrl":"https:\/\/www.xacobeando.eu\/wp-content\/uploads\/2022\/06\/xac-logo-pos.svg","width":507,"height":72,"caption":"Xacobeando"},"image":{"@id":"https:\/\/www.xacobeando.eu\/en\/#\/schema\/logo\/image\/"}},{"@type":"WebSite","@id":"https:\/\/www.xacobeando.eu\/en\/#website","url":"https:\/\/www.xacobeando.eu\/en\/","name":"Xacobeando","description":"Camino de Santiago","publisher":{"@id":"https:\/\/www.xacobeando.eu\/en\/#organization"},"potentialAction":[{"@type":"SearchAction","target":{"@type":"EntryPoint","urlTemplate":"https:\/\/www.xacobeando.eu\/en\/?s={search_term_string}"},"query-input":"required name=search_term_string"}],"inLanguage":"es"},{"@type":"WebPage","@id":"https:\/\/www.xacobeando.eu\/en\/first-days-in-spain-primeros-dias-en-espana\/","url":"https:\/\/www.xacobeando.eu\/en\/first-days-in-spain-primeros-dias-en-espana\/","name":"First days in Spain\/ Primeros dias en Espa\u00f1a | Xacobeando","isPartOf":{"@id":"https:\/\/www.xacobeando.eu\/en\/#website"},"datePublished":"2022-08-10T09:24:15+00:00","dateModified":"2022-08-19T10:39:55+00:00","description":"Xacobeando is a project of volunteer teams in high priority areas within the European Solidarity Corps. Xunta de Galicia project.","breadcrumb":{"@id":"https:\/\/www.xacobeando.eu\/en\/first-days-in-spain-primeros-dias-en-espana\/#breadcrumb"},"inLanguage":"es","potentialAction":[{"@type":"ReadAction","target":["https:\/\/www.xacobeando.eu\/en\/first-days-in-spain-primeros-dias-en-espana\/"]}]},{"@type":"BreadcrumbList","@id":"https:\/\/www.xacobeando.eu\/en\/first-days-in-spain-primeros-dias-en-espana\/#breadcrumb","itemListElement":[{"@type":"ListItem","position":1,"name":"Home","item":"https:\/\/www.xacobeando.eu\/en\/"},{"@type":"ListItem","position":2,"name":"First days in Spain\/ Primeros dias en Espa\u00f1a"}]},{"@type":"Article","@id":"https:\/\/www.xacobeando.eu\/en\/first-days-in-spain-primeros-dias-en-espana\/#article","isPartOf":{"@id":"https:\/\/www.xacobeando.eu\/en\/first-days-in-spain-primeros-dias-en-espana\/"},"author":{"name":"Airi Sepp","@id":"https:\/\/www.xacobeando.eu\/en\/#\/schema\/person\/3faf6fff2061d8803eecb1aa9fb73f73"},"headline":"First days in Spain\/ Primeros dias en Espa\u00f1a","datePublished":"2022-08-10T09:24:15+00:00","dateModified":"2022-08-19T10:39:55+00:00","mainEntityOfPage":{"@id":"https:\/\/www.xacobeando.eu\/en\/first-days-in-spain-primeros-dias-en-espana\/"},"wordCount":540,"publisher":{"@id":"https:\/\/www.xacobeando.eu\/en\/#organization"},"articleSection":["Uncategorized"],"inLanguage":"es"},{"@type":"Person","@id":"https:\/\/www.xacobeando.eu\/en\/#\/schema\/person\/3faf6fff2061d8803eecb1aa9fb73f73","name":"Airi Sepp","image":{"@type":"ImageObject","inLanguage":"es","@id":"https:\/\/www.xacobeando.eu\/en\/#\/schema\/person\/image\/","url":"https:\/\/secure.gravatar.com\/avatar\/7a0286b7775aaf3b9da77ce569e38588310729c4b2b355025a10e4bfdceccf6d?s=96&d=mm&r=g","contentUrl":"https:\/\/secure.gravatar.com\/avatar\/7a0286b7775aaf3b9da77ce569e38588310729c4b2b355025a10e4bfdceccf6d?s=96&d=mm&r=g","caption":"Airi Sepp"},"description":"??","url":"https:\/\/www.xacobeando.eu\/es\/author\/airisepp\/"}]}},"_links":{"self":[{"href":"https:\/\/www.xacobeando.eu\/es\/wp-json\/wp\/v2\/posts\/1429","targetHints":{"allow":["GET"]}}],"collection":[{"href":"https:\/\/www.xacobeando.eu\/es\/wp-json\/wp\/v2\/posts"}],"about":[{"href":"https:\/\/www.xacobeando.eu\/es\/wp-json\/wp\/v2\/types\/post"}],"author":[{"embeddable":true,"href":"https:\/\/www.xacobeando.eu\/es\/wp-json\/wp\/v2\/users\/58"}],"replies":[{"embeddable":true,"href":"https:\/\/www.xacobeando.eu\/es\/wp-json\/wp\/v2\/comments?post=1429"}],"version-history":[{"count":4,"href":"https:\/\/www.xacobeando.eu\/es\/wp-json\/wp\/v2\/posts\/1429\/revisions"}],"predecessor-version":[{"id":2015,"href":"https:\/\/www.xacobeando.eu\/es\/wp-json\/wp\/v2\/posts\/1429\/revisions\/2015"}],"wp:featuredmedia":[{"embeddable":true,"href":"https:\/\/www.xacobeando.eu\/es\/wp-json\/wp\/v2\/media\/1427"}],"wp:attachment":[{"href":"https:\/\/www.xacobeando.eu\/es\/wp-json\/wp\/v2\/media?parent=1429"}],"wp:term":[{"taxonomy":"category","embeddable":true,"href":"https:\/\/www.xacobeando.eu\/es\/wp-json\/wp\/v2\/categories?post=1429"},{"taxonomy":"post_tag","embeddable":true,"href":"https:\/\/www.xacobeando.eu\/es\/wp-json\/wp\/v2\/tags?post=1429"}],"curies":[{"name":"wp","href":"https:\/\/api.w.org\/{rel}","templated":true}]}}