{"id":1600,"date":"2022-08-12T12:40:48","date_gmt":"2022-08-12T10:40:48","guid":{"rendered":"https:\/\/www.xacobeando.eu\/primera-semana-en-ferrol-first-week-in-ferrol\/"},"modified":"2022-08-12T12:40:48","modified_gmt":"2022-08-12T10:40:48","slug":"primera-semana-en-ferrol-first-week-in-ferrol","status":"publish","type":"post","link":"https:\/\/www.xacobeando.eu\/es\/primera-semana-en-ferrol-first-week-in-ferrol\/","title":{"rendered":"Primera semana en Ferrol\/ First week in Ferrol"},"content":{"rendered":"<p><strong>ES<\/strong><\/p>\n<p>Ayer, 11 de agosto, hizo una semana desde la llegada a Ferrol y ha sido bastante interesante. Ferrol es una peque\u00f1a ciudad costera situada al norte de la provincia de La Coru\u00f1a y en la que se desarrollan actividades mar\u00edtimas, mediante su puerto pesquero y comercial, astilleros civiles y militares, instalaciones de la Armada o playas tur\u00edsticas. Tambi\u00e9n es punto de inicio del Camino Ingl\u00e9s.<\/p>\n<p>Durante estos d\u00edas hemos tenido la oportunidad de conocer la ciudad en profundidad gracias a Malle, nuestra supervisora, y a otros voluntarios de diferentes proyectos que llevan en Ferrol varios meses. Son como una gran familia que nos ha acogido con mucho cari\u00f1o y nos ha hecho la llegada mucho m\u00e1s f\u00e1cil. Adem\u00e1s de recorrer los lugares emblem\u00e1ticos de la ciudad, tambi\u00e9n hemos dado comienzo al proyecto con la visita a las oficinas de turismo y de peregrinos, el recorrido de la etapa del Camino Ingl\u00e9s desde Ferrol a Neda y la recogida de basura en la playa de Caranza.<\/p>\n<p>Aunque han sido unos d\u00edas de bastantes cambios, adaptaciones y nuevas caras, tambi\u00e9n nos han llenado de ilusi\u00f3n y ganas de continuar con el proyecto y ver qu\u00e9 nos deparar\u00e1n las siguientes semanas.<\/p>\n<p>Aqu\u00ed os dejo una foto de un muro que me gust\u00f3.<\/p>\n<p><strong>EN<\/strong><\/p>\n<p>Yesterday, August 11, was a week since arriving in Ferrol and it has been quite interesting. Ferrol is a small coastal city located in the north of the province of La Coru\u00f1a and where maritime activities are developed, through its fishing and commercial port, civil and military shipyards, Navy facilities or tourist beaches. Moreover, it is the initial point of the English Way.<\/p>\n<p>During these days we have had the opportunity to get to know the city in depth thanks to Malle, our supervisor, and other volunteers from different projects who have been in Ferrol for several months. They are like a big family that has welcomed us with great affection and made our arrival much easier. In addition to visiting the emblematic places of the city, we have also started the project with a visit to the tourist and pilgrim offices, the tour of the stage of the English Way from Ferrol to Neda and the collection of garbage on the beach of Caranza.<\/p>\n<p>Although they have been a few days of many changes, adaptations and new faces, they have also filled us with enthusiasm and desire to continue with the project and see what the following weeks will bring.<\/p>\n<p>Here is a picture a made of a wall that I liked.<\/p>\n","protected":false},"excerpt":{"rendered":"<p>ES Ayer, 11 de agosto, hizo una semana desde la llegada a Ferrol y ha sido bastante interesante. Ferrol es una&#8230;<\/p>\n","protected":false},"author":63,"featured_media":1594,"comment_status":"closed","ping_status":"closed","sticky":false,"template":"","format":"standard","meta":{"footnotes":""},"categories":[1],"tags":[],"class_list":["post-1600","post","type-post","status-publish","format-standard","has-post-thumbnail","hentry","category-uncategorized","paths-english-way","digital_path-volunteer"],"acf":[],"yoast_head":"<!-- This site is optimized with the Yoast SEO plugin v19.4 - https:\/\/yoast.com\/wordpress\/plugins\/seo\/ -->\n<title>Primera semana en Ferrol\/ First week in Ferrol | Xacobeando<\/title>\n<meta name=\"description\" content=\"Xacobeando is a project of volunteer teams in high priority areas within the European Solidarity Corps. Xunta de Galicia project.\" \/>\n<meta name=\"robots\" content=\"index, follow, max-snippet:-1, max-image-preview:large, max-video-preview:-1\" \/>\n<link rel=\"canonical\" href=\"https:\/\/www.xacobeando.eu\/en\/primera-semana-en-ferrol-first-week-in-ferrol\/\" \/>\n<meta property=\"og:locale\" content=\"es_ES\" \/>\n<meta property=\"og:type\" content=\"article\" \/>\n<meta property=\"og:title\" content=\"Primera semana en Ferrol\/ First week in Ferrol | Xacobeando\" \/>\n<meta property=\"og:description\" content=\"Xacobeando is a project of volunteer teams in high priority areas within the European Solidarity Corps. Xunta de Galicia project.\" \/>\n<meta property=\"og:url\" content=\"https:\/\/www.xacobeando.eu\/en\/primera-semana-en-ferrol-first-week-in-ferrol\/\" \/>\n<meta property=\"og:site_name\" content=\"Xacobeando\" \/>\n<meta property=\"article:publisher\" content=\"https:\/\/www.facebook.com\/Xacobeando-101211579315381\" \/>\n<meta property=\"article:published_time\" content=\"2022-08-12T10:40:48+00:00\" \/>\n<meta property=\"og:image\" content=\"https:\/\/www.xacobeando.eu\/wp-content\/uploads\/2022\/06\/pexels-jo-kassis-11690243-scaled.jpg\" \/>\n\t<meta property=\"og:image:width\" content=\"2560\" \/>\n\t<meta property=\"og:image:height\" content=\"1707\" \/>\n\t<meta property=\"og:image:type\" content=\"image\/jpeg\" \/>\n<meta name=\"author\" content=\"Cristina Aguilar\" \/>\n<meta name=\"twitter:card\" content=\"summary_large_image\" \/>\n<meta name=\"twitter:label1\" content=\"Escrito por\" \/>\n\t<meta name=\"twitter:data1\" content=\"Cristina Aguilar\" \/>\n\t<meta name=\"twitter:label2\" content=\"Tiempo de lectura\" \/>\n\t<meta name=\"twitter:data2\" content=\"2 minutos\" \/>\n<script type=\"application\/ld+json\" class=\"yoast-schema-graph\">{\"@context\":\"https:\/\/schema.org\",\"@graph\":[{\"@type\":\"Organization\",\"@id\":\"https:\/\/www.xacobeando.eu\/en\/#organization\",\"name\":\"Xacobeando\",\"url\":\"https:\/\/www.xacobeando.eu\/en\/\",\"sameAs\":[\"https:\/\/www.instagram.com\/xacobeando.xuventude\/\",\"https:\/\/www.facebook.com\/Xacobeando-101211579315381\"],\"logo\":{\"@type\":\"ImageObject\",\"inLanguage\":\"es\",\"@id\":\"https:\/\/www.xacobeando.eu\/en\/#\/schema\/logo\/image\/\",\"url\":\"https:\/\/www.xacobeando.eu\/wp-content\/uploads\/2022\/06\/xac-logo-pos.svg\",\"contentUrl\":\"https:\/\/www.xacobeando.eu\/wp-content\/uploads\/2022\/06\/xac-logo-pos.svg\",\"width\":507,\"height\":72,\"caption\":\"Xacobeando\"},\"image\":{\"@id\":\"https:\/\/www.xacobeando.eu\/en\/#\/schema\/logo\/image\/\"}},{\"@type\":\"WebSite\",\"@id\":\"https:\/\/www.xacobeando.eu\/en\/#website\",\"url\":\"https:\/\/www.xacobeando.eu\/en\/\",\"name\":\"Xacobeando\",\"description\":\"Camino de Santiago\",\"publisher\":{\"@id\":\"https:\/\/www.xacobeando.eu\/en\/#organization\"},\"potentialAction\":[{\"@type\":\"SearchAction\",\"target\":{\"@type\":\"EntryPoint\",\"urlTemplate\":\"https:\/\/www.xacobeando.eu\/en\/?s={search_term_string}\"},\"query-input\":\"required name=search_term_string\"}],\"inLanguage\":\"es\"},{\"@type\":\"WebPage\",\"@id\":\"https:\/\/www.xacobeando.eu\/en\/primera-semana-en-ferrol-first-week-in-ferrol\/\",\"url\":\"https:\/\/www.xacobeando.eu\/en\/primera-semana-en-ferrol-first-week-in-ferrol\/\",\"name\":\"Primera semana en Ferrol\/ First week in Ferrol | Xacobeando\",\"isPartOf\":{\"@id\":\"https:\/\/www.xacobeando.eu\/en\/#website\"},\"datePublished\":\"2022-08-12T10:40:48+00:00\",\"dateModified\":\"2022-08-12T10:40:48+00:00\",\"description\":\"Xacobeando is a project of volunteer teams in high priority areas within the European Solidarity Corps. Xunta de Galicia project.\",\"breadcrumb\":{\"@id\":\"https:\/\/www.xacobeando.eu\/en\/primera-semana-en-ferrol-first-week-in-ferrol\/#breadcrumb\"},\"inLanguage\":\"es\",\"potentialAction\":[{\"@type\":\"ReadAction\",\"target\":[\"https:\/\/www.xacobeando.eu\/en\/primera-semana-en-ferrol-first-week-in-ferrol\/\"]}]},{\"@type\":\"BreadcrumbList\",\"@id\":\"https:\/\/www.xacobeando.eu\/en\/primera-semana-en-ferrol-first-week-in-ferrol\/#breadcrumb\",\"itemListElement\":[{\"@type\":\"ListItem\",\"position\":1,\"name\":\"Home\",\"item\":\"https:\/\/www.xacobeando.eu\/en\/\"},{\"@type\":\"ListItem\",\"position\":2,\"name\":\"Primera semana en Ferrol\/ First week in Ferrol\"}]},{\"@type\":\"Article\",\"@id\":\"https:\/\/www.xacobeando.eu\/en\/primera-semana-en-ferrol-first-week-in-ferrol\/#article\",\"isPartOf\":{\"@id\":\"https:\/\/www.xacobeando.eu\/en\/primera-semana-en-ferrol-first-week-in-ferrol\/\"},\"author\":{\"name\":\"Cristina Aguilar\",\"@id\":\"https:\/\/www.xacobeando.eu\/en\/#\/schema\/person\/b2d455081f849f32401103aff92ab6f2\"},\"headline\":\"Primera semana en Ferrol\/ First week in Ferrol\",\"datePublished\":\"2022-08-12T10:40:48+00:00\",\"dateModified\":\"2022-08-12T10:40:48+00:00\",\"mainEntityOfPage\":{\"@id\":\"https:\/\/www.xacobeando.eu\/en\/primera-semana-en-ferrol-first-week-in-ferrol\/\"},\"wordCount\":449,\"publisher\":{\"@id\":\"https:\/\/www.xacobeando.eu\/en\/#organization\"},\"articleSection\":[\"Uncategorized\"],\"inLanguage\":\"es\"},{\"@type\":\"Person\",\"@id\":\"https:\/\/www.xacobeando.eu\/en\/#\/schema\/person\/b2d455081f849f32401103aff92ab6f2\",\"name\":\"Cristina Aguilar\",\"image\":{\"@type\":\"ImageObject\",\"inLanguage\":\"es\",\"@id\":\"https:\/\/www.xacobeando.eu\/en\/#\/schema\/person\/image\/\",\"url\":\"https:\/\/secure.gravatar.com\/avatar\/00dbeef604bc91cd2db2d738c84350b19664c82f88ddea99e040101ecb9d9820?s=96&d=mm&r=g\",\"contentUrl\":\"https:\/\/secure.gravatar.com\/avatar\/00dbeef604bc91cd2db2d738c84350b19664c82f88ddea99e040101ecb9d9820?s=96&d=mm&r=g\",\"caption\":\"Cristina Aguilar\"},\"description\":\"Hola! Soy de C\u00f3rdoba (Espa\u00f1a), tengo 23 a\u00f1os y soy voluntaria en Ferrol de la tercera fase del proyecto.\",\"url\":\"https:\/\/www.xacobeando.eu\/es\/author\/cristinaaguilar\/\"}]}<\/script>\n<!-- \/ Yoast SEO plugin. -->","yoast_head_json":{"title":"Primera semana en Ferrol\/ First week in Ferrol | Xacobeando","description":"Xacobeando is a project of volunteer teams in high priority areas within the European Solidarity Corps. Xunta de Galicia project.","robots":{"index":"index","follow":"follow","max-snippet":"max-snippet:-1","max-image-preview":"max-image-preview:large","max-video-preview":"max-video-preview:-1"},"canonical":"https:\/\/www.xacobeando.eu\/en\/primera-semana-en-ferrol-first-week-in-ferrol\/","og_locale":"es_ES","og_type":"article","og_title":"Primera semana en Ferrol\/ First week in Ferrol | Xacobeando","og_description":"Xacobeando is a project of volunteer teams in high priority areas within the European Solidarity Corps. Xunta de Galicia project.","og_url":"https:\/\/www.xacobeando.eu\/en\/primera-semana-en-ferrol-first-week-in-ferrol\/","og_site_name":"Xacobeando","article_publisher":"https:\/\/www.facebook.com\/Xacobeando-101211579315381","article_published_time":"2022-08-12T10:40:48+00:00","og_image":[{"width":2560,"height":1707,"url":"https:\/\/www.xacobeando.eu\/wp-content\/uploads\/2022\/06\/pexels-jo-kassis-11690243-scaled.jpg","type":"image\/jpeg"}],"author":"Cristina Aguilar","twitter_card":"summary_large_image","twitter_misc":{"Escrito por":"Cristina Aguilar","Tiempo de lectura":"2 minutos"},"schema":{"@context":"https:\/\/schema.org","@graph":[{"@type":"Organization","@id":"https:\/\/www.xacobeando.eu\/en\/#organization","name":"Xacobeando","url":"https:\/\/www.xacobeando.eu\/en\/","sameAs":["https:\/\/www.instagram.com\/xacobeando.xuventude\/","https:\/\/www.facebook.com\/Xacobeando-101211579315381"],"logo":{"@type":"ImageObject","inLanguage":"es","@id":"https:\/\/www.xacobeando.eu\/en\/#\/schema\/logo\/image\/","url":"https:\/\/www.xacobeando.eu\/wp-content\/uploads\/2022\/06\/xac-logo-pos.svg","contentUrl":"https:\/\/www.xacobeando.eu\/wp-content\/uploads\/2022\/06\/xac-logo-pos.svg","width":507,"height":72,"caption":"Xacobeando"},"image":{"@id":"https:\/\/www.xacobeando.eu\/en\/#\/schema\/logo\/image\/"}},{"@type":"WebSite","@id":"https:\/\/www.xacobeando.eu\/en\/#website","url":"https:\/\/www.xacobeando.eu\/en\/","name":"Xacobeando","description":"Camino de Santiago","publisher":{"@id":"https:\/\/www.xacobeando.eu\/en\/#organization"},"potentialAction":[{"@type":"SearchAction","target":{"@type":"EntryPoint","urlTemplate":"https:\/\/www.xacobeando.eu\/en\/?s={search_term_string}"},"query-input":"required name=search_term_string"}],"inLanguage":"es"},{"@type":"WebPage","@id":"https:\/\/www.xacobeando.eu\/en\/primera-semana-en-ferrol-first-week-in-ferrol\/","url":"https:\/\/www.xacobeando.eu\/en\/primera-semana-en-ferrol-first-week-in-ferrol\/","name":"Primera semana en Ferrol\/ First week in Ferrol | Xacobeando","isPartOf":{"@id":"https:\/\/www.xacobeando.eu\/en\/#website"},"datePublished":"2022-08-12T10:40:48+00:00","dateModified":"2022-08-12T10:40:48+00:00","description":"Xacobeando is a project of volunteer teams in high priority areas within the European Solidarity Corps. Xunta de Galicia project.","breadcrumb":{"@id":"https:\/\/www.xacobeando.eu\/en\/primera-semana-en-ferrol-first-week-in-ferrol\/#breadcrumb"},"inLanguage":"es","potentialAction":[{"@type":"ReadAction","target":["https:\/\/www.xacobeando.eu\/en\/primera-semana-en-ferrol-first-week-in-ferrol\/"]}]},{"@type":"BreadcrumbList","@id":"https:\/\/www.xacobeando.eu\/en\/primera-semana-en-ferrol-first-week-in-ferrol\/#breadcrumb","itemListElement":[{"@type":"ListItem","position":1,"name":"Home","item":"https:\/\/www.xacobeando.eu\/en\/"},{"@type":"ListItem","position":2,"name":"Primera semana en Ferrol\/ First week in Ferrol"}]},{"@type":"Article","@id":"https:\/\/www.xacobeando.eu\/en\/primera-semana-en-ferrol-first-week-in-ferrol\/#article","isPartOf":{"@id":"https:\/\/www.xacobeando.eu\/en\/primera-semana-en-ferrol-first-week-in-ferrol\/"},"author":{"name":"Cristina Aguilar","@id":"https:\/\/www.xacobeando.eu\/en\/#\/schema\/person\/b2d455081f849f32401103aff92ab6f2"},"headline":"Primera semana en Ferrol\/ First week in Ferrol","datePublished":"2022-08-12T10:40:48+00:00","dateModified":"2022-08-12T10:40:48+00:00","mainEntityOfPage":{"@id":"https:\/\/www.xacobeando.eu\/en\/primera-semana-en-ferrol-first-week-in-ferrol\/"},"wordCount":449,"publisher":{"@id":"https:\/\/www.xacobeando.eu\/en\/#organization"},"articleSection":["Uncategorized"],"inLanguage":"es"},{"@type":"Person","@id":"https:\/\/www.xacobeando.eu\/en\/#\/schema\/person\/b2d455081f849f32401103aff92ab6f2","name":"Cristina Aguilar","image":{"@type":"ImageObject","inLanguage":"es","@id":"https:\/\/www.xacobeando.eu\/en\/#\/schema\/person\/image\/","url":"https:\/\/secure.gravatar.com\/avatar\/00dbeef604bc91cd2db2d738c84350b19664c82f88ddea99e040101ecb9d9820?s=96&d=mm&r=g","contentUrl":"https:\/\/secure.gravatar.com\/avatar\/00dbeef604bc91cd2db2d738c84350b19664c82f88ddea99e040101ecb9d9820?s=96&d=mm&r=g","caption":"Cristina Aguilar"},"description":"Hola! Soy de C\u00f3rdoba (Espa\u00f1a), tengo 23 a\u00f1os y soy voluntaria en Ferrol de la tercera fase del proyecto.","url":"https:\/\/www.xacobeando.eu\/es\/author\/cristinaaguilar\/"}]}},"_links":{"self":[{"href":"https:\/\/www.xacobeando.eu\/es\/wp-json\/wp\/v2\/posts\/1600","targetHints":{"allow":["GET"]}}],"collection":[{"href":"https:\/\/www.xacobeando.eu\/es\/wp-json\/wp\/v2\/posts"}],"about":[{"href":"https:\/\/www.xacobeando.eu\/es\/wp-json\/wp\/v2\/types\/post"}],"author":[{"embeddable":true,"href":"https:\/\/www.xacobeando.eu\/es\/wp-json\/wp\/v2\/users\/63"}],"replies":[{"embeddable":true,"href":"https:\/\/www.xacobeando.eu\/es\/wp-json\/wp\/v2\/comments?post=1600"}],"version-history":[{"count":0,"href":"https:\/\/www.xacobeando.eu\/es\/wp-json\/wp\/v2\/posts\/1600\/revisions"}],"wp:featuredmedia":[{"embeddable":true,"href":"https:\/\/www.xacobeando.eu\/es\/wp-json\/wp\/v2\/media\/1594"}],"wp:attachment":[{"href":"https:\/\/www.xacobeando.eu\/es\/wp-json\/wp\/v2\/media?parent=1600"}],"wp:term":[{"taxonomy":"category","embeddable":true,"href":"https:\/\/www.xacobeando.eu\/es\/wp-json\/wp\/v2\/categories?post=1600"},{"taxonomy":"post_tag","embeddable":true,"href":"https:\/\/www.xacobeando.eu\/es\/wp-json\/wp\/v2\/tags?post=1600"}],"curies":[{"name":"wp","href":"https:\/\/api.w.org\/{rel}","templated":true}]}}