{"id":1801,"date":"2022-08-16T23:27:59","date_gmt":"2022-08-16T21:27:59","guid":{"rendered":"https:\/\/www.xacobeando.eu\/my-first-camino-in-palas-de-rei\/"},"modified":"2022-08-28T21:01:37","modified_gmt":"2022-08-28T19:01:37","slug":"my-first-camino-in-palas-de-rei","status":"publish","type":"post","link":"https:\/\/www.xacobeando.eu\/es\/my-first-camino-in-palas-de-rei\/","title":{"rendered":"Mi primer Camino en Palas de Rei&#8230;"},"content":{"rendered":"<p>Used to completely different summers, very hot and by the sea, I arrived at Palas de Rei! The lush green Palas de Rei welcomed us with a very strong wind that definitely refreshes you. Palas de Rei is a rural province, an hour away from Santiago de Compostela and something worth knowing is that it usually welcomes as many pilgrims as its residents!!!<br \/>\n<img loading=\"lazy\" decoding=\"async\" class=\"size-medium wp-image-1802 alignright\" src=\"https:\/\/www.xacobeando.eu\/wp-content\/uploads\/2022\/08\/0DB8AC02-C6C9-453B-AA05-124B6A3D5056-225x300.jpeg\" alt=\"\" width=\"225\" height=\"300\" srcset=\"https:\/\/www.xacobeando.eu\/wp-content\/uploads\/2022\/08\/0DB8AC02-C6C9-453B-AA05-124B6A3D5056-225x300.jpeg 225w, https:\/\/www.xacobeando.eu\/wp-content\/uploads\/2022\/08\/0DB8AC02-C6C9-453B-AA05-124B6A3D5056-768x1024.jpeg 768w, https:\/\/www.xacobeando.eu\/wp-content\/uploads\/2022\/08\/0DB8AC02-C6C9-453B-AA05-124B6A3D5056-1152x1536.jpeg 1152w, https:\/\/www.xacobeando.eu\/wp-content\/uploads\/2022\/08\/0DB8AC02-C6C9-453B-AA05-124B6A3D5056-1536x2048.jpeg 1536w, https:\/\/www.xacobeando.eu\/wp-content\/uploads\/2022\/08\/0DB8AC02-C6C9-453B-AA05-124B6A3D5056-scaled.jpeg 1920w\" sizes=\"auto, (max-width: 225px) 100vw, 225px\" \/><br \/>\nOur first day in Palas de Rei started of course with a Camino, something I was looking forward to! Our morning started with fog which then gave way to bright sunshine. Green paths, full of beautiful flowers and pilgrims who always greet you with a smile and wish you buen Camino! But our first introduction to the Camino had to be completed since it was the turn of the Albergues.<br \/>\n<img loading=\"lazy\" decoding=\"async\" class=\"size-medium wp-image-1791 alignleft\" src=\"https:\/\/www.xacobeando.eu\/wp-content\/uploads\/2022\/08\/B838516E-C6E2-4A3A-87D7-6889C03B1453-225x300.jpeg\" alt=\"\" width=\"225\" height=\"300\" srcset=\"https:\/\/www.xacobeando.eu\/wp-content\/uploads\/2022\/08\/B838516E-C6E2-4A3A-87D7-6889C03B1453-225x300.jpeg 225w, https:\/\/www.xacobeando.eu\/wp-content\/uploads\/2022\/08\/B838516E-C6E2-4A3A-87D7-6889C03B1453-768x1024.jpeg 768w, https:\/\/www.xacobeando.eu\/wp-content\/uploads\/2022\/08\/B838516E-C6E2-4A3A-87D7-6889C03B1453-1152x1536.jpeg 1152w, https:\/\/www.xacobeando.eu\/wp-content\/uploads\/2022\/08\/B838516E-C6E2-4A3A-87D7-6889C03B1453-1536x2048.jpeg 1536w, https:\/\/www.xacobeando.eu\/wp-content\/uploads\/2022\/08\/B838516E-C6E2-4A3A-87D7-6889C03B1453-scaled.jpeg 1920w\" sizes=\"auto, (max-width: 225px) 100vw, 225px\" \/><br \/>\nThe public Albergue Os Chacotes that I found myself in is the one that pilgrims encounter first on their way to Palas de Rei. There we were greeted by the jovial Manuel, who showed us around the Albergue and of course I enriched my vocabulary in Spanish as he taught me the word \u201cchapurreo\u201d, which means to speak a little of a language or even mixing it up with your mother tongue. So from now on I can say: Yo chapurreo espa\u00f1ol instead of hablo un poco de espa\u00f1ol. Muchas gracias Manuel!<br \/>\n<img loading=\"lazy\" decoding=\"async\" class=\"size-medium wp-image-1795 aligncenter\" src=\"https:\/\/www.xacobeando.eu\/wp-content\/uploads\/2022\/08\/A81EA6FA-39EA-47B0-AA95-B8FA89EB8431-240x300.jpeg\" alt=\"\" width=\"240\" height=\"300\" srcset=\"https:\/\/www.xacobeando.eu\/wp-content\/uploads\/2022\/08\/A81EA6FA-39EA-47B0-AA95-B8FA89EB8431-240x300.jpeg 240w, https:\/\/www.xacobeando.eu\/wp-content\/uploads\/2022\/08\/A81EA6FA-39EA-47B0-AA95-B8FA89EB8431-820x1024.jpeg 820w, https:\/\/www.xacobeando.eu\/wp-content\/uploads\/2022\/08\/A81EA6FA-39EA-47B0-AA95-B8FA89EB8431-768x959.jpeg 768w, https:\/\/www.xacobeando.eu\/wp-content\/uploads\/2022\/08\/A81EA6FA-39EA-47B0-AA95-B8FA89EB8431-1229x1536.jpeg 1229w, https:\/\/www.xacobeando.eu\/wp-content\/uploads\/2022\/08\/A81EA6FA-39EA-47B0-AA95-B8FA89EB8431.jpeg 1440w\" sizes=\"auto, (max-width: 240px) 100vw, 240px\" \/><\/p>\n<p>Acostumbrada a veranos completamente diferentes, muy calurosos y junto al mar, \u00a1llegu\u00e9 a Palas de Rei! El verde exuberante de Palas de Rei nos recibi\u00f3 con un viento muy fuerte que definitivamente te refresca. \u00a1\u00a1\u00a1Palas de Rei es una provincia rural, a una hora de Santiago de Compostela y algo que merece la pena saber es que suele acoger a tantos peregrinos como habitantes!!!<br \/>\n<img loading=\"lazy\" decoding=\"async\" class=\"size-medium wp-image-1799 alignright\" src=\"https:\/\/www.xacobeando.eu\/wp-content\/uploads\/2022\/08\/2415628F-CE2B-4C1D-B595-2490C1CCF177-225x300.jpeg\" alt=\"\" width=\"225\" height=\"300\" srcset=\"https:\/\/www.xacobeando.eu\/wp-content\/uploads\/2022\/08\/2415628F-CE2B-4C1D-B595-2490C1CCF177-225x300.jpeg 225w, https:\/\/www.xacobeando.eu\/wp-content\/uploads\/2022\/08\/2415628F-CE2B-4C1D-B595-2490C1CCF177-768x1024.jpeg 768w, https:\/\/www.xacobeando.eu\/wp-content\/uploads\/2022\/08\/2415628F-CE2B-4C1D-B595-2490C1CCF177-1152x1536.jpeg 1152w, https:\/\/www.xacobeando.eu\/wp-content\/uploads\/2022\/08\/2415628F-CE2B-4C1D-B595-2490C1CCF177-1536x2048.jpeg 1536w, https:\/\/www.xacobeando.eu\/wp-content\/uploads\/2022\/08\/2415628F-CE2B-4C1D-B595-2490C1CCF177-scaled.jpeg 1920w\" sizes=\"auto, (max-width: 225px) 100vw, 225px\" \/><br \/>\nNuestro primer d\u00eda en Palas de Rei comenz\u00f3 por supuesto en el Camino, \u00a1algo que me hac\u00eda mucha ilusi\u00f3n! Nuestra ma\u00f1ana comenz\u00f3 con niebla que luego dio paso a un sol radiante. \u00a1Caminos verdes, llenos de hermosas flores y peregrinos que siempre te saludan con una sonrisa y te desean buen Camino! Pero nuestra primera introducci\u00f3n al Camino ten\u00eda que terminar ya que era el turno de los albergues.<br \/>\n<img loading=\"lazy\" decoding=\"async\" class=\"size-medium wp-image-1793 alignleft\" src=\"https:\/\/www.xacobeando.eu\/wp-content\/uploads\/2022\/08\/58D21351-C97A-481D-9B3E-48AD6AD28A13-225x300.jpeg\" alt=\"\" width=\"225\" height=\"300\" srcset=\"https:\/\/www.xacobeando.eu\/wp-content\/uploads\/2022\/08\/58D21351-C97A-481D-9B3E-48AD6AD28A13-225x300.jpeg 225w, https:\/\/www.xacobeando.eu\/wp-content\/uploads\/2022\/08\/58D21351-C97A-481D-9B3E-48AD6AD28A13-768x1024.jpeg 768w, https:\/\/www.xacobeando.eu\/wp-content\/uploads\/2022\/08\/58D21351-C97A-481D-9B3E-48AD6AD28A13-1152x1536.jpeg 1152w, https:\/\/www.xacobeando.eu\/wp-content\/uploads\/2022\/08\/58D21351-C97A-481D-9B3E-48AD6AD28A13-1536x2048.jpeg 1536w, https:\/\/www.xacobeando.eu\/wp-content\/uploads\/2022\/08\/58D21351-C97A-481D-9B3E-48AD6AD28A13-scaled.jpeg 1920w\" sizes=\"auto, (max-width: 225px) 100vw, 225px\" \/><br \/>\nEl Albergue p\u00fablico Os Chacotes en el que me encontr\u00e9 es el que encuentran primero los peregrinos en su camino a Palas de Rei. All\u00ed nos recibi\u00f3 el alegre Manuel, que nos ense\u00f1\u00f3 el Albergue y por supuesto enriquec\u00ed mi vocabulario en espa\u00f1ol ya que me ense\u00f1\u00f3 la palabra &#8220;chapurreo&#8221;, que significa hablar un poco de un idioma o incluso mezclarlo con tu lengua materna. As\u00ed que a partir de ahora puedo decir Yo chapurreo espa\u00f1ol en lugar de hablo un poco de espa\u00f1ol. \u00a1Muchas gracias Manuel!<br \/>\n<img loading=\"lazy\" decoding=\"async\" class=\"size-medium wp-image-2131 aligncenter\" src=\"https:\/\/www.xacobeando.eu\/wp-content\/uploads\/2022\/08\/5A3DBDB5-21BA-47C4-9834-73D4BF53D762-300x225.jpeg\" alt=\"\" width=\"300\" height=\"225\" srcset=\"https:\/\/www.xacobeando.eu\/wp-content\/uploads\/2022\/08\/5A3DBDB5-21BA-47C4-9834-73D4BF53D762-300x225.jpeg 300w, https:\/\/www.xacobeando.eu\/wp-content\/uploads\/2022\/08\/5A3DBDB5-21BA-47C4-9834-73D4BF53D762-1024x769.jpeg 1024w, https:\/\/www.xacobeando.eu\/wp-content\/uploads\/2022\/08\/5A3DBDB5-21BA-47C4-9834-73D4BF53D762-768x577.jpeg 768w, https:\/\/www.xacobeando.eu\/wp-content\/uploads\/2022\/08\/5A3DBDB5-21BA-47C4-9834-73D4BF53D762-1536x1154.jpeg 1536w, https:\/\/www.xacobeando.eu\/wp-content\/uploads\/2022\/08\/5A3DBDB5-21BA-47C4-9834-73D4BF53D762-2048x1539.jpeg 2048w\" sizes=\"auto, (max-width: 300px) 100vw, 300px\" \/><\/p>\n","protected":false},"excerpt":{"rendered":"<p>Used to completely different summers, very hot and by the sea, I arrived at Palas de Rei! The lush green Palas&#8230;<\/p>\n","protected":false},"author":68,"featured_media":1789,"comment_status":"closed","ping_status":"closed","sticky":false,"template":"","format":"standard","meta":{"footnotes":""},"categories":[1],"tags":[],"class_list":["post-1801","post","type-post","status-publish","format-standard","has-post-thumbnail","hentry","category-uncategorized","paths-french-way","digital_path-volunteer"],"acf":[],"yoast_head":"<!-- This site is optimized with the Yoast SEO plugin v19.4 - https:\/\/yoast.com\/wordpress\/plugins\/seo\/ -->\n<title>Mi primer Camino en Palas de Rei... | Xacobeando<\/title>\n<meta name=\"description\" content=\"Xacobeando is a project of volunteer teams in high priority areas within the European Solidarity Corps. Xunta de Galicia project.\" \/>\n<meta name=\"robots\" content=\"index, follow, max-snippet:-1, max-image-preview:large, max-video-preview:-1\" \/>\n<link rel=\"canonical\" href=\"https:\/\/www.xacobeando.eu\/en\/my-first-camino-in-palas-de-rei\/\" \/>\n<meta property=\"og:locale\" content=\"es_ES\" \/>\n<meta property=\"og:type\" content=\"article\" \/>\n<meta property=\"og:title\" content=\"Mi primer Camino en Palas de Rei... | Xacobeando\" \/>\n<meta property=\"og:description\" content=\"Xacobeando is a project of volunteer teams in high priority areas within the European Solidarity Corps. Xunta de Galicia project.\" \/>\n<meta property=\"og:url\" content=\"https:\/\/www.xacobeando.eu\/en\/my-first-camino-in-palas-de-rei\/\" \/>\n<meta property=\"og:site_name\" content=\"Xacobeando\" \/>\n<meta property=\"article:publisher\" content=\"https:\/\/www.facebook.com\/Xacobeando-101211579315381\" \/>\n<meta property=\"article:published_time\" content=\"2022-08-16T21:27:59+00:00\" \/>\n<meta property=\"article:modified_time\" content=\"2022-08-28T19:01:37+00:00\" \/>\n<meta property=\"og:image\" content=\"https:\/\/www.xacobeando.eu\/wp-content\/uploads\/2022\/08\/58652264-D79F-4EFF-ACBF-84EBA75D9CE7.jpeg\" \/>\n\t<meta property=\"og:image:width\" content=\"1440\" \/>\n\t<meta property=\"og:image:height\" content=\"1800\" \/>\n\t<meta property=\"og:image:type\" content=\"image\/jpeg\" \/>\n<meta name=\"author\" content=\"Antonia Ardamerinou\" \/>\n<meta name=\"twitter:card\" content=\"summary_large_image\" \/>\n<meta name=\"twitter:label1\" content=\"Escrito por\" \/>\n\t<meta name=\"twitter:data1\" content=\"Antonia Ardamerinou\" \/>\n\t<meta name=\"twitter:label2\" content=\"Tiempo de lectura\" \/>\n\t<meta name=\"twitter:data2\" content=\"2 minutos\" \/>\n<script type=\"application\/ld+json\" class=\"yoast-schema-graph\">{\"@context\":\"https:\/\/schema.org\",\"@graph\":[{\"@type\":\"Organization\",\"@id\":\"https:\/\/www.xacobeando.eu\/en\/#organization\",\"name\":\"Xacobeando\",\"url\":\"https:\/\/www.xacobeando.eu\/en\/\",\"sameAs\":[\"https:\/\/www.instagram.com\/xacobeando.xuventude\/\",\"https:\/\/www.facebook.com\/Xacobeando-101211579315381\"],\"logo\":{\"@type\":\"ImageObject\",\"inLanguage\":\"es\",\"@id\":\"https:\/\/www.xacobeando.eu\/en\/#\/schema\/logo\/image\/\",\"url\":\"https:\/\/www.xacobeando.eu\/wp-content\/uploads\/2022\/06\/xac-logo-pos.svg\",\"contentUrl\":\"https:\/\/www.xacobeando.eu\/wp-content\/uploads\/2022\/06\/xac-logo-pos.svg\",\"width\":507,\"height\":72,\"caption\":\"Xacobeando\"},\"image\":{\"@id\":\"https:\/\/www.xacobeando.eu\/en\/#\/schema\/logo\/image\/\"}},{\"@type\":\"WebSite\",\"@id\":\"https:\/\/www.xacobeando.eu\/en\/#website\",\"url\":\"https:\/\/www.xacobeando.eu\/en\/\",\"name\":\"Xacobeando\",\"description\":\"Camino de Santiago\",\"publisher\":{\"@id\":\"https:\/\/www.xacobeando.eu\/en\/#organization\"},\"potentialAction\":[{\"@type\":\"SearchAction\",\"target\":{\"@type\":\"EntryPoint\",\"urlTemplate\":\"https:\/\/www.xacobeando.eu\/en\/?s={search_term_string}\"},\"query-input\":\"required name=search_term_string\"}],\"inLanguage\":\"es\"},{\"@type\":\"WebPage\",\"@id\":\"https:\/\/www.xacobeando.eu\/en\/my-first-camino-in-palas-de-rei\/\",\"url\":\"https:\/\/www.xacobeando.eu\/en\/my-first-camino-in-palas-de-rei\/\",\"name\":\"Mi primer Camino en Palas de Rei... | Xacobeando\",\"isPartOf\":{\"@id\":\"https:\/\/www.xacobeando.eu\/en\/#website\"},\"datePublished\":\"2022-08-16T21:27:59+00:00\",\"dateModified\":\"2022-08-28T19:01:37+00:00\",\"description\":\"Xacobeando is a project of volunteer teams in high priority areas within the European Solidarity Corps. Xunta de Galicia project.\",\"breadcrumb\":{\"@id\":\"https:\/\/www.xacobeando.eu\/en\/my-first-camino-in-palas-de-rei\/#breadcrumb\"},\"inLanguage\":\"es\",\"potentialAction\":[{\"@type\":\"ReadAction\",\"target\":[\"https:\/\/www.xacobeando.eu\/en\/my-first-camino-in-palas-de-rei\/\"]}]},{\"@type\":\"BreadcrumbList\",\"@id\":\"https:\/\/www.xacobeando.eu\/en\/my-first-camino-in-palas-de-rei\/#breadcrumb\",\"itemListElement\":[{\"@type\":\"ListItem\",\"position\":1,\"name\":\"Home\",\"item\":\"https:\/\/www.xacobeando.eu\/en\/\"},{\"@type\":\"ListItem\",\"position\":2,\"name\":\"Mi primer Camino en Palas de Rei&#8230;\"}]},{\"@type\":\"Article\",\"@id\":\"https:\/\/www.xacobeando.eu\/en\/my-first-camino-in-palas-de-rei\/#article\",\"isPartOf\":{\"@id\":\"https:\/\/www.xacobeando.eu\/en\/my-first-camino-in-palas-de-rei\/\"},\"author\":{\"name\":\"Antonia Ardamerinou\",\"@id\":\"https:\/\/www.xacobeando.eu\/en\/#\/schema\/person\/ae38eb8f80e7cd4f1ad67a225fc4a135\"},\"headline\":\"Mi primer Camino en Palas de Rei&#8230;\",\"datePublished\":\"2022-08-16T21:27:59+00:00\",\"dateModified\":\"2022-08-28T19:01:37+00:00\",\"mainEntityOfPage\":{\"@id\":\"https:\/\/www.xacobeando.eu\/en\/my-first-camino-in-palas-de-rei\/\"},\"wordCount\":464,\"publisher\":{\"@id\":\"https:\/\/www.xacobeando.eu\/en\/#organization\"},\"articleSection\":[\"Uncategorized\"],\"inLanguage\":\"es\"},{\"@type\":\"Person\",\"@id\":\"https:\/\/www.xacobeando.eu\/en\/#\/schema\/person\/ae38eb8f80e7cd4f1ad67a225fc4a135\",\"name\":\"Antonia Ardamerinou\",\"image\":{\"@type\":\"ImageObject\",\"inLanguage\":\"es\",\"@id\":\"https:\/\/www.xacobeando.eu\/en\/#\/schema\/person\/image\/\",\"url\":\"https:\/\/secure.gravatar.com\/avatar\/8af8cae5d54aee31135c469c5860ace49978eb916c8285982f3b637a57b6a516?s=96&d=mm&r=g\",\"contentUrl\":\"https:\/\/secure.gravatar.com\/avatar\/8af8cae5d54aee31135c469c5860ace49978eb916c8285982f3b637a57b6a516?s=96&d=mm&r=g\",\"caption\":\"Antonia Ardamerinou\"},\"description\":\"\u00a1Hola chic@s! My name is Antonia, I am 24 years old and I am from Greece. I like creating beautiful memories with the people I interact and spending time close to nature!\",\"sameAs\":[\"https:\/\/instagram.com\/antonia_arda\"],\"url\":\"https:\/\/www.xacobeando.eu\/es\/author\/antoniaardamerinou\/\"}]}<\/script>\n<!-- \/ Yoast SEO plugin. -->","yoast_head_json":{"title":"Mi primer Camino en Palas de Rei... | Xacobeando","description":"Xacobeando is a project of volunteer teams in high priority areas within the European Solidarity Corps. Xunta de Galicia project.","robots":{"index":"index","follow":"follow","max-snippet":"max-snippet:-1","max-image-preview":"max-image-preview:large","max-video-preview":"max-video-preview:-1"},"canonical":"https:\/\/www.xacobeando.eu\/en\/my-first-camino-in-palas-de-rei\/","og_locale":"es_ES","og_type":"article","og_title":"Mi primer Camino en Palas de Rei... | Xacobeando","og_description":"Xacobeando is a project of volunteer teams in high priority areas within the European Solidarity Corps. Xunta de Galicia project.","og_url":"https:\/\/www.xacobeando.eu\/en\/my-first-camino-in-palas-de-rei\/","og_site_name":"Xacobeando","article_publisher":"https:\/\/www.facebook.com\/Xacobeando-101211579315381","article_published_time":"2022-08-16T21:27:59+00:00","article_modified_time":"2022-08-28T19:01:37+00:00","og_image":[{"width":1440,"height":1800,"url":"https:\/\/www.xacobeando.eu\/wp-content\/uploads\/2022\/08\/58652264-D79F-4EFF-ACBF-84EBA75D9CE7.jpeg","type":"image\/jpeg"}],"author":"Antonia Ardamerinou","twitter_card":"summary_large_image","twitter_misc":{"Escrito por":"Antonia Ardamerinou","Tiempo de lectura":"2 minutos"},"schema":{"@context":"https:\/\/schema.org","@graph":[{"@type":"Organization","@id":"https:\/\/www.xacobeando.eu\/en\/#organization","name":"Xacobeando","url":"https:\/\/www.xacobeando.eu\/en\/","sameAs":["https:\/\/www.instagram.com\/xacobeando.xuventude\/","https:\/\/www.facebook.com\/Xacobeando-101211579315381"],"logo":{"@type":"ImageObject","inLanguage":"es","@id":"https:\/\/www.xacobeando.eu\/en\/#\/schema\/logo\/image\/","url":"https:\/\/www.xacobeando.eu\/wp-content\/uploads\/2022\/06\/xac-logo-pos.svg","contentUrl":"https:\/\/www.xacobeando.eu\/wp-content\/uploads\/2022\/06\/xac-logo-pos.svg","width":507,"height":72,"caption":"Xacobeando"},"image":{"@id":"https:\/\/www.xacobeando.eu\/en\/#\/schema\/logo\/image\/"}},{"@type":"WebSite","@id":"https:\/\/www.xacobeando.eu\/en\/#website","url":"https:\/\/www.xacobeando.eu\/en\/","name":"Xacobeando","description":"Camino de Santiago","publisher":{"@id":"https:\/\/www.xacobeando.eu\/en\/#organization"},"potentialAction":[{"@type":"SearchAction","target":{"@type":"EntryPoint","urlTemplate":"https:\/\/www.xacobeando.eu\/en\/?s={search_term_string}"},"query-input":"required name=search_term_string"}],"inLanguage":"es"},{"@type":"WebPage","@id":"https:\/\/www.xacobeando.eu\/en\/my-first-camino-in-palas-de-rei\/","url":"https:\/\/www.xacobeando.eu\/en\/my-first-camino-in-palas-de-rei\/","name":"Mi primer Camino en Palas de Rei... | Xacobeando","isPartOf":{"@id":"https:\/\/www.xacobeando.eu\/en\/#website"},"datePublished":"2022-08-16T21:27:59+00:00","dateModified":"2022-08-28T19:01:37+00:00","description":"Xacobeando is a project of volunteer teams in high priority areas within the European Solidarity Corps. Xunta de Galicia project.","breadcrumb":{"@id":"https:\/\/www.xacobeando.eu\/en\/my-first-camino-in-palas-de-rei\/#breadcrumb"},"inLanguage":"es","potentialAction":[{"@type":"ReadAction","target":["https:\/\/www.xacobeando.eu\/en\/my-first-camino-in-palas-de-rei\/"]}]},{"@type":"BreadcrumbList","@id":"https:\/\/www.xacobeando.eu\/en\/my-first-camino-in-palas-de-rei\/#breadcrumb","itemListElement":[{"@type":"ListItem","position":1,"name":"Home","item":"https:\/\/www.xacobeando.eu\/en\/"},{"@type":"ListItem","position":2,"name":"Mi primer Camino en Palas de Rei&#8230;"}]},{"@type":"Article","@id":"https:\/\/www.xacobeando.eu\/en\/my-first-camino-in-palas-de-rei\/#article","isPartOf":{"@id":"https:\/\/www.xacobeando.eu\/en\/my-first-camino-in-palas-de-rei\/"},"author":{"name":"Antonia Ardamerinou","@id":"https:\/\/www.xacobeando.eu\/en\/#\/schema\/person\/ae38eb8f80e7cd4f1ad67a225fc4a135"},"headline":"Mi primer Camino en Palas de Rei&#8230;","datePublished":"2022-08-16T21:27:59+00:00","dateModified":"2022-08-28T19:01:37+00:00","mainEntityOfPage":{"@id":"https:\/\/www.xacobeando.eu\/en\/my-first-camino-in-palas-de-rei\/"},"wordCount":464,"publisher":{"@id":"https:\/\/www.xacobeando.eu\/en\/#organization"},"articleSection":["Uncategorized"],"inLanguage":"es"},{"@type":"Person","@id":"https:\/\/www.xacobeando.eu\/en\/#\/schema\/person\/ae38eb8f80e7cd4f1ad67a225fc4a135","name":"Antonia Ardamerinou","image":{"@type":"ImageObject","inLanguage":"es","@id":"https:\/\/www.xacobeando.eu\/en\/#\/schema\/person\/image\/","url":"https:\/\/secure.gravatar.com\/avatar\/8af8cae5d54aee31135c469c5860ace49978eb916c8285982f3b637a57b6a516?s=96&d=mm&r=g","contentUrl":"https:\/\/secure.gravatar.com\/avatar\/8af8cae5d54aee31135c469c5860ace49978eb916c8285982f3b637a57b6a516?s=96&d=mm&r=g","caption":"Antonia Ardamerinou"},"description":"\u00a1Hola chic@s! My name is Antonia, I am 24 years old and I am from Greece. I like creating beautiful memories with the people I interact and spending time close to nature!","sameAs":["https:\/\/instagram.com\/antonia_arda"],"url":"https:\/\/www.xacobeando.eu\/es\/author\/antoniaardamerinou\/"}]}},"_links":{"self":[{"href":"https:\/\/www.xacobeando.eu\/es\/wp-json\/wp\/v2\/posts\/1801","targetHints":{"allow":["GET"]}}],"collection":[{"href":"https:\/\/www.xacobeando.eu\/es\/wp-json\/wp\/v2\/posts"}],"about":[{"href":"https:\/\/www.xacobeando.eu\/es\/wp-json\/wp\/v2\/types\/post"}],"author":[{"embeddable":true,"href":"https:\/\/www.xacobeando.eu\/es\/wp-json\/wp\/v2\/users\/68"}],"replies":[{"embeddable":true,"href":"https:\/\/www.xacobeando.eu\/es\/wp-json\/wp\/v2\/comments?post=1801"}],"version-history":[{"count":9,"href":"https:\/\/www.xacobeando.eu\/es\/wp-json\/wp\/v2\/posts\/1801\/revisions"}],"predecessor-version":[{"id":2347,"href":"https:\/\/www.xacobeando.eu\/es\/wp-json\/wp\/v2\/posts\/1801\/revisions\/2347"}],"wp:featuredmedia":[{"embeddable":true,"href":"https:\/\/www.xacobeando.eu\/es\/wp-json\/wp\/v2\/media\/1789"}],"wp:attachment":[{"href":"https:\/\/www.xacobeando.eu\/es\/wp-json\/wp\/v2\/media?parent=1801"}],"wp:term":[{"taxonomy":"category","embeddable":true,"href":"https:\/\/www.xacobeando.eu\/es\/wp-json\/wp\/v2\/categories?post=1801"},{"taxonomy":"post_tag","embeddable":true,"href":"https:\/\/www.xacobeando.eu\/es\/wp-json\/wp\/v2\/tags?post=1801"}],"curies":[{"name":"wp","href":"https:\/\/api.w.org\/{rel}","templated":true}]}}