{"id":2070,"date":"2022-08-22T15:46:29","date_gmt":"2022-08-22T13:46:29","guid":{"rendered":"https:\/\/www.xacobeando.eu\/walking-day-in-padron\/"},"modified":"2022-08-22T16:02:44","modified_gmt":"2022-08-22T14:02:44","slug":"walking-day-in-padron","status":"publish","type":"post","link":"https:\/\/www.xacobeando.eu\/es\/walking-day-in-padron\/","title":{"rendered":"WALKING DAY IN PADR\u00d3N"},"content":{"rendered":"<p>Por la ma\u00f1ana hemos hecho senderismo desde Padr\u00f3n a Escravitude con la finalidad de ver lo accesible que es para personas con discapacidades. Nos ha hecho un d\u00eda soleado pero con mucho aire as\u00ed que no hemos pasado calor, lo hemos disfrutado mucho aunque no hab\u00edan muchos peregrinos lo cual es un poco triste. Hemos aprovechado para poner carteles por el camino para concienciar a la gente sobre el reciclaje pero he de decir que no hab\u00eda mucha basura por el camino, puede ser que porque no pasen muchos peregrinos o porque de la casualidad de que los que han pasado han sido cuidadosos.<\/p>\n<p>&nbsp;<\/p>\n<p>In the morning we hiked from Padr\u00f3n to Escravitude in order to see how accessible it is for people with disabilities. It has been a sunny day but with a lot of air so we have not been hot, we have enjoyed it a lot although there were not many pilgrims which is a little sad. We have taken the opportunity to put posters along the way to raise awareness about recycling but I must say that there was not much trash along the way, maybe because not many pilgrims pass or because of the coincidence that those who have passed have been careful.<\/p>\n<p>&nbsp;<\/p>\n","protected":false},"excerpt":{"rendered":"<p>Por la ma\u00f1ana hemos hecho senderismo desde Padr\u00f3n a Escravitude con la finalidad de ver lo accesible que es para personas&#8230;<\/p>\n","protected":false},"author":7,"featured_media":2080,"comment_status":"closed","ping_status":"closed","sticky":false,"template":"","format":"standard","meta":{"footnotes":""},"categories":[1],"tags":[],"class_list":["post-2070","post","type-post","status-publish","format-standard","has-post-thumbnail","hentry","category-uncategorized","paths-portuguese-way","digital_path-volunteer"],"acf":[],"yoast_head":"<!-- This site is optimized with the Yoast SEO plugin v19.4 - https:\/\/yoast.com\/wordpress\/plugins\/seo\/ -->\n<title>WALKING DAY IN PADR\u00d3N | Xacobeando<\/title>\n<meta name=\"description\" content=\"Xacobeando is a project of volunteer teams in high priority areas within the European Solidarity Corps. Xunta de Galicia project.\" \/>\n<meta name=\"robots\" content=\"index, follow, max-snippet:-1, max-image-preview:large, max-video-preview:-1\" \/>\n<link rel=\"canonical\" href=\"https:\/\/www.xacobeando.eu\/en\/walking-day-in-padron\/\" \/>\n<meta property=\"og:locale\" content=\"es_ES\" \/>\n<meta property=\"og:type\" content=\"article\" \/>\n<meta property=\"og:title\" content=\"WALKING DAY IN PADR\u00d3N | Xacobeando\" \/>\n<meta property=\"og:description\" content=\"Xacobeando is a project of volunteer teams in high priority areas within the European Solidarity Corps. Xunta de Galicia project.\" \/>\n<meta property=\"og:url\" content=\"https:\/\/www.xacobeando.eu\/en\/walking-day-in-padron\/\" \/>\n<meta property=\"og:site_name\" content=\"Xacobeando\" \/>\n<meta property=\"article:publisher\" content=\"https:\/\/www.facebook.com\/Xacobeando-101211579315381\" \/>\n<meta property=\"article:published_time\" content=\"2022-08-22T13:46:29+00:00\" \/>\n<meta property=\"article:modified_time\" content=\"2022-08-22T14:02:44+00:00\" \/>\n<meta property=\"og:image\" content=\"https:\/\/www.xacobeando.eu\/wp-content\/uploads\/2022\/06\/pexels-jo-kassis-11690243-scaled.jpg\" \/>\n\t<meta property=\"og:image:width\" content=\"2560\" \/>\n\t<meta property=\"og:image:height\" content=\"1707\" \/>\n\t<meta property=\"og:image:type\" content=\"image\/jpeg\" \/>\n<meta name=\"author\" content=\"Fabiola Lucena Horcas\" \/>\n<meta name=\"twitter:card\" content=\"summary_large_image\" \/>\n<meta name=\"twitter:label1\" content=\"Escrito por\" \/>\n\t<meta name=\"twitter:data1\" content=\"Fabiola Lucena Horcas\" \/>\n\t<meta name=\"twitter:label2\" content=\"Tiempo de lectura\" \/>\n\t<meta name=\"twitter:data2\" content=\"1 minuto\" \/>\n<script type=\"application\/ld+json\" class=\"yoast-schema-graph\">{\"@context\":\"https:\/\/schema.org\",\"@graph\":[{\"@type\":\"Organization\",\"@id\":\"https:\/\/www.xacobeando.eu\/en\/#organization\",\"name\":\"Xacobeando\",\"url\":\"https:\/\/www.xacobeando.eu\/en\/\",\"sameAs\":[\"https:\/\/www.instagram.com\/xacobeando.xuventude\/\",\"https:\/\/www.facebook.com\/Xacobeando-101211579315381\"],\"logo\":{\"@type\":\"ImageObject\",\"inLanguage\":\"es\",\"@id\":\"https:\/\/www.xacobeando.eu\/en\/#\/schema\/logo\/image\/\",\"url\":\"https:\/\/www.xacobeando.eu\/wp-content\/uploads\/2022\/06\/xac-logo-pos.svg\",\"contentUrl\":\"https:\/\/www.xacobeando.eu\/wp-content\/uploads\/2022\/06\/xac-logo-pos.svg\",\"width\":507,\"height\":72,\"caption\":\"Xacobeando\"},\"image\":{\"@id\":\"https:\/\/www.xacobeando.eu\/en\/#\/schema\/logo\/image\/\"}},{\"@type\":\"WebSite\",\"@id\":\"https:\/\/www.xacobeando.eu\/en\/#website\",\"url\":\"https:\/\/www.xacobeando.eu\/en\/\",\"name\":\"Xacobeando\",\"description\":\"Camino de Santiago\",\"publisher\":{\"@id\":\"https:\/\/www.xacobeando.eu\/en\/#organization\"},\"potentialAction\":[{\"@type\":\"SearchAction\",\"target\":{\"@type\":\"EntryPoint\",\"urlTemplate\":\"https:\/\/www.xacobeando.eu\/en\/?s={search_term_string}\"},\"query-input\":\"required name=search_term_string\"}],\"inLanguage\":\"es\"},{\"@type\":\"WebPage\",\"@id\":\"https:\/\/www.xacobeando.eu\/en\/walking-day-in-padron\/\",\"url\":\"https:\/\/www.xacobeando.eu\/en\/walking-day-in-padron\/\",\"name\":\"WALKING DAY IN PADR\u00d3N | Xacobeando\",\"isPartOf\":{\"@id\":\"https:\/\/www.xacobeando.eu\/en\/#website\"},\"datePublished\":\"2022-08-22T13:46:29+00:00\",\"dateModified\":\"2022-08-22T14:02:44+00:00\",\"description\":\"Xacobeando is a project of volunteer teams in high priority areas within the European Solidarity Corps. Xunta de Galicia project.\",\"breadcrumb\":{\"@id\":\"https:\/\/www.xacobeando.eu\/en\/walking-day-in-padron\/#breadcrumb\"},\"inLanguage\":\"es\",\"potentialAction\":[{\"@type\":\"ReadAction\",\"target\":[\"https:\/\/www.xacobeando.eu\/en\/walking-day-in-padron\/\"]}]},{\"@type\":\"BreadcrumbList\",\"@id\":\"https:\/\/www.xacobeando.eu\/en\/walking-day-in-padron\/#breadcrumb\",\"itemListElement\":[{\"@type\":\"ListItem\",\"position\":1,\"name\":\"Home\",\"item\":\"https:\/\/www.xacobeando.eu\/en\/\"},{\"@type\":\"ListItem\",\"position\":2,\"name\":\"WALKING DAY IN PADR\u00d3N\"}]},{\"@type\":\"Article\",\"@id\":\"https:\/\/www.xacobeando.eu\/en\/walking-day-in-padron\/#article\",\"isPartOf\":{\"@id\":\"https:\/\/www.xacobeando.eu\/en\/walking-day-in-padron\/\"},\"author\":{\"name\":\"Fabiola Lucena Horcas\",\"@id\":\"https:\/\/www.xacobeando.eu\/en\/#\/schema\/person\/20fae0a5b8cd5c888cbd34cbc6296c54\"},\"headline\":\"WALKING DAY IN PADR\u00d3N\",\"datePublished\":\"2022-08-22T13:46:29+00:00\",\"dateModified\":\"2022-08-22T14:02:44+00:00\",\"mainEntityOfPage\":{\"@id\":\"https:\/\/www.xacobeando.eu\/en\/walking-day-in-padron\/\"},\"wordCount\":221,\"publisher\":{\"@id\":\"https:\/\/www.xacobeando.eu\/en\/#organization\"},\"articleSection\":[\"Uncategorized\"],\"inLanguage\":\"es\"},{\"@type\":\"Person\",\"@id\":\"https:\/\/www.xacobeando.eu\/en\/#\/schema\/person\/20fae0a5b8cd5c888cbd34cbc6296c54\",\"name\":\"Fabiola Lucena Horcas\",\"image\":{\"@type\":\"ImageObject\",\"inLanguage\":\"es\",\"@id\":\"https:\/\/www.xacobeando.eu\/en\/#\/schema\/person\/image\/\",\"url\":\"https:\/\/secure.gravatar.com\/avatar\/69f94eb13ee8284866c8be94052a5e61386a4c4db78efdc7e1507e20cf7e0896?s=96&d=mm&r=g\",\"contentUrl\":\"https:\/\/secure.gravatar.com\/avatar\/69f94eb13ee8284866c8be94052a5e61386a4c4db78efdc7e1507e20cf7e0896?s=96&d=mm&r=g\",\"caption\":\"Fabiola Lucena Horcas\"},\"description\":\"I\u00b4m From Baena (C\u00f3rdoba). In my free time I usually listen to music, go hiking, meditate, read. I love helping people so that summer I decided to volunteer in Galicia.\",\"sameAs\":[\"https:\/\/instagram.com\/fabiolalucenaa\"],\"url\":\"https:\/\/www.xacobeando.eu\/es\/author\/fabiolalucenahorcas\/\"}]}<\/script>\n<!-- \/ Yoast SEO plugin. -->","yoast_head_json":{"title":"WALKING DAY IN PADR\u00d3N | Xacobeando","description":"Xacobeando is a project of volunteer teams in high priority areas within the European Solidarity Corps. Xunta de Galicia project.","robots":{"index":"index","follow":"follow","max-snippet":"max-snippet:-1","max-image-preview":"max-image-preview:large","max-video-preview":"max-video-preview:-1"},"canonical":"https:\/\/www.xacobeando.eu\/en\/walking-day-in-padron\/","og_locale":"es_ES","og_type":"article","og_title":"WALKING DAY IN PADR\u00d3N | Xacobeando","og_description":"Xacobeando is a project of volunteer teams in high priority areas within the European Solidarity Corps. Xunta de Galicia project.","og_url":"https:\/\/www.xacobeando.eu\/en\/walking-day-in-padron\/","og_site_name":"Xacobeando","article_publisher":"https:\/\/www.facebook.com\/Xacobeando-101211579315381","article_published_time":"2022-08-22T13:46:29+00:00","article_modified_time":"2022-08-22T14:02:44+00:00","og_image":[{"width":2560,"height":1707,"url":"https:\/\/www.xacobeando.eu\/wp-content\/uploads\/2022\/06\/pexels-jo-kassis-11690243-scaled.jpg","type":"image\/jpeg"}],"author":"Fabiola Lucena Horcas","twitter_card":"summary_large_image","twitter_misc":{"Escrito por":"Fabiola Lucena Horcas","Tiempo de lectura":"1 minuto"},"schema":{"@context":"https:\/\/schema.org","@graph":[{"@type":"Organization","@id":"https:\/\/www.xacobeando.eu\/en\/#organization","name":"Xacobeando","url":"https:\/\/www.xacobeando.eu\/en\/","sameAs":["https:\/\/www.instagram.com\/xacobeando.xuventude\/","https:\/\/www.facebook.com\/Xacobeando-101211579315381"],"logo":{"@type":"ImageObject","inLanguage":"es","@id":"https:\/\/www.xacobeando.eu\/en\/#\/schema\/logo\/image\/","url":"https:\/\/www.xacobeando.eu\/wp-content\/uploads\/2022\/06\/xac-logo-pos.svg","contentUrl":"https:\/\/www.xacobeando.eu\/wp-content\/uploads\/2022\/06\/xac-logo-pos.svg","width":507,"height":72,"caption":"Xacobeando"},"image":{"@id":"https:\/\/www.xacobeando.eu\/en\/#\/schema\/logo\/image\/"}},{"@type":"WebSite","@id":"https:\/\/www.xacobeando.eu\/en\/#website","url":"https:\/\/www.xacobeando.eu\/en\/","name":"Xacobeando","description":"Camino de Santiago","publisher":{"@id":"https:\/\/www.xacobeando.eu\/en\/#organization"},"potentialAction":[{"@type":"SearchAction","target":{"@type":"EntryPoint","urlTemplate":"https:\/\/www.xacobeando.eu\/en\/?s={search_term_string}"},"query-input":"required name=search_term_string"}],"inLanguage":"es"},{"@type":"WebPage","@id":"https:\/\/www.xacobeando.eu\/en\/walking-day-in-padron\/","url":"https:\/\/www.xacobeando.eu\/en\/walking-day-in-padron\/","name":"WALKING DAY IN PADR\u00d3N | Xacobeando","isPartOf":{"@id":"https:\/\/www.xacobeando.eu\/en\/#website"},"datePublished":"2022-08-22T13:46:29+00:00","dateModified":"2022-08-22T14:02:44+00:00","description":"Xacobeando is a project of volunteer teams in high priority areas within the European Solidarity Corps. Xunta de Galicia project.","breadcrumb":{"@id":"https:\/\/www.xacobeando.eu\/en\/walking-day-in-padron\/#breadcrumb"},"inLanguage":"es","potentialAction":[{"@type":"ReadAction","target":["https:\/\/www.xacobeando.eu\/en\/walking-day-in-padron\/"]}]},{"@type":"BreadcrumbList","@id":"https:\/\/www.xacobeando.eu\/en\/walking-day-in-padron\/#breadcrumb","itemListElement":[{"@type":"ListItem","position":1,"name":"Home","item":"https:\/\/www.xacobeando.eu\/en\/"},{"@type":"ListItem","position":2,"name":"WALKING DAY IN PADR\u00d3N"}]},{"@type":"Article","@id":"https:\/\/www.xacobeando.eu\/en\/walking-day-in-padron\/#article","isPartOf":{"@id":"https:\/\/www.xacobeando.eu\/en\/walking-day-in-padron\/"},"author":{"name":"Fabiola Lucena Horcas","@id":"https:\/\/www.xacobeando.eu\/en\/#\/schema\/person\/20fae0a5b8cd5c888cbd34cbc6296c54"},"headline":"WALKING DAY IN PADR\u00d3N","datePublished":"2022-08-22T13:46:29+00:00","dateModified":"2022-08-22T14:02:44+00:00","mainEntityOfPage":{"@id":"https:\/\/www.xacobeando.eu\/en\/walking-day-in-padron\/"},"wordCount":221,"publisher":{"@id":"https:\/\/www.xacobeando.eu\/en\/#organization"},"articleSection":["Uncategorized"],"inLanguage":"es"},{"@type":"Person","@id":"https:\/\/www.xacobeando.eu\/en\/#\/schema\/person\/20fae0a5b8cd5c888cbd34cbc6296c54","name":"Fabiola Lucena Horcas","image":{"@type":"ImageObject","inLanguage":"es","@id":"https:\/\/www.xacobeando.eu\/en\/#\/schema\/person\/image\/","url":"https:\/\/secure.gravatar.com\/avatar\/69f94eb13ee8284866c8be94052a5e61386a4c4db78efdc7e1507e20cf7e0896?s=96&d=mm&r=g","contentUrl":"https:\/\/secure.gravatar.com\/avatar\/69f94eb13ee8284866c8be94052a5e61386a4c4db78efdc7e1507e20cf7e0896?s=96&d=mm&r=g","caption":"Fabiola Lucena Horcas"},"description":"I\u00b4m From Baena (C\u00f3rdoba). In my free time I usually listen to music, go hiking, meditate, read. I love helping people so that summer I decided to volunteer in Galicia.","sameAs":["https:\/\/instagram.com\/fabiolalucenaa"],"url":"https:\/\/www.xacobeando.eu\/es\/author\/fabiolalucenahorcas\/"}]}},"_links":{"self":[{"href":"https:\/\/www.xacobeando.eu\/es\/wp-json\/wp\/v2\/posts\/2070","targetHints":{"allow":["GET"]}}],"collection":[{"href":"https:\/\/www.xacobeando.eu\/es\/wp-json\/wp\/v2\/posts"}],"about":[{"href":"https:\/\/www.xacobeando.eu\/es\/wp-json\/wp\/v2\/types\/post"}],"author":[{"embeddable":true,"href":"https:\/\/www.xacobeando.eu\/es\/wp-json\/wp\/v2\/users\/7"}],"replies":[{"embeddable":true,"href":"https:\/\/www.xacobeando.eu\/es\/wp-json\/wp\/v2\/comments?post=2070"}],"version-history":[{"count":1,"href":"https:\/\/www.xacobeando.eu\/es\/wp-json\/wp\/v2\/posts\/2070\/revisions"}],"predecessor-version":[{"id":2082,"href":"https:\/\/www.xacobeando.eu\/es\/wp-json\/wp\/v2\/posts\/2070\/revisions\/2082"}],"wp:featuredmedia":[{"embeddable":true,"href":"https:\/\/www.xacobeando.eu\/es\/wp-json\/wp\/v2\/media\/2080"}],"wp:attachment":[{"href":"https:\/\/www.xacobeando.eu\/es\/wp-json\/wp\/v2\/media?parent=2070"}],"wp:term":[{"taxonomy":"category","embeddable":true,"href":"https:\/\/www.xacobeando.eu\/es\/wp-json\/wp\/v2\/categories?post=2070"},{"taxonomy":"post_tag","embeddable":true,"href":"https:\/\/www.xacobeando.eu\/es\/wp-json\/wp\/v2\/tags?post=2070"}],"curies":[{"name":"wp","href":"https:\/\/api.w.org\/{rel}","templated":true}]}}