{"id":2171,"date":"2022-08-23T10:55:06","date_gmt":"2022-08-23T08:55:06","guid":{"rendered":"https:\/\/www.xacobeando.eu\/8th-augost-12-august-arzua\/"},"modified":"2022-11-07T16:06:11","modified_gmt":"2022-11-07T15:06:11","slug":"8th-augost-12-august-arzua","status":"publish","type":"post","link":"https:\/\/www.xacobeando.eu\/es\/8th-augost-12-august-arzua\/","title":{"rendered":"FIRST WEEK in Arz\u00faa , Augost 8 \u2013 August 12"},"content":{"rendered":"<p><span style=\"color: #0000ff;\"><em><strong>August 8 \u2013 August 12<\/strong><\/em><\/span><\/p>\n<hr \/>\n<p>??\u00a0The first week has been a introductory week in which we have visited the 2 public hostels and we have met the major of Arz\u00faa.<\/p>\n<p>Also we have had a radio interview.<\/p>\n<p>And thanks to the mayor we can go to the public swimming pool during our stay in Arz\u00faa.<\/p>\n<p>??\u00a0La primera semana ha sido una semana de iniciaci\u00f3n en la que hemos visitado los 2 albergues p\u00fablicos y hemos conocido al alcalde de Arz\u00faa.<\/p>\n<p>Tambi\u00e9n hemos tenido una entrevista de radio.<\/p>\n<p>Y gracias al alcalde podemos ir a la piscina p\u00fablica durante nuestra estancia en Arz\u00faa.<\/p>\n<p>&nbsp;<\/p>\n","protected":false},"excerpt":{"rendered":"<p>August 8 \u2013 August 12 ??\u00a0The first week has been a introductory week in which we have visited the 2 public&#8230;<\/p>\n","protected":false},"author":70,"featured_media":2179,"comment_status":"closed","ping_status":"closed","sticky":false,"template":"","format":"standard","meta":{"footnotes":""},"categories":[1],"tags":[],"class_list":["post-2171","post","type-post","status-publish","format-standard","has-post-thumbnail","hentry","category-uncategorized","paths-french-way","digital_path-volunteer"],"acf":[],"yoast_head":"<!-- This site is optimized with the Yoast SEO plugin v19.4 - https:\/\/yoast.com\/wordpress\/plugins\/seo\/ -->\n<title>FIRST WEEK in Arz\u00faa , Augost 8 \u2013 August 12 | Xacobeando<\/title>\n<meta name=\"description\" content=\"Xacobeando is a project of volunteer teams in high priority areas within the European Solidarity Corps. Xunta de Galicia project.\" \/>\n<meta name=\"robots\" content=\"index, follow, max-snippet:-1, max-image-preview:large, max-video-preview:-1\" \/>\n<link rel=\"canonical\" href=\"https:\/\/www.xacobeando.eu\/en\/8th-augost-12-august-arzua\/\" \/>\n<meta property=\"og:locale\" content=\"es_ES\" \/>\n<meta property=\"og:type\" content=\"article\" \/>\n<meta property=\"og:title\" content=\"FIRST WEEK in Arz\u00faa , Augost 8 \u2013 August 12 | Xacobeando\" \/>\n<meta property=\"og:description\" content=\"Xacobeando is a project of volunteer teams in high priority areas within the European Solidarity Corps. Xunta de Galicia project.\" \/>\n<meta property=\"og:url\" content=\"https:\/\/www.xacobeando.eu\/en\/8th-augost-12-august-arzua\/\" \/>\n<meta property=\"og:site_name\" content=\"Xacobeando\" \/>\n<meta property=\"article:publisher\" content=\"https:\/\/www.facebook.com\/Xacobeando-101211579315381\" \/>\n<meta property=\"article:published_time\" content=\"2022-08-23T08:55:06+00:00\" \/>\n<meta property=\"article:modified_time\" content=\"2022-11-07T15:06:11+00:00\" \/>\n<meta property=\"og:image\" content=\"https:\/\/www.xacobeando.eu\/wp-content\/uploads\/2022\/08\/IMG_20220818_101809-scaled.jpg\" \/>\n\t<meta property=\"og:image:width\" content=\"1920\" \/>\n\t<meta property=\"og:image:height\" content=\"2560\" \/>\n\t<meta property=\"og:image:type\" content=\"image\/jpeg\" \/>\n<meta name=\"author\" content=\"Diana Ramos Rodr\u00edguez\" \/>\n<meta name=\"twitter:card\" content=\"summary_large_image\" \/>\n<meta name=\"twitter:label1\" content=\"Escrito por\" \/>\n\t<meta name=\"twitter:data1\" content=\"Diana Ramos Rodr\u00edguez\" \/>\n\t<meta name=\"twitter:label2\" content=\"Tiempo de lectura\" \/>\n\t<meta name=\"twitter:data2\" content=\"1 minuto\" \/>\n<script type=\"application\/ld+json\" class=\"yoast-schema-graph\">{\"@context\":\"https:\/\/schema.org\",\"@graph\":[{\"@type\":\"Organization\",\"@id\":\"https:\/\/www.xacobeando.eu\/en\/#organization\",\"name\":\"Xacobeando\",\"url\":\"https:\/\/www.xacobeando.eu\/en\/\",\"sameAs\":[\"https:\/\/www.instagram.com\/xacobeando.xuventude\/\",\"https:\/\/www.facebook.com\/Xacobeando-101211579315381\"],\"logo\":{\"@type\":\"ImageObject\",\"inLanguage\":\"es\",\"@id\":\"https:\/\/www.xacobeando.eu\/en\/#\/schema\/logo\/image\/\",\"url\":\"https:\/\/www.xacobeando.eu\/wp-content\/uploads\/2022\/06\/xac-logo-pos.svg\",\"contentUrl\":\"https:\/\/www.xacobeando.eu\/wp-content\/uploads\/2022\/06\/xac-logo-pos.svg\",\"width\":507,\"height\":72,\"caption\":\"Xacobeando\"},\"image\":{\"@id\":\"https:\/\/www.xacobeando.eu\/en\/#\/schema\/logo\/image\/\"}},{\"@type\":\"WebSite\",\"@id\":\"https:\/\/www.xacobeando.eu\/en\/#website\",\"url\":\"https:\/\/www.xacobeando.eu\/en\/\",\"name\":\"Xacobeando\",\"description\":\"Camino de Santiago\",\"publisher\":{\"@id\":\"https:\/\/www.xacobeando.eu\/en\/#organization\"},\"potentialAction\":[{\"@type\":\"SearchAction\",\"target\":{\"@type\":\"EntryPoint\",\"urlTemplate\":\"https:\/\/www.xacobeando.eu\/en\/?s={search_term_string}\"},\"query-input\":\"required name=search_term_string\"}],\"inLanguage\":\"es\"},{\"@type\":\"WebPage\",\"@id\":\"https:\/\/www.xacobeando.eu\/en\/8th-augost-12-august-arzua\/\",\"url\":\"https:\/\/www.xacobeando.eu\/en\/8th-augost-12-august-arzua\/\",\"name\":\"FIRST WEEK in Arz\u00faa , Augost 8 \u2013 August 12 | Xacobeando\",\"isPartOf\":{\"@id\":\"https:\/\/www.xacobeando.eu\/en\/#website\"},\"datePublished\":\"2022-08-23T08:55:06+00:00\",\"dateModified\":\"2022-11-07T15:06:11+00:00\",\"description\":\"Xacobeando is a project of volunteer teams in high priority areas within the European Solidarity Corps. Xunta de Galicia project.\",\"breadcrumb\":{\"@id\":\"https:\/\/www.xacobeando.eu\/en\/8th-augost-12-august-arzua\/#breadcrumb\"},\"inLanguage\":\"es\",\"potentialAction\":[{\"@type\":\"ReadAction\",\"target\":[\"https:\/\/www.xacobeando.eu\/en\/8th-augost-12-august-arzua\/\"]}]},{\"@type\":\"BreadcrumbList\",\"@id\":\"https:\/\/www.xacobeando.eu\/en\/8th-augost-12-august-arzua\/#breadcrumb\",\"itemListElement\":[{\"@type\":\"ListItem\",\"position\":1,\"name\":\"Home\",\"item\":\"https:\/\/www.xacobeando.eu\/en\/\"},{\"@type\":\"ListItem\",\"position\":2,\"name\":\"FIRST WEEK in Arz\u00faa , Augost 8 \u2013 August 12\"}]},{\"@type\":\"Article\",\"@id\":\"https:\/\/www.xacobeando.eu\/en\/8th-augost-12-august-arzua\/#article\",\"isPartOf\":{\"@id\":\"https:\/\/www.xacobeando.eu\/en\/8th-augost-12-august-arzua\/\"},\"author\":{\"name\":\"Diana Ramos Rodr\u00edguez\",\"@id\":\"https:\/\/www.xacobeando.eu\/en\/#\/schema\/person\/97d03f39fa18f30a97184d518bc22a1f\"},\"headline\":\"FIRST WEEK in Arz\u00faa , Augost 8 \u2013 August 12\",\"datePublished\":\"2022-08-23T08:55:06+00:00\",\"dateModified\":\"2022-11-07T15:06:11+00:00\",\"mainEntityOfPage\":{\"@id\":\"https:\/\/www.xacobeando.eu\/en\/8th-augost-12-august-arzua\/\"},\"wordCount\":113,\"publisher\":{\"@id\":\"https:\/\/www.xacobeando.eu\/en\/#organization\"},\"articleSection\":[\"Uncategorized\"],\"inLanguage\":\"es\"},{\"@type\":\"Person\",\"@id\":\"https:\/\/www.xacobeando.eu\/en\/#\/schema\/person\/97d03f39fa18f30a97184d518bc22a1f\",\"name\":\"Diana Ramos Rodr\u00edguez\",\"image\":{\"@type\":\"ImageObject\",\"inLanguage\":\"es\",\"@id\":\"https:\/\/www.xacobeando.eu\/en\/#\/schema\/person\/image\/\",\"url\":\"https:\/\/secure.gravatar.com\/avatar\/36fa1c365b9fd374bddf36f23ce2f90535549b4163525df515e46901e42c942f?s=96&d=mm&r=g\",\"contentUrl\":\"https:\/\/secure.gravatar.com\/avatar\/36fa1c365b9fd374bddf36f23ce2f90535549b4163525df515e46901e42c942f?s=96&d=mm&r=g\",\"caption\":\"Diana Ramos Rodr\u00edguez\"},\"description\":\"Day of arrival : 31 st of july Location: First 4 days: Centro Don Bosco . Until the end of volunteering : Arz\u00faa.\",\"url\":\"https:\/\/www.xacobeando.eu\/es\/author\/dianaramos\/\"}]}<\/script>\n<!-- \/ Yoast SEO plugin. -->","yoast_head_json":{"title":"FIRST WEEK in Arz\u00faa , Augost 8 \u2013 August 12 | Xacobeando","description":"Xacobeando is a project of volunteer teams in high priority areas within the European Solidarity Corps. Xunta de Galicia project.","robots":{"index":"index","follow":"follow","max-snippet":"max-snippet:-1","max-image-preview":"max-image-preview:large","max-video-preview":"max-video-preview:-1"},"canonical":"https:\/\/www.xacobeando.eu\/en\/8th-augost-12-august-arzua\/","og_locale":"es_ES","og_type":"article","og_title":"FIRST WEEK in Arz\u00faa , Augost 8 \u2013 August 12 | Xacobeando","og_description":"Xacobeando is a project of volunteer teams in high priority areas within the European Solidarity Corps. Xunta de Galicia project.","og_url":"https:\/\/www.xacobeando.eu\/en\/8th-augost-12-august-arzua\/","og_site_name":"Xacobeando","article_publisher":"https:\/\/www.facebook.com\/Xacobeando-101211579315381","article_published_time":"2022-08-23T08:55:06+00:00","article_modified_time":"2022-11-07T15:06:11+00:00","og_image":[{"width":1920,"height":2560,"url":"https:\/\/www.xacobeando.eu\/wp-content\/uploads\/2022\/08\/IMG_20220818_101809-scaled.jpg","type":"image\/jpeg"}],"author":"Diana Ramos Rodr\u00edguez","twitter_card":"summary_large_image","twitter_misc":{"Escrito por":"Diana Ramos Rodr\u00edguez","Tiempo de lectura":"1 minuto"},"schema":{"@context":"https:\/\/schema.org","@graph":[{"@type":"Organization","@id":"https:\/\/www.xacobeando.eu\/en\/#organization","name":"Xacobeando","url":"https:\/\/www.xacobeando.eu\/en\/","sameAs":["https:\/\/www.instagram.com\/xacobeando.xuventude\/","https:\/\/www.facebook.com\/Xacobeando-101211579315381"],"logo":{"@type":"ImageObject","inLanguage":"es","@id":"https:\/\/www.xacobeando.eu\/en\/#\/schema\/logo\/image\/","url":"https:\/\/www.xacobeando.eu\/wp-content\/uploads\/2022\/06\/xac-logo-pos.svg","contentUrl":"https:\/\/www.xacobeando.eu\/wp-content\/uploads\/2022\/06\/xac-logo-pos.svg","width":507,"height":72,"caption":"Xacobeando"},"image":{"@id":"https:\/\/www.xacobeando.eu\/en\/#\/schema\/logo\/image\/"}},{"@type":"WebSite","@id":"https:\/\/www.xacobeando.eu\/en\/#website","url":"https:\/\/www.xacobeando.eu\/en\/","name":"Xacobeando","description":"Camino de Santiago","publisher":{"@id":"https:\/\/www.xacobeando.eu\/en\/#organization"},"potentialAction":[{"@type":"SearchAction","target":{"@type":"EntryPoint","urlTemplate":"https:\/\/www.xacobeando.eu\/en\/?s={search_term_string}"},"query-input":"required name=search_term_string"}],"inLanguage":"es"},{"@type":"WebPage","@id":"https:\/\/www.xacobeando.eu\/en\/8th-augost-12-august-arzua\/","url":"https:\/\/www.xacobeando.eu\/en\/8th-augost-12-august-arzua\/","name":"FIRST WEEK in Arz\u00faa , Augost 8 \u2013 August 12 | Xacobeando","isPartOf":{"@id":"https:\/\/www.xacobeando.eu\/en\/#website"},"datePublished":"2022-08-23T08:55:06+00:00","dateModified":"2022-11-07T15:06:11+00:00","description":"Xacobeando is a project of volunteer teams in high priority areas within the European Solidarity Corps. Xunta de Galicia project.","breadcrumb":{"@id":"https:\/\/www.xacobeando.eu\/en\/8th-augost-12-august-arzua\/#breadcrumb"},"inLanguage":"es","potentialAction":[{"@type":"ReadAction","target":["https:\/\/www.xacobeando.eu\/en\/8th-augost-12-august-arzua\/"]}]},{"@type":"BreadcrumbList","@id":"https:\/\/www.xacobeando.eu\/en\/8th-augost-12-august-arzua\/#breadcrumb","itemListElement":[{"@type":"ListItem","position":1,"name":"Home","item":"https:\/\/www.xacobeando.eu\/en\/"},{"@type":"ListItem","position":2,"name":"FIRST WEEK in Arz\u00faa , Augost 8 \u2013 August 12"}]},{"@type":"Article","@id":"https:\/\/www.xacobeando.eu\/en\/8th-augost-12-august-arzua\/#article","isPartOf":{"@id":"https:\/\/www.xacobeando.eu\/en\/8th-augost-12-august-arzua\/"},"author":{"name":"Diana Ramos Rodr\u00edguez","@id":"https:\/\/www.xacobeando.eu\/en\/#\/schema\/person\/97d03f39fa18f30a97184d518bc22a1f"},"headline":"FIRST WEEK in Arz\u00faa , Augost 8 \u2013 August 12","datePublished":"2022-08-23T08:55:06+00:00","dateModified":"2022-11-07T15:06:11+00:00","mainEntityOfPage":{"@id":"https:\/\/www.xacobeando.eu\/en\/8th-augost-12-august-arzua\/"},"wordCount":113,"publisher":{"@id":"https:\/\/www.xacobeando.eu\/en\/#organization"},"articleSection":["Uncategorized"],"inLanguage":"es"},{"@type":"Person","@id":"https:\/\/www.xacobeando.eu\/en\/#\/schema\/person\/97d03f39fa18f30a97184d518bc22a1f","name":"Diana Ramos Rodr\u00edguez","image":{"@type":"ImageObject","inLanguage":"es","@id":"https:\/\/www.xacobeando.eu\/en\/#\/schema\/person\/image\/","url":"https:\/\/secure.gravatar.com\/avatar\/36fa1c365b9fd374bddf36f23ce2f90535549b4163525df515e46901e42c942f?s=96&d=mm&r=g","contentUrl":"https:\/\/secure.gravatar.com\/avatar\/36fa1c365b9fd374bddf36f23ce2f90535549b4163525df515e46901e42c942f?s=96&d=mm&r=g","caption":"Diana Ramos Rodr\u00edguez"},"description":"Day of arrival : 31 st of july Location: First 4 days: Centro Don Bosco . Until the end of volunteering : Arz\u00faa.","url":"https:\/\/www.xacobeando.eu\/es\/author\/dianaramos\/"}]}},"_links":{"self":[{"href":"https:\/\/www.xacobeando.eu\/es\/wp-json\/wp\/v2\/posts\/2171","targetHints":{"allow":["GET"]}}],"collection":[{"href":"https:\/\/www.xacobeando.eu\/es\/wp-json\/wp\/v2\/posts"}],"about":[{"href":"https:\/\/www.xacobeando.eu\/es\/wp-json\/wp\/v2\/types\/post"}],"author":[{"embeddable":true,"href":"https:\/\/www.xacobeando.eu\/es\/wp-json\/wp\/v2\/users\/70"}],"replies":[{"embeddable":true,"href":"https:\/\/www.xacobeando.eu\/es\/wp-json\/wp\/v2\/comments?post=2171"}],"version-history":[{"count":6,"href":"https:\/\/www.xacobeando.eu\/es\/wp-json\/wp\/v2\/posts\/2171\/revisions"}],"predecessor-version":[{"id":4399,"href":"https:\/\/www.xacobeando.eu\/es\/wp-json\/wp\/v2\/posts\/2171\/revisions\/4399"}],"wp:featuredmedia":[{"embeddable":true,"href":"https:\/\/www.xacobeando.eu\/es\/wp-json\/wp\/v2\/media\/2179"}],"wp:attachment":[{"href":"https:\/\/www.xacobeando.eu\/es\/wp-json\/wp\/v2\/media?parent=2171"}],"wp:term":[{"taxonomy":"category","embeddable":true,"href":"https:\/\/www.xacobeando.eu\/es\/wp-json\/wp\/v2\/categories?post=2171"},{"taxonomy":"post_tag","embeddable":true,"href":"https:\/\/www.xacobeando.eu\/es\/wp-json\/wp\/v2\/tags?post=2171"}],"curies":[{"name":"wp","href":"https:\/\/api.w.org\/{rel}","templated":true}]}}