{"id":2197,"date":"2022-08-24T12:08:16","date_gmt":"2022-08-24T10:08:16","guid":{"rendered":"https:\/\/www.xacobeando.eu\/fisterra-el-fin-del-camino-de-santiago\/"},"modified":"2022-11-21T11:01:19","modified_gmt":"2022-11-21T10:01:19","slug":"fisterra-el-fin-del-camino-de-santiago","status":"publish","type":"post","link":"https:\/\/www.xacobeando.eu\/es\/fisterra-el-fin-del-camino-de-santiago\/","title":{"rendered":"Fisterra, el fin del Camino de Santiago"},"content":{"rendered":"<p>??\u00a0The Camino de Finisterre, in Galician called Fisterra, is an official Camino de Santiago. Nevertheless, this Camino differs from all other Caminos. It is the shortest Camino, but most remarkable and it\u2019s the only Camino that does not end in Santiago de Compostela. Actually, it starts in Santiago and ends in Finisterre. For many pilgrims, Finisterre is the real end point of their Camino, where they celebrate their rebirth by watching the sunset and burning their clothes as a ritual.<\/p>\n<p>The name Finisterre is associated with the end of the world. You wonder why? I did as well \ud83d\ude42 It actually comes from the Latin Finis Terrea, which means \u2018the end of the world\u2019. What is more,\u00a0 the Romans gave this name to Finisterre, as the village is one of the most Western points &#8211; they saw the rocky place as the end of the world. Of course, now we know that Finisterre is not the most western point of Spain. However, the tradition of walking towards Fisterra originated before the onset of the pilgrimage to Santiago, when it was believed that this place was the western end of the then-known world, until well back into the Middle Ages.<\/p>\n<p>I really really recommend visiting Finisterre as it is a really beautiful and symbolic place. It has beautiful beaches, tasty seafood, little cozy streets to explore, and of course&#8230; let&#8217;s not forget about the lighthouse! What a great spot for a sunset view.<\/p>\n<p>??\u00a0El Camino de Finisterre, en gallego llamado Fisterra, es un Camino de Santiago oficial. Sin embargo, este Camino se diferencia de todos los dem\u00e1s Caminos. Es el Camino m\u00e1s corto, pero m\u00e1s notable y es el \u00fanico Camino que no termina en Santiago de Compostela. En realidad, comienza en Santiago y termina en Finisterre. Para muchos peregrinos, Finisterre es el verdadero punto final de su Camino, donde celebran su renacimiento contemplando la puesta de sol y quemando sus ropas a modo de ritual.<\/p>\n<p>El nombre Finisterre est\u00e1 asociado al fin del mundo. \u00bfTe preguntas por qu\u00e9? Yo tambi\u00e9n lo hice ? De hecho, proviene del lat\u00edn Finis Terrea, que significa &#8220;el fin del mundo&#8221;. Es m\u00e1s, los romanos dieron este nombre a Finisterre, ya que el pueblo es uno de los puntos m\u00e1s occidentales, vieron el roquedo como el fin del mundo. Eso s\u00ed, ahora sabemos que Finisterre no es el punto m\u00e1s occidental de Espa\u00f1a. Sin embargo, la tradici\u00f3n de caminar hacia Fisterra se origin\u00f3 antes del inicio de la peregrinaci\u00f3n a Santiago, cuando se cre\u00eda que este lugar era el extremo occidental del mundo entonces conocido, hasta bien entrada la Edad Media.<\/p>\n<p>Realmente recomiendo visitar Finisterre ya que es un lugar realmente hermoso y simb\u00f3lico. Tiene hermosas playas, sabrosos mariscos, peque\u00f1as calles acogedoras para explorar y, por supuesto, \u00a1no nos olvidemos del faro! Qu\u00e9 gran lugar para una vista del atardecer.<\/p>\n","protected":false},"excerpt":{"rendered":"<p>??\u00a0The Camino de Finisterre, in Galician called Fisterra, is an official Camino de Santiago. Nevertheless, this Camino differs from all other&#8230;<\/p>\n","protected":false},"author":50,"featured_media":2195,"comment_status":"closed","ping_status":"closed","sticky":false,"template":"","format":"standard","meta":{"footnotes":""},"categories":[1],"tags":[],"class_list":["post-2197","post","type-post","status-publish","format-standard","has-post-thumbnail","hentry","category-uncategorized","paths-silver-way","digital_path-volunteer"],"acf":[],"yoast_head":"<!-- This site is optimized with the Yoast SEO plugin v19.4 - https:\/\/yoast.com\/wordpress\/plugins\/seo\/ -->\n<title>Fisterra, el fin del Camino de Santiago | Xacobeando<\/title>\n<meta name=\"description\" content=\"Xacobeando is a project of volunteer teams in high priority areas within the European Solidarity Corps. Xunta de Galicia project.\" \/>\n<meta name=\"robots\" content=\"index, follow, max-snippet:-1, max-image-preview:large, max-video-preview:-1\" \/>\n<link rel=\"canonical\" href=\"https:\/\/www.xacobeando.eu\/en\/fisterra-el-fin-del-camino-de-santiago\/\" \/>\n<meta property=\"og:locale\" content=\"es_ES\" \/>\n<meta property=\"og:type\" content=\"article\" \/>\n<meta property=\"og:title\" content=\"Fisterra, el fin del Camino de Santiago | Xacobeando\" \/>\n<meta property=\"og:description\" content=\"Xacobeando is a project of volunteer teams in high priority areas within the European Solidarity Corps. Xunta de Galicia project.\" \/>\n<meta property=\"og:url\" content=\"https:\/\/www.xacobeando.eu\/en\/fisterra-el-fin-del-camino-de-santiago\/\" \/>\n<meta property=\"og:site_name\" content=\"Xacobeando\" \/>\n<meta property=\"article:publisher\" content=\"https:\/\/www.facebook.com\/Xacobeando-101211579315381\" \/>\n<meta property=\"article:published_time\" content=\"2022-08-24T10:08:16+00:00\" \/>\n<meta property=\"article:modified_time\" content=\"2022-11-21T10:01:19+00:00\" \/>\n<meta property=\"og:image\" content=\"https:\/\/www.xacobeando.eu\/wp-content\/uploads\/2022\/08\/145.jpg\" \/>\n\t<meta property=\"og:image:width\" content=\"853\" \/>\n\t<meta property=\"og:image:height\" content=\"640\" \/>\n\t<meta property=\"og:image:type\" content=\"image\/jpeg\" \/>\n<meta name=\"author\" content=\"Aiste Agapovaite\" \/>\n<meta name=\"twitter:card\" content=\"summary_large_image\" \/>\n<meta name=\"twitter:label1\" content=\"Escrito por\" \/>\n\t<meta name=\"twitter:data1\" content=\"Aiste Agapovaite\" \/>\n\t<meta name=\"twitter:label2\" content=\"Tiempo de lectura\" \/>\n\t<meta name=\"twitter:data2\" content=\"2 minutos\" \/>\n<script type=\"application\/ld+json\" class=\"yoast-schema-graph\">{\"@context\":\"https:\/\/schema.org\",\"@graph\":[{\"@type\":\"Organization\",\"@id\":\"https:\/\/www.xacobeando.eu\/en\/#organization\",\"name\":\"Xacobeando\",\"url\":\"https:\/\/www.xacobeando.eu\/en\/\",\"sameAs\":[\"https:\/\/www.instagram.com\/xacobeando.xuventude\/\",\"https:\/\/www.facebook.com\/Xacobeando-101211579315381\"],\"logo\":{\"@type\":\"ImageObject\",\"inLanguage\":\"es\",\"@id\":\"https:\/\/www.xacobeando.eu\/en\/#\/schema\/logo\/image\/\",\"url\":\"https:\/\/www.xacobeando.eu\/wp-content\/uploads\/2022\/06\/xac-logo-pos.svg\",\"contentUrl\":\"https:\/\/www.xacobeando.eu\/wp-content\/uploads\/2022\/06\/xac-logo-pos.svg\",\"width\":507,\"height\":72,\"caption\":\"Xacobeando\"},\"image\":{\"@id\":\"https:\/\/www.xacobeando.eu\/en\/#\/schema\/logo\/image\/\"}},{\"@type\":\"WebSite\",\"@id\":\"https:\/\/www.xacobeando.eu\/en\/#website\",\"url\":\"https:\/\/www.xacobeando.eu\/en\/\",\"name\":\"Xacobeando\",\"description\":\"Camino de Santiago\",\"publisher\":{\"@id\":\"https:\/\/www.xacobeando.eu\/en\/#organization\"},\"potentialAction\":[{\"@type\":\"SearchAction\",\"target\":{\"@type\":\"EntryPoint\",\"urlTemplate\":\"https:\/\/www.xacobeando.eu\/en\/?s={search_term_string}\"},\"query-input\":\"required name=search_term_string\"}],\"inLanguage\":\"es\"},{\"@type\":\"WebPage\",\"@id\":\"https:\/\/www.xacobeando.eu\/en\/fisterra-el-fin-del-camino-de-santiago\/\",\"url\":\"https:\/\/www.xacobeando.eu\/en\/fisterra-el-fin-del-camino-de-santiago\/\",\"name\":\"Fisterra, el fin del Camino de Santiago | Xacobeando\",\"isPartOf\":{\"@id\":\"https:\/\/www.xacobeando.eu\/en\/#website\"},\"datePublished\":\"2022-08-24T10:08:16+00:00\",\"dateModified\":\"2022-11-21T10:01:19+00:00\",\"description\":\"Xacobeando is a project of volunteer teams in high priority areas within the European Solidarity Corps. Xunta de Galicia project.\",\"breadcrumb\":{\"@id\":\"https:\/\/www.xacobeando.eu\/en\/fisterra-el-fin-del-camino-de-santiago\/#breadcrumb\"},\"inLanguage\":\"es\",\"potentialAction\":[{\"@type\":\"ReadAction\",\"target\":[\"https:\/\/www.xacobeando.eu\/en\/fisterra-el-fin-del-camino-de-santiago\/\"]}]},{\"@type\":\"BreadcrumbList\",\"@id\":\"https:\/\/www.xacobeando.eu\/en\/fisterra-el-fin-del-camino-de-santiago\/#breadcrumb\",\"itemListElement\":[{\"@type\":\"ListItem\",\"position\":1,\"name\":\"Home\",\"item\":\"https:\/\/www.xacobeando.eu\/en\/\"},{\"@type\":\"ListItem\",\"position\":2,\"name\":\"Fisterra, el fin del Camino de Santiago\"}]},{\"@type\":\"Article\",\"@id\":\"https:\/\/www.xacobeando.eu\/en\/fisterra-el-fin-del-camino-de-santiago\/#article\",\"isPartOf\":{\"@id\":\"https:\/\/www.xacobeando.eu\/en\/fisterra-el-fin-del-camino-de-santiago\/\"},\"author\":{\"name\":\"Aiste Agapovaite\",\"@id\":\"https:\/\/www.xacobeando.eu\/en\/#\/schema\/person\/388730e3315c04283e23adb2bb3a5d87\"},\"headline\":\"Fisterra, el fin del Camino de Santiago\",\"datePublished\":\"2022-08-24T10:08:16+00:00\",\"dateModified\":\"2022-11-21T10:01:19+00:00\",\"mainEntityOfPage\":{\"@id\":\"https:\/\/www.xacobeando.eu\/en\/fisterra-el-fin-del-camino-de-santiago\/\"},\"wordCount\":495,\"publisher\":{\"@id\":\"https:\/\/www.xacobeando.eu\/en\/#organization\"},\"articleSection\":[\"Uncategorized\"],\"inLanguage\":\"es\"},{\"@type\":\"Person\",\"@id\":\"https:\/\/www.xacobeando.eu\/en\/#\/schema\/person\/388730e3315c04283e23adb2bb3a5d87\",\"name\":\"Aiste Agapovaite\",\"image\":{\"@type\":\"ImageObject\",\"inLanguage\":\"es\",\"@id\":\"https:\/\/www.xacobeando.eu\/en\/#\/schema\/person\/image\/\",\"url\":\"https:\/\/secure.gravatar.com\/avatar\/a1914bcfe52392119feb0ceb1b45bb677671676f9f2d63828fe399b09ecb1e14?s=96&d=mm&r=g\",\"contentUrl\":\"https:\/\/secure.gravatar.com\/avatar\/a1914bcfe52392119feb0ceb1b45bb677671676f9f2d63828fe399b09ecb1e14?s=96&d=mm&r=g\",\"caption\":\"Aiste Agapovaite\"},\"url\":\"https:\/\/www.xacobeando.eu\/es\/author\/aisteagapovaite\/\"}]}<\/script>\n<!-- \/ Yoast SEO plugin. -->","yoast_head_json":{"title":"Fisterra, el fin del Camino de Santiago | Xacobeando","description":"Xacobeando is a project of volunteer teams in high priority areas within the European Solidarity Corps. Xunta de Galicia project.","robots":{"index":"index","follow":"follow","max-snippet":"max-snippet:-1","max-image-preview":"max-image-preview:large","max-video-preview":"max-video-preview:-1"},"canonical":"https:\/\/www.xacobeando.eu\/en\/fisterra-el-fin-del-camino-de-santiago\/","og_locale":"es_ES","og_type":"article","og_title":"Fisterra, el fin del Camino de Santiago | Xacobeando","og_description":"Xacobeando is a project of volunteer teams in high priority areas within the European Solidarity Corps. Xunta de Galicia project.","og_url":"https:\/\/www.xacobeando.eu\/en\/fisterra-el-fin-del-camino-de-santiago\/","og_site_name":"Xacobeando","article_publisher":"https:\/\/www.facebook.com\/Xacobeando-101211579315381","article_published_time":"2022-08-24T10:08:16+00:00","article_modified_time":"2022-11-21T10:01:19+00:00","og_image":[{"width":853,"height":640,"url":"https:\/\/www.xacobeando.eu\/wp-content\/uploads\/2022\/08\/145.jpg","type":"image\/jpeg"}],"author":"Aiste Agapovaite","twitter_card":"summary_large_image","twitter_misc":{"Escrito por":"Aiste Agapovaite","Tiempo de lectura":"2 minutos"},"schema":{"@context":"https:\/\/schema.org","@graph":[{"@type":"Organization","@id":"https:\/\/www.xacobeando.eu\/en\/#organization","name":"Xacobeando","url":"https:\/\/www.xacobeando.eu\/en\/","sameAs":["https:\/\/www.instagram.com\/xacobeando.xuventude\/","https:\/\/www.facebook.com\/Xacobeando-101211579315381"],"logo":{"@type":"ImageObject","inLanguage":"es","@id":"https:\/\/www.xacobeando.eu\/en\/#\/schema\/logo\/image\/","url":"https:\/\/www.xacobeando.eu\/wp-content\/uploads\/2022\/06\/xac-logo-pos.svg","contentUrl":"https:\/\/www.xacobeando.eu\/wp-content\/uploads\/2022\/06\/xac-logo-pos.svg","width":507,"height":72,"caption":"Xacobeando"},"image":{"@id":"https:\/\/www.xacobeando.eu\/en\/#\/schema\/logo\/image\/"}},{"@type":"WebSite","@id":"https:\/\/www.xacobeando.eu\/en\/#website","url":"https:\/\/www.xacobeando.eu\/en\/","name":"Xacobeando","description":"Camino de Santiago","publisher":{"@id":"https:\/\/www.xacobeando.eu\/en\/#organization"},"potentialAction":[{"@type":"SearchAction","target":{"@type":"EntryPoint","urlTemplate":"https:\/\/www.xacobeando.eu\/en\/?s={search_term_string}"},"query-input":"required name=search_term_string"}],"inLanguage":"es"},{"@type":"WebPage","@id":"https:\/\/www.xacobeando.eu\/en\/fisterra-el-fin-del-camino-de-santiago\/","url":"https:\/\/www.xacobeando.eu\/en\/fisterra-el-fin-del-camino-de-santiago\/","name":"Fisterra, el fin del Camino de Santiago | Xacobeando","isPartOf":{"@id":"https:\/\/www.xacobeando.eu\/en\/#website"},"datePublished":"2022-08-24T10:08:16+00:00","dateModified":"2022-11-21T10:01:19+00:00","description":"Xacobeando is a project of volunteer teams in high priority areas within the European Solidarity Corps. Xunta de Galicia project.","breadcrumb":{"@id":"https:\/\/www.xacobeando.eu\/en\/fisterra-el-fin-del-camino-de-santiago\/#breadcrumb"},"inLanguage":"es","potentialAction":[{"@type":"ReadAction","target":["https:\/\/www.xacobeando.eu\/en\/fisterra-el-fin-del-camino-de-santiago\/"]}]},{"@type":"BreadcrumbList","@id":"https:\/\/www.xacobeando.eu\/en\/fisterra-el-fin-del-camino-de-santiago\/#breadcrumb","itemListElement":[{"@type":"ListItem","position":1,"name":"Home","item":"https:\/\/www.xacobeando.eu\/en\/"},{"@type":"ListItem","position":2,"name":"Fisterra, el fin del Camino de Santiago"}]},{"@type":"Article","@id":"https:\/\/www.xacobeando.eu\/en\/fisterra-el-fin-del-camino-de-santiago\/#article","isPartOf":{"@id":"https:\/\/www.xacobeando.eu\/en\/fisterra-el-fin-del-camino-de-santiago\/"},"author":{"name":"Aiste Agapovaite","@id":"https:\/\/www.xacobeando.eu\/en\/#\/schema\/person\/388730e3315c04283e23adb2bb3a5d87"},"headline":"Fisterra, el fin del Camino de Santiago","datePublished":"2022-08-24T10:08:16+00:00","dateModified":"2022-11-21T10:01:19+00:00","mainEntityOfPage":{"@id":"https:\/\/www.xacobeando.eu\/en\/fisterra-el-fin-del-camino-de-santiago\/"},"wordCount":495,"publisher":{"@id":"https:\/\/www.xacobeando.eu\/en\/#organization"},"articleSection":["Uncategorized"],"inLanguage":"es"},{"@type":"Person","@id":"https:\/\/www.xacobeando.eu\/en\/#\/schema\/person\/388730e3315c04283e23adb2bb3a5d87","name":"Aiste Agapovaite","image":{"@type":"ImageObject","inLanguage":"es","@id":"https:\/\/www.xacobeando.eu\/en\/#\/schema\/person\/image\/","url":"https:\/\/secure.gravatar.com\/avatar\/a1914bcfe52392119feb0ceb1b45bb677671676f9f2d63828fe399b09ecb1e14?s=96&d=mm&r=g","contentUrl":"https:\/\/secure.gravatar.com\/avatar\/a1914bcfe52392119feb0ceb1b45bb677671676f9f2d63828fe399b09ecb1e14?s=96&d=mm&r=g","caption":"Aiste Agapovaite"},"url":"https:\/\/www.xacobeando.eu\/es\/author\/aisteagapovaite\/"}]}},"_links":{"self":[{"href":"https:\/\/www.xacobeando.eu\/es\/wp-json\/wp\/v2\/posts\/2197","targetHints":{"allow":["GET"]}}],"collection":[{"href":"https:\/\/www.xacobeando.eu\/es\/wp-json\/wp\/v2\/posts"}],"about":[{"href":"https:\/\/www.xacobeando.eu\/es\/wp-json\/wp\/v2\/types\/post"}],"author":[{"embeddable":true,"href":"https:\/\/www.xacobeando.eu\/es\/wp-json\/wp\/v2\/users\/50"}],"replies":[{"embeddable":true,"href":"https:\/\/www.xacobeando.eu\/es\/wp-json\/wp\/v2\/comments?post=2197"}],"version-history":[{"count":5,"href":"https:\/\/www.xacobeando.eu\/es\/wp-json\/wp\/v2\/posts\/2197\/revisions"}],"predecessor-version":[{"id":4401,"href":"https:\/\/www.xacobeando.eu\/es\/wp-json\/wp\/v2\/posts\/2197\/revisions\/4401"}],"wp:featuredmedia":[{"embeddable":true,"href":"https:\/\/www.xacobeando.eu\/es\/wp-json\/wp\/v2\/media\/2195"}],"wp:attachment":[{"href":"https:\/\/www.xacobeando.eu\/es\/wp-json\/wp\/v2\/media?parent=2197"}],"wp:term":[{"taxonomy":"category","embeddable":true,"href":"https:\/\/www.xacobeando.eu\/es\/wp-json\/wp\/v2\/categories?post=2197"},{"taxonomy":"post_tag","embeddable":true,"href":"https:\/\/www.xacobeando.eu\/es\/wp-json\/wp\/v2\/tags?post=2197"}],"curies":[{"name":"wp","href":"https:\/\/api.w.org\/{rel}","templated":true}]}}