{"id":2247,"date":"2022-08-25T12:15:32","date_gmt":"2022-08-25T10:15:32","guid":{"rendered":"https:\/\/www.xacobeando.eu\/_\/"},"modified":"2022-08-25T12:25:01","modified_gmt":"2022-08-25T10:25:01","slug":"_","status":"publish","type":"post","link":"https:\/\/www.xacobeando.eu\/es\/_\/","title":{"rendered":"Helping people with disabilities\/Ayudar a las personas con discapacidad"},"content":{"rendered":"<p dir=\"ltr\">??<\/p>\n<p dir=\"ltr\">On Tuesday, 23 of August, and Wednesday, 24 of August,\u00a0 we met some people with disabilities. They were all so motivated and happy that they were about to do the Camino. For some of them, it was their first Camino so the hopes were up. We all gathered in the port of Ferrol, near the Ferrol sign. We took some pictures together and started our journey.<\/p>\n<p dir=\"ltr\">We talked to some people and asked about their previous experience and why they chose to do the Camino. One woman, Vanessa, had done the French Camino previously. She told us that she did it with her dog, but the dog was tired most of the time so it was not that easy. Luckily, she had a chihuahua, so carrying her companion was not a problem. Vanessa chose to do the Camino, because physical movement and spending time in nature makes her happy and she feels more alive. We also found out that it was her birthday that day, and she turned 41. She was very full of energy and even played geocaching on the Camino.<\/p>\n<p dir=\"ltr\">There was also one man, named Rodi, who did the Camino with a wheelchair-bicycle. He had bought it and made some changes to it, so in the end it looked really cool. He was born in Barcelona. This was his first real Camino. Before, he had done several trails in Catalu\u00f1a. He also had a YouTube channel and he made vlogs about his journey on the Camino. His positive energy was really motivating and he always made some jokes. Sometimes, when he drove down some smaller hills, people would all watch that and applaud in the end. In one place, there was a hill and a house next to it. Even the people living in the house came out and gave a big applause to him.<\/p>\n<p dir=\"ltr\">There was also one lady, whose name was Isabel. She was 42 years old and originally a nurse.\u00a0 After having a stroke, her life was not the same anymore. She did an absolutely good job on the Camino and enjoyed her journey with other people around her. It was also her first Camino, so she was really happy that she had an opportunity to be on this amazing journey.<\/p>\n<p dir=\"ltr\">It was so motivating to see the group\u2019s big spirit and the smiles on their faces. Some of them were a bit tired at the end of the first day, but the motivation to do the Camino had not disappeared at all. They are the living proof that anything is possible if you believe in yourself.<\/p>\n<p>&nbsp;<\/p>\n<p>??<\/p>\n<p>El martes 23 de agosto y el mi\u00e9rcoles 24 de agosto conocimos a algunas personas con discapacidad. Todos estaban motivados y felices por hacer el Camino. Para algunos de ellos era su primer Camino por lo que las esperanzas estaban altas. Nos reunimos todos en el puerto de Ferrol, cerca del inicio de la ruta. Nos tomamos algunas fotos juntos y comenzamos nuestro viaje.<\/p>\n<p dir=\"ltr\">Hablamos con algunas personas y les preguntamos sobre su experiencia previa y por qu\u00e9 eligieron hacer el Camino. Una mujer, Vanessa, hab\u00eda hecho el Camino Franc\u00e9s anteriormente. Nos dijo que lo hizo con su perro, pero el perro estaba cansado la mayor parte del tiempo, as\u00ed que no fue tan f\u00e1cil. Por suerte, ten\u00eda un chihuahua, as\u00ed que llevar a su acompa\u00f1ante no fue un problema. Vanessa eligi\u00f3 hacer el Camino, porque el movimiento f\u00edsico y pasar tiempo en la naturaleza la hace feliz y se siente m\u00e1s viva. Tambi\u00e9n nos enteramos de que ese d\u00eda era su cumplea\u00f1os y cumpli\u00f3 41 a\u00f1os. Estaba muy llena de energ\u00eda e incluso jug\u00f3 al geocaching en el Camino.<\/p>\n<p dir=\"ltr\">Tambi\u00e9n hab\u00eda un hombre, llamado Rodi, que hizo el Camino en silla de ruedas. La hab\u00eda comprado y le hab\u00eda hecho algunos cambios, as\u00ed que al final se ve\u00eda genial. Era originario de Barcelona. Este fue su primer Camino real. Antes hab\u00eda hecho varios senderos en Catalu\u00f1a. Tambi\u00e9n ten\u00eda un canal de YouTube y hac\u00eda vlogs sobre su viaje por el Camino. Su energ\u00eda positiva era muy motivadora y siempre hac\u00eda bromas. A veces, cuando conduc\u00eda por algunas colinas m\u00e1s peque\u00f1as, la gente miraba y aplaud\u00eda al final. En un lugar, hab\u00eda una colina y una casa al lado. Incluso las personas que viv\u00edan en la casa salieron y le dieron un gran aplauso.<\/p>\n<p dir=\"ltr\">Tambi\u00e9n hab\u00eda una se\u00f1ora, cuyo nombre era Isabel. Ten\u00eda 42 a\u00f1os y originalmente era enfermera. Despu\u00e9s de sufrir un derrame cerebral, su vida ya no era la misma. Hizo un trabajo absolutamente bueno en el Camino y disfrut\u00f3 de su viaje con otras personas a su alrededor. Tambi\u00e9n era su primer Camino, por lo que estaba muy feliz de tener la oportunidad de estar en este incre\u00edble viaje.<\/p>\n<p dir=\"ltr\">Fue muy motivador ver el gran esp\u00edritu del grupo y las sonrisas en sus rostros. Algunos de ellos estaban un poco cansados al final del primer d\u00eda, pero la motivaci\u00f3n por hacer el Camino no hab\u00eda desaparecido del todo. Son la prueba viviente de que todo es posible si crees en ti mismo.<\/p>\n","protected":false},"excerpt":{"rendered":"<p>?? On Tuesday, 23 of August, and Wednesday, 24 of August,\u00a0 we met some people with disabilities. They were all so&#8230;<\/p>\n","protected":false},"author":58,"featured_media":2254,"comment_status":"closed","ping_status":"closed","sticky":false,"template":"","format":"standard","meta":{"footnotes":""},"categories":[1],"tags":[],"class_list":["post-2247","post","type-post","status-publish","format-standard","has-post-thumbnail","hentry","category-uncategorized","paths-english-way","digital_path-volunteer"],"acf":[],"yoast_head":"<!-- This site is optimized with the Yoast SEO plugin v19.4 - https:\/\/yoast.com\/wordpress\/plugins\/seo\/ -->\n<title>Helping people with disabilities\/Ayudar a las personas con discapacidad | Xacobeando<\/title>\n<meta name=\"description\" content=\"Xacobeando is a project of volunteer teams in high priority areas within the European Solidarity Corps. Xunta de Galicia project.\" \/>\n<meta name=\"robots\" content=\"index, follow, max-snippet:-1, max-image-preview:large, max-video-preview:-1\" \/>\n<link rel=\"canonical\" href=\"https:\/\/www.xacobeando.eu\/en\/_\/\" \/>\n<meta property=\"og:locale\" content=\"es_ES\" \/>\n<meta property=\"og:type\" content=\"article\" \/>\n<meta property=\"og:title\" content=\"Helping people with disabilities\/Ayudar a las personas con discapacidad | Xacobeando\" \/>\n<meta property=\"og:description\" content=\"Xacobeando is a project of volunteer teams in high priority areas within the European Solidarity Corps. Xunta de Galicia project.\" \/>\n<meta property=\"og:url\" content=\"https:\/\/www.xacobeando.eu\/en\/_\/\" \/>\n<meta property=\"og:site_name\" content=\"Xacobeando\" \/>\n<meta property=\"article:publisher\" content=\"https:\/\/www.facebook.com\/Xacobeando-101211579315381\" \/>\n<meta property=\"article:published_time\" content=\"2022-08-25T10:15:32+00:00\" \/>\n<meta property=\"article:modified_time\" content=\"2022-08-25T10:25:01+00:00\" \/>\n<meta property=\"og:image\" content=\"https:\/\/www.xacobeando.eu\/wp-content\/uploads\/2022\/06\/pexels-jo-kassis-11690243-scaled.jpg\" \/>\n\t<meta property=\"og:image:width\" content=\"2560\" \/>\n\t<meta property=\"og:image:height\" content=\"1707\" \/>\n\t<meta property=\"og:image:type\" content=\"image\/jpeg\" \/>\n<meta name=\"author\" content=\"Airi Sepp\" \/>\n<meta name=\"twitter:card\" content=\"summary_large_image\" \/>\n<meta name=\"twitter:label1\" content=\"Escrito por\" \/>\n\t<meta name=\"twitter:data1\" content=\"Airi Sepp\" \/>\n\t<meta name=\"twitter:label2\" content=\"Tiempo de lectura\" \/>\n\t<meta name=\"twitter:data2\" content=\"4 minutos\" \/>\n<script type=\"application\/ld+json\" class=\"yoast-schema-graph\">{\"@context\":\"https:\/\/schema.org\",\"@graph\":[{\"@type\":\"Organization\",\"@id\":\"https:\/\/www.xacobeando.eu\/en\/#organization\",\"name\":\"Xacobeando\",\"url\":\"https:\/\/www.xacobeando.eu\/en\/\",\"sameAs\":[\"https:\/\/www.instagram.com\/xacobeando.xuventude\/\",\"https:\/\/www.facebook.com\/Xacobeando-101211579315381\"],\"logo\":{\"@type\":\"ImageObject\",\"inLanguage\":\"es\",\"@id\":\"https:\/\/www.xacobeando.eu\/en\/#\/schema\/logo\/image\/\",\"url\":\"https:\/\/www.xacobeando.eu\/wp-content\/uploads\/2022\/06\/xac-logo-pos.svg\",\"contentUrl\":\"https:\/\/www.xacobeando.eu\/wp-content\/uploads\/2022\/06\/xac-logo-pos.svg\",\"width\":507,\"height\":72,\"caption\":\"Xacobeando\"},\"image\":{\"@id\":\"https:\/\/www.xacobeando.eu\/en\/#\/schema\/logo\/image\/\"}},{\"@type\":\"WebSite\",\"@id\":\"https:\/\/www.xacobeando.eu\/en\/#website\",\"url\":\"https:\/\/www.xacobeando.eu\/en\/\",\"name\":\"Xacobeando\",\"description\":\"Camino de Santiago\",\"publisher\":{\"@id\":\"https:\/\/www.xacobeando.eu\/en\/#organization\"},\"potentialAction\":[{\"@type\":\"SearchAction\",\"target\":{\"@type\":\"EntryPoint\",\"urlTemplate\":\"https:\/\/www.xacobeando.eu\/en\/?s={search_term_string}\"},\"query-input\":\"required name=search_term_string\"}],\"inLanguage\":\"es\"},{\"@type\":\"WebPage\",\"@id\":\"https:\/\/www.xacobeando.eu\/en\/_\/\",\"url\":\"https:\/\/www.xacobeando.eu\/en\/_\/\",\"name\":\"Helping people with disabilities\/Ayudar a las personas con discapacidad | Xacobeando\",\"isPartOf\":{\"@id\":\"https:\/\/www.xacobeando.eu\/en\/#website\"},\"datePublished\":\"2022-08-25T10:15:32+00:00\",\"dateModified\":\"2022-08-25T10:25:01+00:00\",\"description\":\"Xacobeando is a project of volunteer teams in high priority areas within the European Solidarity Corps. Xunta de Galicia project.\",\"breadcrumb\":{\"@id\":\"https:\/\/www.xacobeando.eu\/en\/_\/#breadcrumb\"},\"inLanguage\":\"es\",\"potentialAction\":[{\"@type\":\"ReadAction\",\"target\":[\"https:\/\/www.xacobeando.eu\/en\/_\/\"]}]},{\"@type\":\"BreadcrumbList\",\"@id\":\"https:\/\/www.xacobeando.eu\/en\/_\/#breadcrumb\",\"itemListElement\":[{\"@type\":\"ListItem\",\"position\":1,\"name\":\"Home\",\"item\":\"https:\/\/www.xacobeando.eu\/en\/\"},{\"@type\":\"ListItem\",\"position\":2,\"name\":\"Helping people with disabilities\/Ayudar a las personas con discapacidad\"}]},{\"@type\":\"Article\",\"@id\":\"https:\/\/www.xacobeando.eu\/en\/_\/#article\",\"isPartOf\":{\"@id\":\"https:\/\/www.xacobeando.eu\/en\/_\/\"},\"author\":{\"name\":\"Airi Sepp\",\"@id\":\"https:\/\/www.xacobeando.eu\/en\/#\/schema\/person\/3faf6fff2061d8803eecb1aa9fb73f73\"},\"headline\":\"Helping people with disabilities\/Ayudar a las personas con discapacidad\",\"datePublished\":\"2022-08-25T10:15:32+00:00\",\"dateModified\":\"2022-08-25T10:25:01+00:00\",\"mainEntityOfPage\":{\"@id\":\"https:\/\/www.xacobeando.eu\/en\/_\/\"},\"wordCount\":896,\"publisher\":{\"@id\":\"https:\/\/www.xacobeando.eu\/en\/#organization\"},\"articleSection\":[\"Uncategorized\"],\"inLanguage\":\"es\"},{\"@type\":\"Person\",\"@id\":\"https:\/\/www.xacobeando.eu\/en\/#\/schema\/person\/3faf6fff2061d8803eecb1aa9fb73f73\",\"name\":\"Airi Sepp\",\"image\":{\"@type\":\"ImageObject\",\"inLanguage\":\"es\",\"@id\":\"https:\/\/www.xacobeando.eu\/en\/#\/schema\/person\/image\/\",\"url\":\"https:\/\/secure.gravatar.com\/avatar\/7a0286b7775aaf3b9da77ce569e38588310729c4b2b355025a10e4bfdceccf6d?s=96&d=mm&r=g\",\"contentUrl\":\"https:\/\/secure.gravatar.com\/avatar\/7a0286b7775aaf3b9da77ce569e38588310729c4b2b355025a10e4bfdceccf6d?s=96&d=mm&r=g\",\"caption\":\"Airi Sepp\"},\"description\":\"??\",\"url\":\"https:\/\/www.xacobeando.eu\/es\/author\/airisepp\/\"}]}<\/script>\n<!-- \/ Yoast SEO plugin. -->","yoast_head_json":{"title":"Helping people with disabilities\/Ayudar a las personas con discapacidad | Xacobeando","description":"Xacobeando is a project of volunteer teams in high priority areas within the European Solidarity Corps. Xunta de Galicia project.","robots":{"index":"index","follow":"follow","max-snippet":"max-snippet:-1","max-image-preview":"max-image-preview:large","max-video-preview":"max-video-preview:-1"},"canonical":"https:\/\/www.xacobeando.eu\/en\/_\/","og_locale":"es_ES","og_type":"article","og_title":"Helping people with disabilities\/Ayudar a las personas con discapacidad | Xacobeando","og_description":"Xacobeando is a project of volunteer teams in high priority areas within the European Solidarity Corps. Xunta de Galicia project.","og_url":"https:\/\/www.xacobeando.eu\/en\/_\/","og_site_name":"Xacobeando","article_publisher":"https:\/\/www.facebook.com\/Xacobeando-101211579315381","article_published_time":"2022-08-25T10:15:32+00:00","article_modified_time":"2022-08-25T10:25:01+00:00","og_image":[{"width":2560,"height":1707,"url":"https:\/\/www.xacobeando.eu\/wp-content\/uploads\/2022\/06\/pexels-jo-kassis-11690243-scaled.jpg","type":"image\/jpeg"}],"author":"Airi Sepp","twitter_card":"summary_large_image","twitter_misc":{"Escrito por":"Airi Sepp","Tiempo de lectura":"4 minutos"},"schema":{"@context":"https:\/\/schema.org","@graph":[{"@type":"Organization","@id":"https:\/\/www.xacobeando.eu\/en\/#organization","name":"Xacobeando","url":"https:\/\/www.xacobeando.eu\/en\/","sameAs":["https:\/\/www.instagram.com\/xacobeando.xuventude\/","https:\/\/www.facebook.com\/Xacobeando-101211579315381"],"logo":{"@type":"ImageObject","inLanguage":"es","@id":"https:\/\/www.xacobeando.eu\/en\/#\/schema\/logo\/image\/","url":"https:\/\/www.xacobeando.eu\/wp-content\/uploads\/2022\/06\/xac-logo-pos.svg","contentUrl":"https:\/\/www.xacobeando.eu\/wp-content\/uploads\/2022\/06\/xac-logo-pos.svg","width":507,"height":72,"caption":"Xacobeando"},"image":{"@id":"https:\/\/www.xacobeando.eu\/en\/#\/schema\/logo\/image\/"}},{"@type":"WebSite","@id":"https:\/\/www.xacobeando.eu\/en\/#website","url":"https:\/\/www.xacobeando.eu\/en\/","name":"Xacobeando","description":"Camino de Santiago","publisher":{"@id":"https:\/\/www.xacobeando.eu\/en\/#organization"},"potentialAction":[{"@type":"SearchAction","target":{"@type":"EntryPoint","urlTemplate":"https:\/\/www.xacobeando.eu\/en\/?s={search_term_string}"},"query-input":"required name=search_term_string"}],"inLanguage":"es"},{"@type":"WebPage","@id":"https:\/\/www.xacobeando.eu\/en\/_\/","url":"https:\/\/www.xacobeando.eu\/en\/_\/","name":"Helping people with disabilities\/Ayudar a las personas con discapacidad | Xacobeando","isPartOf":{"@id":"https:\/\/www.xacobeando.eu\/en\/#website"},"datePublished":"2022-08-25T10:15:32+00:00","dateModified":"2022-08-25T10:25:01+00:00","description":"Xacobeando is a project of volunteer teams in high priority areas within the European Solidarity Corps. Xunta de Galicia project.","breadcrumb":{"@id":"https:\/\/www.xacobeando.eu\/en\/_\/#breadcrumb"},"inLanguage":"es","potentialAction":[{"@type":"ReadAction","target":["https:\/\/www.xacobeando.eu\/en\/_\/"]}]},{"@type":"BreadcrumbList","@id":"https:\/\/www.xacobeando.eu\/en\/_\/#breadcrumb","itemListElement":[{"@type":"ListItem","position":1,"name":"Home","item":"https:\/\/www.xacobeando.eu\/en\/"},{"@type":"ListItem","position":2,"name":"Helping people with disabilities\/Ayudar a las personas con discapacidad"}]},{"@type":"Article","@id":"https:\/\/www.xacobeando.eu\/en\/_\/#article","isPartOf":{"@id":"https:\/\/www.xacobeando.eu\/en\/_\/"},"author":{"name":"Airi Sepp","@id":"https:\/\/www.xacobeando.eu\/en\/#\/schema\/person\/3faf6fff2061d8803eecb1aa9fb73f73"},"headline":"Helping people with disabilities\/Ayudar a las personas con discapacidad","datePublished":"2022-08-25T10:15:32+00:00","dateModified":"2022-08-25T10:25:01+00:00","mainEntityOfPage":{"@id":"https:\/\/www.xacobeando.eu\/en\/_\/"},"wordCount":896,"publisher":{"@id":"https:\/\/www.xacobeando.eu\/en\/#organization"},"articleSection":["Uncategorized"],"inLanguage":"es"},{"@type":"Person","@id":"https:\/\/www.xacobeando.eu\/en\/#\/schema\/person\/3faf6fff2061d8803eecb1aa9fb73f73","name":"Airi Sepp","image":{"@type":"ImageObject","inLanguage":"es","@id":"https:\/\/www.xacobeando.eu\/en\/#\/schema\/person\/image\/","url":"https:\/\/secure.gravatar.com\/avatar\/7a0286b7775aaf3b9da77ce569e38588310729c4b2b355025a10e4bfdceccf6d?s=96&d=mm&r=g","contentUrl":"https:\/\/secure.gravatar.com\/avatar\/7a0286b7775aaf3b9da77ce569e38588310729c4b2b355025a10e4bfdceccf6d?s=96&d=mm&r=g","caption":"Airi Sepp"},"description":"??","url":"https:\/\/www.xacobeando.eu\/es\/author\/airisepp\/"}]}},"_links":{"self":[{"href":"https:\/\/www.xacobeando.eu\/es\/wp-json\/wp\/v2\/posts\/2247","targetHints":{"allow":["GET"]}}],"collection":[{"href":"https:\/\/www.xacobeando.eu\/es\/wp-json\/wp\/v2\/posts"}],"about":[{"href":"https:\/\/www.xacobeando.eu\/es\/wp-json\/wp\/v2\/types\/post"}],"author":[{"embeddable":true,"href":"https:\/\/www.xacobeando.eu\/es\/wp-json\/wp\/v2\/users\/58"}],"replies":[{"embeddable":true,"href":"https:\/\/www.xacobeando.eu\/es\/wp-json\/wp\/v2\/comments?post=2247"}],"version-history":[{"count":5,"href":"https:\/\/www.xacobeando.eu\/es\/wp-json\/wp\/v2\/posts\/2247\/revisions"}],"predecessor-version":[{"id":2256,"href":"https:\/\/www.xacobeando.eu\/es\/wp-json\/wp\/v2\/posts\/2247\/revisions\/2256"}],"wp:featuredmedia":[{"embeddable":true,"href":"https:\/\/www.xacobeando.eu\/es\/wp-json\/wp\/v2\/media\/2254"}],"wp:attachment":[{"href":"https:\/\/www.xacobeando.eu\/es\/wp-json\/wp\/v2\/media?parent=2247"}],"wp:term":[{"taxonomy":"category","embeddable":true,"href":"https:\/\/www.xacobeando.eu\/es\/wp-json\/wp\/v2\/categories?post=2247"},{"taxonomy":"post_tag","embeddable":true,"href":"https:\/\/www.xacobeando.eu\/es\/wp-json\/wp\/v2\/tags?post=2247"}],"curies":[{"name":"wp","href":"https:\/\/api.w.org\/{rel}","templated":true}]}}