{"id":2477,"date":"2022-08-31T10:37:06","date_gmt":"2022-08-31T08:37:06","guid":{"rendered":"https:\/\/www.xacobeando.eu\/4-week-in-arzua\/"},"modified":"2022-11-11T12:31:55","modified_gmt":"2022-11-11T11:31:55","slug":"4-week-in-arzua","status":"publish","type":"post","link":"https:\/\/www.xacobeando.eu\/es\/4-week-in-arzua\/","title":{"rendered":"4\u00b0 WEEK IN ARZ\u00daA : August 29 , Monday &#8211; August 2 , Friday"},"content":{"rendered":"<p><strong><span style=\"color: #0000ff;\">??\u00a0 August 29 , Monday &#8211; August 2 , Friday<\/span><\/strong><\/p>\n<ul>\n<li><span style=\"color: #ff6600;\"><em><strong>August 29 , Monday<\/strong><\/em><\/span><strong><span style=\"color: #ff0000;\"><em><span style=\"color: #ff6600;\">\u00a0<\/span>\u00a0<\/em><\/span><\/strong><\/li>\n<\/ul>\n<p><strong><span style=\"color: #ff0000;\"><em>\u00a0 \u00a0Tutory &#8211; <\/em><\/span><\/strong>First we have a private tutory and in that we tell the change we propose for each one .<\/p>\n<p>Then , our supervisor did a play about :\u00a0 <em><strong>stereotypes about the dferents regions of Spain<\/strong><\/em> , and it was funny because there were several stereotypes , and there were several I didn&#8217;t know<\/p>\n<p><strong>&#8220;Camino Digital&#8221;<\/strong><\/p>\n<p>In EFA , we were during the morning writing in the Xacobeando web what we were doing the last week.<\/p>\n<p><em><strong>&#8220;Camino Hospitalario&#8221;<\/strong><\/em><\/p>\n<p>We come back to home and then we split in groups and Gala , Laura and Daniel went to Arz\u00faa Hostel and Sadie and I went to Ribadiso da Abaixo.<\/p>\n<p>I like a lot to talk with the american couple because they always has something to tell you and it&#8217;s very interesting all the thing they tell. They go the thuersday<\/p>\n<ul>\n<li><span style=\"color: #ff6600;\"><strong><em>August 30 , Tuesday<\/em><\/strong><\/span><\/li>\n<\/ul>\n<p><strong><em>&#8220;Digital Camino&#8221;<\/em><\/strong><\/p>\n<p>First we spit in group and we went to pick up the trush we found in the Camino.<\/p>\n<p>To walk and to see the landscapes of Galicia at the same time is very relaxing.<\/p>\n<p>I took a lot of photos and as we were walking at ouw pace I was able to pay attention to many datails that I had not seen before.<\/p>\n<p><em><strong>&#8220;Camino Hospitalario&#8221;<\/strong><\/em><\/p>\n<p>We split in groups and Sadie, Laura and I went to the Arz\u00faa Hostel.<\/p>\n<p>This day not many pilgrims came to the pilgrim hostel.<\/p>\n<ul>\n<li><span style=\"color: #ff6600;\"><em><strong>August 31 , Wednesday<\/strong><\/em><\/span><\/li>\n<\/ul>\n<p>We have organized the next week and we have talked about what we are going to do on Friday in Santiago the Compostela . And as our activity is going to last until 18:00 PM , we are going to have the next Monday freeee.<\/p>\n<p>?? 29 de agosto, lunes \u2013 2 de agosto, viernes<\/p>\n<p><strong>29 de agosto, lunes<\/strong><\/p>\n<p>Tutor\u00eda \u2013 Primero tenemos una tutor\u00eda privada y en ella contamos el cambio que proponemos para cada uno.<\/p>\n<p>Luego, nuestro supervisor hizo una obra de teatro sobre: \u200b\u200bestereotipos sobre las diferentes regiones de Espa\u00f1a, y fue divertido porque hab\u00eda varios estereotipos, y hab\u00eda varios que no conoc\u00eda.<\/p>\n<p>\u201cCamino Digital\u201d<\/p>\n<p>En EFA estuvimos durante la ma\u00f1ana escribiendo en la web de Xacobeando lo que est\u00e1bamos haciendo la \u00faltima semana.<\/p>\n<p>\u201cCamino Hospitalario\u201d<\/p>\n<p>Regresamos a casa y luego nos dividimos en grupos y Gala, Laura y Daniel fueron al Albergue de Arz\u00faa y Sadie y yo fuimos a Ribadiso da Abaixo.<\/p>\n<p>Me gusta mucho hablar con la pareja americana porque siempre tienen algo que decirte y es muy interesante todo lo que cuentan. van el jueves<\/p>\n<p><strong>30 de agosto, martes<\/strong><\/p>\n<p>\u201cCamino Digital\u201d<\/p>\n<p>Primero escupimos en grupo y nos fuimos a recoger la basura que encontramos en el Camino.<\/p>\n<p>Pasear y ver los paisajes de Galicia al mismo tiempo es muy relajante.<\/p>\n<p>Tom\u00e9 muchas fotos y mientras camin\u00e1bamos a nuestro ritmo pude prestar atenci\u00f3n a muchos detalles que no hab\u00eda visto antes.<\/p>\n<p>\u201cCamino Hospitalario\u201d<\/p>\n<p>Nos dividimos en grupos y Sadie, Laura y yo fuimos al Albergue de Arz\u00faa.<\/p>\n<p>Este d\u00eda no acud\u00edan muchos peregrinos al albergue de peregrinos.<\/p>\n<p>&nbsp;<\/p>\n<p><strong>31 de agosto, mi\u00e9rcoles<\/strong><\/p>\n<p>Hemos organizado la semana que viene y hemos hablado de lo que vamos a hacer el viernes en Santiago de Compostela. Y como nuestra actividad va a durar hasta las 18:00 horas, el pr\u00f3ximo lunes lo vamos a tener gratis.<\/p>\n","protected":false},"excerpt":{"rendered":"<p>??\u00a0 August 29 , Monday &#8211; August 2 , Friday August 29 , Monday\u00a0\u00a0 \u00a0 \u00a0Tutory &#8211; First we have a&#8230;<\/p>\n","protected":false},"author":70,"featured_media":2487,"comment_status":"closed","ping_status":"closed","sticky":false,"template":"","format":"standard","meta":{"footnotes":""},"categories":[1],"tags":[],"class_list":["post-2477","post","type-post","status-publish","format-standard","has-post-thumbnail","hentry","category-uncategorized","paths-french-way","digital_path-volunteer"],"acf":[],"yoast_head":"<!-- This site is optimized with the Yoast SEO plugin v19.4 - https:\/\/yoast.com\/wordpress\/plugins\/seo\/ -->\n<title>4\u00b0 WEEK IN ARZ\u00daA : August 29 , Monday - August 2 , Friday | Xacobeando<\/title>\n<meta name=\"description\" content=\"Xacobeando is a project of volunteer teams in high priority areas within the European Solidarity Corps. Xunta de Galicia project.\" \/>\n<meta name=\"robots\" content=\"index, follow, max-snippet:-1, max-image-preview:large, max-video-preview:-1\" \/>\n<link rel=\"canonical\" href=\"https:\/\/www.xacobeando.eu\/en\/4-week-in-arzua\/\" \/>\n<meta property=\"og:locale\" content=\"es_ES\" \/>\n<meta property=\"og:type\" content=\"article\" \/>\n<meta property=\"og:title\" content=\"4\u00b0 WEEK IN ARZ\u00daA : August 29 , Monday - August 2 , Friday | Xacobeando\" \/>\n<meta property=\"og:description\" content=\"Xacobeando is a project of volunteer teams in high priority areas within the European Solidarity Corps. Xunta de Galicia project.\" \/>\n<meta property=\"og:url\" content=\"https:\/\/www.xacobeando.eu\/en\/4-week-in-arzua\/\" \/>\n<meta property=\"og:site_name\" content=\"Xacobeando\" \/>\n<meta property=\"article:publisher\" content=\"https:\/\/www.facebook.com\/Xacobeando-101211579315381\" \/>\n<meta property=\"article:published_time\" content=\"2022-08-31T08:37:06+00:00\" \/>\n<meta property=\"article:modified_time\" content=\"2022-11-11T11:31:55+00:00\" \/>\n<meta property=\"og:image\" content=\"https:\/\/www.xacobeando.eu\/wp-content\/uploads\/2022\/08\/caballo.jpg\" \/>\n\t<meta property=\"og:image:width\" content=\"1080\" \/>\n\t<meta property=\"og:image:height\" content=\"1920\" \/>\n\t<meta property=\"og:image:type\" content=\"image\/jpeg\" \/>\n<meta name=\"author\" content=\"Diana Ramos Rodr\u00edguez\" \/>\n<meta name=\"twitter:card\" content=\"summary_large_image\" \/>\n<meta name=\"twitter:label1\" content=\"Escrito por\" \/>\n\t<meta name=\"twitter:data1\" content=\"Diana Ramos Rodr\u00edguez\" \/>\n\t<meta name=\"twitter:label2\" content=\"Tiempo de lectura\" \/>\n\t<meta name=\"twitter:data2\" content=\"3 minutos\" \/>\n<script type=\"application\/ld+json\" class=\"yoast-schema-graph\">{\"@context\":\"https:\/\/schema.org\",\"@graph\":[{\"@type\":\"Organization\",\"@id\":\"https:\/\/www.xacobeando.eu\/en\/#organization\",\"name\":\"Xacobeando\",\"url\":\"https:\/\/www.xacobeando.eu\/en\/\",\"sameAs\":[\"https:\/\/www.instagram.com\/xacobeando.xuventude\/\",\"https:\/\/www.facebook.com\/Xacobeando-101211579315381\"],\"logo\":{\"@type\":\"ImageObject\",\"inLanguage\":\"es\",\"@id\":\"https:\/\/www.xacobeando.eu\/en\/#\/schema\/logo\/image\/\",\"url\":\"https:\/\/www.xacobeando.eu\/wp-content\/uploads\/2022\/06\/xac-logo-pos.svg\",\"contentUrl\":\"https:\/\/www.xacobeando.eu\/wp-content\/uploads\/2022\/06\/xac-logo-pos.svg\",\"width\":507,\"height\":72,\"caption\":\"Xacobeando\"},\"image\":{\"@id\":\"https:\/\/www.xacobeando.eu\/en\/#\/schema\/logo\/image\/\"}},{\"@type\":\"WebSite\",\"@id\":\"https:\/\/www.xacobeando.eu\/en\/#website\",\"url\":\"https:\/\/www.xacobeando.eu\/en\/\",\"name\":\"Xacobeando\",\"description\":\"Camino de Santiago\",\"publisher\":{\"@id\":\"https:\/\/www.xacobeando.eu\/en\/#organization\"},\"potentialAction\":[{\"@type\":\"SearchAction\",\"target\":{\"@type\":\"EntryPoint\",\"urlTemplate\":\"https:\/\/www.xacobeando.eu\/en\/?s={search_term_string}\"},\"query-input\":\"required name=search_term_string\"}],\"inLanguage\":\"es\"},{\"@type\":\"WebPage\",\"@id\":\"https:\/\/www.xacobeando.eu\/en\/4-week-in-arzua\/\",\"url\":\"https:\/\/www.xacobeando.eu\/en\/4-week-in-arzua\/\",\"name\":\"4\u00b0 WEEK IN ARZ\u00daA : August 29 , Monday - August 2 , Friday | Xacobeando\",\"isPartOf\":{\"@id\":\"https:\/\/www.xacobeando.eu\/en\/#website\"},\"datePublished\":\"2022-08-31T08:37:06+00:00\",\"dateModified\":\"2022-11-11T11:31:55+00:00\",\"description\":\"Xacobeando is a project of volunteer teams in high priority areas within the European Solidarity Corps. Xunta de Galicia project.\",\"breadcrumb\":{\"@id\":\"https:\/\/www.xacobeando.eu\/en\/4-week-in-arzua\/#breadcrumb\"},\"inLanguage\":\"es\",\"potentialAction\":[{\"@type\":\"ReadAction\",\"target\":[\"https:\/\/www.xacobeando.eu\/en\/4-week-in-arzua\/\"]}]},{\"@type\":\"BreadcrumbList\",\"@id\":\"https:\/\/www.xacobeando.eu\/en\/4-week-in-arzua\/#breadcrumb\",\"itemListElement\":[{\"@type\":\"ListItem\",\"position\":1,\"name\":\"Home\",\"item\":\"https:\/\/www.xacobeando.eu\/en\/\"},{\"@type\":\"ListItem\",\"position\":2,\"name\":\"4\u00b0 WEEK IN ARZ\u00daA : August 29 , Monday &#8211; August 2 , Friday\"}]},{\"@type\":\"Article\",\"@id\":\"https:\/\/www.xacobeando.eu\/en\/4-week-in-arzua\/#article\",\"isPartOf\":{\"@id\":\"https:\/\/www.xacobeando.eu\/en\/4-week-in-arzua\/\"},\"author\":{\"name\":\"Diana Ramos Rodr\u00edguez\",\"@id\":\"https:\/\/www.xacobeando.eu\/en\/#\/schema\/person\/97d03f39fa18f30a97184d518bc22a1f\"},\"headline\":\"4\u00b0 WEEK IN ARZ\u00daA : August 29 , Monday &#8211; August 2 , Friday\",\"datePublished\":\"2022-08-31T08:37:06+00:00\",\"dateModified\":\"2022-11-11T11:31:55+00:00\",\"mainEntityOfPage\":{\"@id\":\"https:\/\/www.xacobeando.eu\/en\/4-week-in-arzua\/\"},\"wordCount\":559,\"publisher\":{\"@id\":\"https:\/\/www.xacobeando.eu\/en\/#organization\"},\"articleSection\":[\"Uncategorized\"],\"inLanguage\":\"es\"},{\"@type\":\"Person\",\"@id\":\"https:\/\/www.xacobeando.eu\/en\/#\/schema\/person\/97d03f39fa18f30a97184d518bc22a1f\",\"name\":\"Diana Ramos Rodr\u00edguez\",\"image\":{\"@type\":\"ImageObject\",\"inLanguage\":\"es\",\"@id\":\"https:\/\/www.xacobeando.eu\/en\/#\/schema\/person\/image\/\",\"url\":\"https:\/\/secure.gravatar.com\/avatar\/36fa1c365b9fd374bddf36f23ce2f90535549b4163525df515e46901e42c942f?s=96&d=mm&r=g\",\"contentUrl\":\"https:\/\/secure.gravatar.com\/avatar\/36fa1c365b9fd374bddf36f23ce2f90535549b4163525df515e46901e42c942f?s=96&d=mm&r=g\",\"caption\":\"Diana Ramos Rodr\u00edguez\"},\"description\":\"Day of arrival : 31 st of july Location: First 4 days: Centro Don Bosco . Until the end of volunteering : Arz\u00faa.\",\"url\":\"https:\/\/www.xacobeando.eu\/es\/author\/dianaramos\/\"}]}<\/script>\n<!-- \/ Yoast SEO plugin. -->","yoast_head_json":{"title":"4\u00b0 WEEK IN ARZ\u00daA : August 29 , Monday - August 2 , Friday | Xacobeando","description":"Xacobeando is a project of volunteer teams in high priority areas within the European Solidarity Corps. Xunta de Galicia project.","robots":{"index":"index","follow":"follow","max-snippet":"max-snippet:-1","max-image-preview":"max-image-preview:large","max-video-preview":"max-video-preview:-1"},"canonical":"https:\/\/www.xacobeando.eu\/en\/4-week-in-arzua\/","og_locale":"es_ES","og_type":"article","og_title":"4\u00b0 WEEK IN ARZ\u00daA : August 29 , Monday - August 2 , Friday | Xacobeando","og_description":"Xacobeando is a project of volunteer teams in high priority areas within the European Solidarity Corps. Xunta de Galicia project.","og_url":"https:\/\/www.xacobeando.eu\/en\/4-week-in-arzua\/","og_site_name":"Xacobeando","article_publisher":"https:\/\/www.facebook.com\/Xacobeando-101211579315381","article_published_time":"2022-08-31T08:37:06+00:00","article_modified_time":"2022-11-11T11:31:55+00:00","og_image":[{"width":1080,"height":1920,"url":"https:\/\/www.xacobeando.eu\/wp-content\/uploads\/2022\/08\/caballo.jpg","type":"image\/jpeg"}],"author":"Diana Ramos Rodr\u00edguez","twitter_card":"summary_large_image","twitter_misc":{"Escrito por":"Diana Ramos Rodr\u00edguez","Tiempo de lectura":"3 minutos"},"schema":{"@context":"https:\/\/schema.org","@graph":[{"@type":"Organization","@id":"https:\/\/www.xacobeando.eu\/en\/#organization","name":"Xacobeando","url":"https:\/\/www.xacobeando.eu\/en\/","sameAs":["https:\/\/www.instagram.com\/xacobeando.xuventude\/","https:\/\/www.facebook.com\/Xacobeando-101211579315381"],"logo":{"@type":"ImageObject","inLanguage":"es","@id":"https:\/\/www.xacobeando.eu\/en\/#\/schema\/logo\/image\/","url":"https:\/\/www.xacobeando.eu\/wp-content\/uploads\/2022\/06\/xac-logo-pos.svg","contentUrl":"https:\/\/www.xacobeando.eu\/wp-content\/uploads\/2022\/06\/xac-logo-pos.svg","width":507,"height":72,"caption":"Xacobeando"},"image":{"@id":"https:\/\/www.xacobeando.eu\/en\/#\/schema\/logo\/image\/"}},{"@type":"WebSite","@id":"https:\/\/www.xacobeando.eu\/en\/#website","url":"https:\/\/www.xacobeando.eu\/en\/","name":"Xacobeando","description":"Camino de Santiago","publisher":{"@id":"https:\/\/www.xacobeando.eu\/en\/#organization"},"potentialAction":[{"@type":"SearchAction","target":{"@type":"EntryPoint","urlTemplate":"https:\/\/www.xacobeando.eu\/en\/?s={search_term_string}"},"query-input":"required name=search_term_string"}],"inLanguage":"es"},{"@type":"WebPage","@id":"https:\/\/www.xacobeando.eu\/en\/4-week-in-arzua\/","url":"https:\/\/www.xacobeando.eu\/en\/4-week-in-arzua\/","name":"4\u00b0 WEEK IN ARZ\u00daA : August 29 , Monday - August 2 , Friday | Xacobeando","isPartOf":{"@id":"https:\/\/www.xacobeando.eu\/en\/#website"},"datePublished":"2022-08-31T08:37:06+00:00","dateModified":"2022-11-11T11:31:55+00:00","description":"Xacobeando is a project of volunteer teams in high priority areas within the European Solidarity Corps. Xunta de Galicia project.","breadcrumb":{"@id":"https:\/\/www.xacobeando.eu\/en\/4-week-in-arzua\/#breadcrumb"},"inLanguage":"es","potentialAction":[{"@type":"ReadAction","target":["https:\/\/www.xacobeando.eu\/en\/4-week-in-arzua\/"]}]},{"@type":"BreadcrumbList","@id":"https:\/\/www.xacobeando.eu\/en\/4-week-in-arzua\/#breadcrumb","itemListElement":[{"@type":"ListItem","position":1,"name":"Home","item":"https:\/\/www.xacobeando.eu\/en\/"},{"@type":"ListItem","position":2,"name":"4\u00b0 WEEK IN ARZ\u00daA : August 29 , Monday &#8211; August 2 , Friday"}]},{"@type":"Article","@id":"https:\/\/www.xacobeando.eu\/en\/4-week-in-arzua\/#article","isPartOf":{"@id":"https:\/\/www.xacobeando.eu\/en\/4-week-in-arzua\/"},"author":{"name":"Diana Ramos Rodr\u00edguez","@id":"https:\/\/www.xacobeando.eu\/en\/#\/schema\/person\/97d03f39fa18f30a97184d518bc22a1f"},"headline":"4\u00b0 WEEK IN ARZ\u00daA : August 29 , Monday &#8211; August 2 , Friday","datePublished":"2022-08-31T08:37:06+00:00","dateModified":"2022-11-11T11:31:55+00:00","mainEntityOfPage":{"@id":"https:\/\/www.xacobeando.eu\/en\/4-week-in-arzua\/"},"wordCount":559,"publisher":{"@id":"https:\/\/www.xacobeando.eu\/en\/#organization"},"articleSection":["Uncategorized"],"inLanguage":"es"},{"@type":"Person","@id":"https:\/\/www.xacobeando.eu\/en\/#\/schema\/person\/97d03f39fa18f30a97184d518bc22a1f","name":"Diana Ramos Rodr\u00edguez","image":{"@type":"ImageObject","inLanguage":"es","@id":"https:\/\/www.xacobeando.eu\/en\/#\/schema\/person\/image\/","url":"https:\/\/secure.gravatar.com\/avatar\/36fa1c365b9fd374bddf36f23ce2f90535549b4163525df515e46901e42c942f?s=96&d=mm&r=g","contentUrl":"https:\/\/secure.gravatar.com\/avatar\/36fa1c365b9fd374bddf36f23ce2f90535549b4163525df515e46901e42c942f?s=96&d=mm&r=g","caption":"Diana Ramos Rodr\u00edguez"},"description":"Day of arrival : 31 st of july Location: First 4 days: Centro Don Bosco . Until the end of volunteering : Arz\u00faa.","url":"https:\/\/www.xacobeando.eu\/es\/author\/dianaramos\/"}]}},"_links":{"self":[{"href":"https:\/\/www.xacobeando.eu\/es\/wp-json\/wp\/v2\/posts\/2477","targetHints":{"allow":["GET"]}}],"collection":[{"href":"https:\/\/www.xacobeando.eu\/es\/wp-json\/wp\/v2\/posts"}],"about":[{"href":"https:\/\/www.xacobeando.eu\/es\/wp-json\/wp\/v2\/types\/post"}],"author":[{"embeddable":true,"href":"https:\/\/www.xacobeando.eu\/es\/wp-json\/wp\/v2\/users\/70"}],"replies":[{"embeddable":true,"href":"https:\/\/www.xacobeando.eu\/es\/wp-json\/wp\/v2\/comments?post=2477"}],"version-history":[{"count":10,"href":"https:\/\/www.xacobeando.eu\/es\/wp-json\/wp\/v2\/posts\/2477\/revisions"}],"predecessor-version":[{"id":4441,"href":"https:\/\/www.xacobeando.eu\/es\/wp-json\/wp\/v2\/posts\/2477\/revisions\/4441"}],"wp:featuredmedia":[{"embeddable":true,"href":"https:\/\/www.xacobeando.eu\/es\/wp-json\/wp\/v2\/media\/2487"}],"wp:attachment":[{"href":"https:\/\/www.xacobeando.eu\/es\/wp-json\/wp\/v2\/media?parent=2477"}],"wp:term":[{"taxonomy":"category","embeddable":true,"href":"https:\/\/www.xacobeando.eu\/es\/wp-json\/wp\/v2\/categories?post=2477"},{"taxonomy":"post_tag","embeddable":true,"href":"https:\/\/www.xacobeando.eu\/es\/wp-json\/wp\/v2\/tags?post=2477"}],"curies":[{"name":"wp","href":"https:\/\/api.w.org\/{rel}","templated":true}]}}