{"id":2836,"date":"2022-09-14T10:01:09","date_gmt":"2022-09-14T08:01:09","guid":{"rendered":"https:\/\/www.xacobeando.eu\/is-the-camino-accessible\/"},"modified":"2022-11-11T14:06:32","modified_gmt":"2022-11-11T13:06:32","slug":"is-the-camino-accessible","status":"publish","type":"post","link":"https:\/\/www.xacobeando.eu\/es\/is-the-camino-accessible\/","title":{"rendered":"Is the Camino accessible?"},"content":{"rendered":"<p><span style=\"font-weight: 400;\">Yesterday we, the group of volunteers in Lugo, tried to do a part of the Primitive Way without hearing or seeing, to empathize better with the visually impaired and deaf pilgrims and to look for ways to improve their experience on the Camino.\u00a0<\/span><\/p>\n<p><span style=\"font-weight: 400;\">We were divided into pairs, in which one person could not see and the other served as a guide. In such a way we walked a part of Primitive Way that leads to Lugo. In the middle of the way we switched roles, so everyone could have the opportunity to experience the Camino in a different way. At first it was quite difficult, and our steps were doubtful and unsteady. But after some time, we learned to trust our guides and their instructions more. Although at some point we could only be guided by voice, we managed it. One of the hardest parts was when we were suddenly left alone to cross the bridge blindfolded. There, things became really difficult, and we could only hope that our guides had not left us\u2026 On our way back, we experienced the Camino without hearing our surroundings. This was, of course, somewhat easier and familiar to us. But we still felt isolated and exposed to the risks of the street.<\/span><\/p>\n<p><span style=\"font-weight: 400;\">We came to the conclusion that there needs to be a certain amount of trust between the disabled pilgrim and their guide in order for the pilgrim to feel safe and comfortable. While the volunteer in the role of the pilgrim experienced all the possible obstacles on the way, the volunteer in the role of the guide learned how to escort and assist people with sensory disabilities.<\/span><\/p>\n<p><span style=\"font-weight: 400;\">We have the belief that a blind person needs assistance to do the Camino. What we could do is have auditory information about monuments, braille signs on public taps to help understand if the water is drinkable or not. Also, the arrows that indicate the Way should be made understandable for people with visual impairments. Volunteers could accompany people with sensory disabilities to a part of the Camino.<\/span><\/p>\n<p><img loading=\"lazy\" decoding=\"async\" class=\"alignnone size-medium wp-image-2834\" src=\"https:\/\/www.xacobeando.eu\/wp-content\/uploads\/2022\/09\/WhatsApp-Image-2022-09-13-at-12.31.10-224x300.jpeg\" alt=\"\" width=\"224\" height=\"300\" srcset=\"https:\/\/www.xacobeando.eu\/wp-content\/uploads\/2022\/09\/WhatsApp-Image-2022-09-13-at-12.31.10-224x300.jpeg 224w, https:\/\/www.xacobeando.eu\/wp-content\/uploads\/2022\/09\/WhatsApp-Image-2022-09-13-at-12.31.10-765x1024.jpeg 765w, https:\/\/www.xacobeando.eu\/wp-content\/uploads\/2022\/09\/WhatsApp-Image-2022-09-13-at-12.31.10-768x1027.jpeg 768w, https:\/\/www.xacobeando.eu\/wp-content\/uploads\/2022\/09\/WhatsApp-Image-2022-09-13-at-12.31.10-1148x1536.jpeg 1148w, https:\/\/www.xacobeando.eu\/wp-content\/uploads\/2022\/09\/WhatsApp-Image-2022-09-13-at-12.31.10.jpeg 1196w\" sizes=\"auto, (max-width: 224px) 100vw, 224px\" \/>\u00a0 \u00a0 \u00a0 \u00a0 \u00a0 <img loading=\"lazy\" decoding=\"async\" class=\"alignnone size-medium wp-image-2832\" src=\"https:\/\/www.xacobeando.eu\/wp-content\/uploads\/2022\/09\/WhatsApp-Image-2022-09-13-at-12.31.09-224x300.jpeg\" alt=\"\" width=\"224\" height=\"300\" srcset=\"https:\/\/www.xacobeando.eu\/wp-content\/uploads\/2022\/09\/WhatsApp-Image-2022-09-13-at-12.31.09-224x300.jpeg 224w, https:\/\/www.xacobeando.eu\/wp-content\/uploads\/2022\/09\/WhatsApp-Image-2022-09-13-at-12.31.09-765x1024.jpeg 765w, https:\/\/www.xacobeando.eu\/wp-content\/uploads\/2022\/09\/WhatsApp-Image-2022-09-13-at-12.31.09-768x1027.jpeg 768w, https:\/\/www.xacobeando.eu\/wp-content\/uploads\/2022\/09\/WhatsApp-Image-2022-09-13-at-12.31.09-1148x1536.jpeg 1148w, https:\/\/www.xacobeando.eu\/wp-content\/uploads\/2022\/09\/WhatsApp-Image-2022-09-13-at-12.31.09.jpeg 1196w\" sizes=\"auto, (max-width: 224px) 100vw, 224px\" \/><\/p>\n<p><span style=\"font-weight: 400;\">&#8212;&#8212;&#8212;&#8212;&#8212;&#8212;&#8212;&#8212;&#8212;&#8212;-<\/span><\/p>\n<p><span style=\"font-weight: 400;\">Hoy nosotros, el grupo de voluntarios de Lugo, hemos intentado hacer una parte del Camino Primitivo sin o\u00edr o sin ver, para empatizar mejor con los peregrinos ciegos y sordos y buscar formas de mejorar su experiencia en el Camino.<\/span><\/p>\n<p><span style=\"font-weight: 400;\">Nos dividimos en parejas, donde una persona no pod\u00eda ver y la otra serv\u00eda de gu\u00eda. As\u00ed recorrimos un tramo del Camino Primitivo que conduce a Lugo. En medio del camino intercambiamos roles, para que todos tuvieran la oportunidad de vivir el Camino de una manera diferente. Al principio era bastante dif\u00edcil y nuestros pasos eran peque\u00f1os e inseguros. Pero a continuaci\u00f3n confiamos m\u00e1s en nuestro gu\u00eda y sus instrucciones. Aunque en alg\u00fan momento\u00a0 no pod\u00edamos sostenerlo, lo conseguimos.\u00a0 Una de las m\u00e1s dif\u00edciles partes fue cuando nos dejaron solos pasar el puente. All\u00ed, la cosa se hab\u00eda hecho realmente dif\u00edcil y solo esper\u00e1bamos que nos vieran y no tener riesgo\u2026 De regreso, experimentamos el Camino sin escuchar lo que pasaba a nuestro alrededor. Esto fue por supuesto algo m\u00e1s f\u00e1cil y a lo que estamos m\u00e1s acostumbrados. Pero nos sentimos aislados, y expuestos a los riesgos de la calle.<\/span><\/p>\n<p><span style=\"font-weight: 400;\">Llegamos a la conclusi\u00f3n de que debe haber cierta confianza entre el peregrino discapacitado y su gu\u00eda para que el peregrino se sienta seguro y c\u00f3modo.\u00a0 Mientras el voluntario en el papel de peregrino experimentaba todos los obst\u00e1culos posibles en el camino, el voluntario en el papel de gu\u00eda aprend\u00eda a orientar y ayudar a las personas con discapacidad sensorial.<\/span><\/p>\n<p><span style=\"font-weight: 400;\">Tenemos la creencia\u00a0 de que una persona ciega necesita ayuda para hacer el Camino. Lo que pod\u00edamos hacer es\u00a0 tener en forma auditiva informaciones sobre monumentos, signos en sistema braille en los grifos p\u00fablicos\u00a0 para entender alguien si el agua es potable o no. Tambi\u00e9n, las flechas que indican el Camino podr\u00edan ser de forma comprensible por personas con esta discapacidad. Una buena idea quiz\u00e1s sea haber voluntarios que podr\u00edan acompa\u00f1ar a las personas con discapacidad sensorial a una parte del Camino.<\/span><\/p>\n<p>&nbsp;<\/p>\n","protected":false},"excerpt":{"rendered":"<p>Yesterday we, the group of volunteers in Lugo, tried to do a part of the Primitive Way without hearing or seeing,&#8230;<\/p>\n","protected":false},"author":78,"featured_media":2832,"comment_status":"closed","ping_status":"closed","sticky":false,"template":"","format":"standard","meta":{"footnotes":""},"categories":[1],"tags":[],"class_list":["post-2836","post","type-post","status-publish","format-standard","has-post-thumbnail","hentry","category-uncategorized","paths-primitive-way","digital_path-volunteer"],"acf":[],"yoast_head":"<!-- This site is optimized with the Yoast SEO plugin v19.4 - https:\/\/yoast.com\/wordpress\/plugins\/seo\/ -->\n<title>Is the Camino accessible? | Xacobeando<\/title>\n<meta name=\"description\" content=\"Xacobeando is a project of volunteer teams in high priority areas within the European Solidarity Corps. Xunta de Galicia project.\" \/>\n<meta name=\"robots\" content=\"index, follow, max-snippet:-1, max-image-preview:large, max-video-preview:-1\" \/>\n<link rel=\"canonical\" href=\"https:\/\/www.xacobeando.eu\/en\/is-the-camino-accessible\/\" \/>\n<meta property=\"og:locale\" content=\"es_ES\" \/>\n<meta property=\"og:type\" content=\"article\" \/>\n<meta property=\"og:title\" content=\"Is the Camino accessible? | Xacobeando\" \/>\n<meta property=\"og:description\" content=\"Xacobeando is a project of volunteer teams in high priority areas within the European Solidarity Corps. Xunta de Galicia project.\" \/>\n<meta property=\"og:url\" content=\"https:\/\/www.xacobeando.eu\/en\/is-the-camino-accessible\/\" \/>\n<meta property=\"og:site_name\" content=\"Xacobeando\" \/>\n<meta property=\"article:publisher\" content=\"https:\/\/www.facebook.com\/Xacobeando-101211579315381\" \/>\n<meta property=\"article:author\" content=\"https:\/\/www.facebook.com\/nnastra\" \/>\n<meta property=\"article:published_time\" content=\"2022-09-14T08:01:09+00:00\" \/>\n<meta property=\"article:modified_time\" content=\"2022-11-11T13:06:32+00:00\" \/>\n<meta property=\"og:image\" content=\"https:\/\/www.xacobeando.eu\/wp-content\/uploads\/2022\/09\/WhatsApp-Image-2022-09-13-at-12.31.09.jpeg\" \/>\n\t<meta property=\"og:image:width\" content=\"1196\" \/>\n\t<meta property=\"og:image:height\" content=\"1600\" \/>\n\t<meta property=\"og:image:type\" content=\"image\/jpeg\" \/>\n<meta name=\"author\" content=\"Hanna Strauss\" \/>\n<meta name=\"twitter:card\" content=\"summary_large_image\" \/>\n<meta name=\"twitter:label1\" content=\"Escrito por\" \/>\n\t<meta name=\"twitter:data1\" content=\"Hanna Strauss\" \/>\n\t<meta name=\"twitter:label2\" content=\"Tiempo de lectura\" \/>\n\t<meta name=\"twitter:data2\" content=\"4 minutos\" \/>\n<script type=\"application\/ld+json\" class=\"yoast-schema-graph\">{\"@context\":\"https:\/\/schema.org\",\"@graph\":[{\"@type\":\"Organization\",\"@id\":\"https:\/\/www.xacobeando.eu\/en\/#organization\",\"name\":\"Xacobeando\",\"url\":\"https:\/\/www.xacobeando.eu\/en\/\",\"sameAs\":[\"https:\/\/www.instagram.com\/xacobeando.xuventude\/\",\"https:\/\/www.facebook.com\/Xacobeando-101211579315381\"],\"logo\":{\"@type\":\"ImageObject\",\"inLanguage\":\"es\",\"@id\":\"https:\/\/www.xacobeando.eu\/en\/#\/schema\/logo\/image\/\",\"url\":\"https:\/\/www.xacobeando.eu\/wp-content\/uploads\/2022\/06\/xac-logo-pos.svg\",\"contentUrl\":\"https:\/\/www.xacobeando.eu\/wp-content\/uploads\/2022\/06\/xac-logo-pos.svg\",\"width\":507,\"height\":72,\"caption\":\"Xacobeando\"},\"image\":{\"@id\":\"https:\/\/www.xacobeando.eu\/en\/#\/schema\/logo\/image\/\"}},{\"@type\":\"WebSite\",\"@id\":\"https:\/\/www.xacobeando.eu\/en\/#website\",\"url\":\"https:\/\/www.xacobeando.eu\/en\/\",\"name\":\"Xacobeando\",\"description\":\"Camino de Santiago\",\"publisher\":{\"@id\":\"https:\/\/www.xacobeando.eu\/en\/#organization\"},\"potentialAction\":[{\"@type\":\"SearchAction\",\"target\":{\"@type\":\"EntryPoint\",\"urlTemplate\":\"https:\/\/www.xacobeando.eu\/en\/?s={search_term_string}\"},\"query-input\":\"required name=search_term_string\"}],\"inLanguage\":\"es\"},{\"@type\":\"WebPage\",\"@id\":\"https:\/\/www.xacobeando.eu\/en\/is-the-camino-accessible\/\",\"url\":\"https:\/\/www.xacobeando.eu\/en\/is-the-camino-accessible\/\",\"name\":\"Is the Camino accessible? | Xacobeando\",\"isPartOf\":{\"@id\":\"https:\/\/www.xacobeando.eu\/en\/#website\"},\"datePublished\":\"2022-09-14T08:01:09+00:00\",\"dateModified\":\"2022-11-11T13:06:32+00:00\",\"description\":\"Xacobeando is a project of volunteer teams in high priority areas within the European Solidarity Corps. Xunta de Galicia project.\",\"breadcrumb\":{\"@id\":\"https:\/\/www.xacobeando.eu\/en\/is-the-camino-accessible\/#breadcrumb\"},\"inLanguage\":\"es\",\"potentialAction\":[{\"@type\":\"ReadAction\",\"target\":[\"https:\/\/www.xacobeando.eu\/en\/is-the-camino-accessible\/\"]}]},{\"@type\":\"BreadcrumbList\",\"@id\":\"https:\/\/www.xacobeando.eu\/en\/is-the-camino-accessible\/#breadcrumb\",\"itemListElement\":[{\"@type\":\"ListItem\",\"position\":1,\"name\":\"Home\",\"item\":\"https:\/\/www.xacobeando.eu\/en\/\"},{\"@type\":\"ListItem\",\"position\":2,\"name\":\"Is the Camino accessible?\"}]},{\"@type\":\"Article\",\"@id\":\"https:\/\/www.xacobeando.eu\/en\/is-the-camino-accessible\/#article\",\"isPartOf\":{\"@id\":\"https:\/\/www.xacobeando.eu\/en\/is-the-camino-accessible\/\"},\"author\":{\"name\":\"Hanna Strauss\",\"@id\":\"https:\/\/www.xacobeando.eu\/en\/#\/schema\/person\/b13f6d3245eb3adc7b3aab849a95f74b\"},\"headline\":\"Is the Camino accessible?\",\"datePublished\":\"2022-09-14T08:01:09+00:00\",\"dateModified\":\"2022-11-11T13:06:32+00:00\",\"mainEntityOfPage\":{\"@id\":\"https:\/\/www.xacobeando.eu\/en\/is-the-camino-accessible\/\"},\"wordCount\":715,\"publisher\":{\"@id\":\"https:\/\/www.xacobeando.eu\/en\/#organization\"},\"articleSection\":[\"Uncategorized\"],\"inLanguage\":\"es\"},{\"@type\":\"Person\",\"@id\":\"https:\/\/www.xacobeando.eu\/en\/#\/schema\/person\/b13f6d3245eb3adc7b3aab849a95f74b\",\"name\":\"Hanna Strauss\",\"image\":{\"@type\":\"ImageObject\",\"inLanguage\":\"es\",\"@id\":\"https:\/\/www.xacobeando.eu\/en\/#\/schema\/person\/image\/\",\"url\":\"https:\/\/secure.gravatar.com\/avatar\/75a5a90fe208926f80fc069077df4f34489b28afd8048744a21b0e2665dbc90b?s=96&d=mm&r=g\",\"contentUrl\":\"https:\/\/secure.gravatar.com\/avatar\/75a5a90fe208926f80fc069077df4f34489b28afd8048744a21b0e2665dbc90b?s=96&d=mm&r=g\",\"caption\":\"Hanna Strauss\"},\"description\":\"A total romantic with the soul of an artist. I have majored in philosophy and am currently writing a book on the topic of the Sublime. For me, every life, however small, is sacred.\",\"sameAs\":[\"https:\/\/www.facebook.com\/nnastra\",\"https:\/\/www.instagram.com\/nnnastra\"],\"url\":\"https:\/\/www.xacobeando.eu\/es\/author\/hannastrauss\/\"}]}<\/script>\n<!-- \/ Yoast SEO plugin. -->","yoast_head_json":{"title":"Is the Camino accessible? | Xacobeando","description":"Xacobeando is a project of volunteer teams in high priority areas within the European Solidarity Corps. Xunta de Galicia project.","robots":{"index":"index","follow":"follow","max-snippet":"max-snippet:-1","max-image-preview":"max-image-preview:large","max-video-preview":"max-video-preview:-1"},"canonical":"https:\/\/www.xacobeando.eu\/en\/is-the-camino-accessible\/","og_locale":"es_ES","og_type":"article","og_title":"Is the Camino accessible? | Xacobeando","og_description":"Xacobeando is a project of volunteer teams in high priority areas within the European Solidarity Corps. Xunta de Galicia project.","og_url":"https:\/\/www.xacobeando.eu\/en\/is-the-camino-accessible\/","og_site_name":"Xacobeando","article_publisher":"https:\/\/www.facebook.com\/Xacobeando-101211579315381","article_author":"https:\/\/www.facebook.com\/nnastra","article_published_time":"2022-09-14T08:01:09+00:00","article_modified_time":"2022-11-11T13:06:32+00:00","og_image":[{"width":1196,"height":1600,"url":"https:\/\/www.xacobeando.eu\/wp-content\/uploads\/2022\/09\/WhatsApp-Image-2022-09-13-at-12.31.09.jpeg","type":"image\/jpeg"}],"author":"Hanna Strauss","twitter_card":"summary_large_image","twitter_misc":{"Escrito por":"Hanna Strauss","Tiempo de lectura":"4 minutos"},"schema":{"@context":"https:\/\/schema.org","@graph":[{"@type":"Organization","@id":"https:\/\/www.xacobeando.eu\/en\/#organization","name":"Xacobeando","url":"https:\/\/www.xacobeando.eu\/en\/","sameAs":["https:\/\/www.instagram.com\/xacobeando.xuventude\/","https:\/\/www.facebook.com\/Xacobeando-101211579315381"],"logo":{"@type":"ImageObject","inLanguage":"es","@id":"https:\/\/www.xacobeando.eu\/en\/#\/schema\/logo\/image\/","url":"https:\/\/www.xacobeando.eu\/wp-content\/uploads\/2022\/06\/xac-logo-pos.svg","contentUrl":"https:\/\/www.xacobeando.eu\/wp-content\/uploads\/2022\/06\/xac-logo-pos.svg","width":507,"height":72,"caption":"Xacobeando"},"image":{"@id":"https:\/\/www.xacobeando.eu\/en\/#\/schema\/logo\/image\/"}},{"@type":"WebSite","@id":"https:\/\/www.xacobeando.eu\/en\/#website","url":"https:\/\/www.xacobeando.eu\/en\/","name":"Xacobeando","description":"Camino de Santiago","publisher":{"@id":"https:\/\/www.xacobeando.eu\/en\/#organization"},"potentialAction":[{"@type":"SearchAction","target":{"@type":"EntryPoint","urlTemplate":"https:\/\/www.xacobeando.eu\/en\/?s={search_term_string}"},"query-input":"required name=search_term_string"}],"inLanguage":"es"},{"@type":"WebPage","@id":"https:\/\/www.xacobeando.eu\/en\/is-the-camino-accessible\/","url":"https:\/\/www.xacobeando.eu\/en\/is-the-camino-accessible\/","name":"Is the Camino accessible? | Xacobeando","isPartOf":{"@id":"https:\/\/www.xacobeando.eu\/en\/#website"},"datePublished":"2022-09-14T08:01:09+00:00","dateModified":"2022-11-11T13:06:32+00:00","description":"Xacobeando is a project of volunteer teams in high priority areas within the European Solidarity Corps. Xunta de Galicia project.","breadcrumb":{"@id":"https:\/\/www.xacobeando.eu\/en\/is-the-camino-accessible\/#breadcrumb"},"inLanguage":"es","potentialAction":[{"@type":"ReadAction","target":["https:\/\/www.xacobeando.eu\/en\/is-the-camino-accessible\/"]}]},{"@type":"BreadcrumbList","@id":"https:\/\/www.xacobeando.eu\/en\/is-the-camino-accessible\/#breadcrumb","itemListElement":[{"@type":"ListItem","position":1,"name":"Home","item":"https:\/\/www.xacobeando.eu\/en\/"},{"@type":"ListItem","position":2,"name":"Is the Camino accessible?"}]},{"@type":"Article","@id":"https:\/\/www.xacobeando.eu\/en\/is-the-camino-accessible\/#article","isPartOf":{"@id":"https:\/\/www.xacobeando.eu\/en\/is-the-camino-accessible\/"},"author":{"name":"Hanna Strauss","@id":"https:\/\/www.xacobeando.eu\/en\/#\/schema\/person\/b13f6d3245eb3adc7b3aab849a95f74b"},"headline":"Is the Camino accessible?","datePublished":"2022-09-14T08:01:09+00:00","dateModified":"2022-11-11T13:06:32+00:00","mainEntityOfPage":{"@id":"https:\/\/www.xacobeando.eu\/en\/is-the-camino-accessible\/"},"wordCount":715,"publisher":{"@id":"https:\/\/www.xacobeando.eu\/en\/#organization"},"articleSection":["Uncategorized"],"inLanguage":"es"},{"@type":"Person","@id":"https:\/\/www.xacobeando.eu\/en\/#\/schema\/person\/b13f6d3245eb3adc7b3aab849a95f74b","name":"Hanna Strauss","image":{"@type":"ImageObject","inLanguage":"es","@id":"https:\/\/www.xacobeando.eu\/en\/#\/schema\/person\/image\/","url":"https:\/\/secure.gravatar.com\/avatar\/75a5a90fe208926f80fc069077df4f34489b28afd8048744a21b0e2665dbc90b?s=96&d=mm&r=g","contentUrl":"https:\/\/secure.gravatar.com\/avatar\/75a5a90fe208926f80fc069077df4f34489b28afd8048744a21b0e2665dbc90b?s=96&d=mm&r=g","caption":"Hanna Strauss"},"description":"A total romantic with the soul of an artist. I have majored in philosophy and am currently writing a book on the topic of the Sublime. For me, every life, however small, is sacred.","sameAs":["https:\/\/www.facebook.com\/nnastra","https:\/\/www.instagram.com\/nnnastra"],"url":"https:\/\/www.xacobeando.eu\/es\/author\/hannastrauss\/"}]}},"_links":{"self":[{"href":"https:\/\/www.xacobeando.eu\/es\/wp-json\/wp\/v2\/posts\/2836","targetHints":{"allow":["GET"]}}],"collection":[{"href":"https:\/\/www.xacobeando.eu\/es\/wp-json\/wp\/v2\/posts"}],"about":[{"href":"https:\/\/www.xacobeando.eu\/es\/wp-json\/wp\/v2\/types\/post"}],"author":[{"embeddable":true,"href":"https:\/\/www.xacobeando.eu\/es\/wp-json\/wp\/v2\/users\/78"}],"replies":[{"embeddable":true,"href":"https:\/\/www.xacobeando.eu\/es\/wp-json\/wp\/v2\/comments?post=2836"}],"version-history":[{"count":2,"href":"https:\/\/www.xacobeando.eu\/es\/wp-json\/wp\/v2\/posts\/2836\/revisions"}],"predecessor-version":[{"id":4464,"href":"https:\/\/www.xacobeando.eu\/es\/wp-json\/wp\/v2\/posts\/2836\/revisions\/4464"}],"wp:featuredmedia":[{"embeddable":true,"href":"https:\/\/www.xacobeando.eu\/es\/wp-json\/wp\/v2\/media\/2832"}],"wp:attachment":[{"href":"https:\/\/www.xacobeando.eu\/es\/wp-json\/wp\/v2\/media?parent=2836"}],"wp:term":[{"taxonomy":"category","embeddable":true,"href":"https:\/\/www.xacobeando.eu\/es\/wp-json\/wp\/v2\/categories?post=2836"},{"taxonomy":"post_tag","embeddable":true,"href":"https:\/\/www.xacobeando.eu\/es\/wp-json\/wp\/v2\/tags?post=2836"}],"curies":[{"name":"wp","href":"https:\/\/api.w.org\/{rel}","templated":true}]}}