{"id":3279,"date":"2022-09-27T12:32:33","date_gmt":"2022-09-27T10:32:33","guid":{"rendered":"https:\/\/www.xacobeando.eu\/last-reflection-on-xacobeando-project\/"},"modified":"2022-11-15T20:05:44","modified_gmt":"2022-11-15T19:05:44","slug":"last-reflection-on-xacobeando-project","status":"publish","type":"post","link":"https:\/\/www.xacobeando.eu\/es\/last-reflection-on-xacobeando-project\/","title":{"rendered":"Last Reflection on Xacobeando Project"},"content":{"rendered":"<h4 style=\"text-align: center;\">What was this project about for me? What did I learn?<\/h4>\n<p style=\"text-align: center;\"><b>\u00bfDe qu\u00e9 se trataba este proyecto para m\u00ed? \u00bfQu\u00e9 aprend\u00ed?<\/b><\/p>\n<p><strong><img loading=\"lazy\" decoding=\"async\" class=\" wp-image-3240 alignright\" src=\"https:\/\/www.xacobeando.eu\/wp-content\/uploads\/2022\/09\/20220922_194733-225x300.jpg\" alt=\"\" width=\"220\" height=\"293\" srcset=\"https:\/\/www.xacobeando.eu\/wp-content\/uploads\/2022\/09\/20220922_194733-225x300.jpg 225w, https:\/\/www.xacobeando.eu\/wp-content\/uploads\/2022\/09\/20220922_194733-768x1024.jpg 768w, https:\/\/www.xacobeando.eu\/wp-content\/uploads\/2022\/09\/20220922_194733-1152x1536.jpg 1152w, https:\/\/www.xacobeando.eu\/wp-content\/uploads\/2022\/09\/20220922_194733-1536x2048.jpg 1536w, https:\/\/www.xacobeando.eu\/wp-content\/uploads\/2022\/09\/20220922_194733-scaled.jpg 1920w\" sizes=\"auto, (max-width: 220px) 100vw, 220px\" \/>Connections<\/strong>. Every person that participates in ERASMUS+ or ESC projects can tell the same &#8211; it is easier to make friendship here. You instantly recognize a person from your tribe &#8211; you find each other in a big group &#8211; and hopefully a friendship for life is born. Doesn&#8217;t matter if you spend together one week or 2 months (as in our case), you bond through the same challenges, common experiences and sometimes even similar goals. If you are lucky enough, you will also have conflicts&#8230; and then your connection becomes even stronger. Why? Because it means the friendship is real &#8211; you can overcome your differences and accept each other the way that you are. <strong>I am fortunate<\/strong> &#8211; managed to find people who I can call FRIENDS. I can be vulnerable, stupid, funny and serious with them. We can dance in a techno party, watch a musical on Friday night, travel and just be in silence together &#8211; everything feels real.\u00a0 I am grateful!<\/p>\n<p><strong>Conexiones.<\/strong> Todas las personas que participan en proyectos ERASMUS+ o CES pueden decir lo mismo: aqu\u00ed es m\u00e1s f\u00e1cil hacer amistad. Instant\u00e1neamente reconoces a una persona de tu tribu, te encuentras en un gran grupo y, con suerte, nace una amistad para toda la vida. No importa si pasan juntos una semana o dos meses (como en nuestro caso), se unen a trav\u00e9s de los mismos desaf\u00edos, experiencias comunes y, a veces, incluso objetivos similares. Si tienes la suerte, tambi\u00e9n tendr\u00e1s conflictos\u2026 y entonces tu conexi\u00f3n se vuelve a\u00fan m\u00e1s fuerte. \u00bfPor qu\u00e9? Porque significa que la amistad es real: pueden superar sus diferencias y aceptarse mutuamente como son. <strong>Soy afortunado<\/strong>: logr\u00e9 encontrar personas a las que puedo llamar AMIGOS. Puedo ser vulnerable, est\u00fapido, divertido y serio con ellos. Podemos bailar en una fiesta tecno, ver un musical el viernes por la noche, viajar y simplemente estar juntos en silencio: todo se siente real. \u00a1Estoy agradecido!<\/p>\n<p>&nbsp;<\/p>\n<p><strong><img loading=\"lazy\" decoding=\"async\" class=\"wp-image-3296 alignleft\" src=\"https:\/\/www.xacobeando.eu\/wp-content\/uploads\/2022\/09\/Screenshot_20220921-190156_Gallery-135x300.jpg\" alt=\"\" width=\"171\" height=\"380\" srcset=\"https:\/\/www.xacobeando.eu\/wp-content\/uploads\/2022\/09\/Screenshot_20220921-190156_Gallery-135x300.jpg 135w, https:\/\/www.xacobeando.eu\/wp-content\/uploads\/2022\/09\/Screenshot_20220921-190156_Gallery-461x1024.jpg 461w, https:\/\/www.xacobeando.eu\/wp-content\/uploads\/2022\/09\/Screenshot_20220921-190156_Gallery-768x1707.jpg 768w, https:\/\/www.xacobeando.eu\/wp-content\/uploads\/2022\/09\/Screenshot_20220921-190156_Gallery-691x1536.jpg 691w, https:\/\/www.xacobeando.eu\/wp-content\/uploads\/2022\/09\/Screenshot_20220921-190156_Gallery-922x2048.jpg 922w, https:\/\/www.xacobeando.eu\/wp-content\/uploads\/2022\/09\/Screenshot_20220921-190156_Gallery.jpg 1080w\" sizes=\"auto, (max-width: 171px) 100vw, 171px\" \/>Open-mindedness<\/strong>. What a concept! If you would read motivational letters of the applicants for the ESC projects, 95% of them will have this magical word. But what does it mean in reality, in a mundane everyday life when you share living &amp; working space with people from diverse cultural, social, educational backgrounds? I learnt it the hard way &#8211; being tolerant person is not limited to not saying sth openly racist or homophobic. It is also about how you react to your flatmate&#8217;s way of doing laundry, cooking style, or your colleague&#8217;s fashion sense and speaking manner. Are you easily irritated by someone&#8217;s music style which you have to hear everyday? Can you accept that another person is always late and not to see it as a personal insult? These situations really test you &#8211; your own cultural habits, character and the level of OPEN-MINDENESS. I believe, the first steps to actually be more open-minded are to accept that some things can actually get on your nerves and reflect WHY is it so. Can I communicate openly and without anger when my boundaries are overstepped? Can we be friends if we strongly disagree on something? Can I maintain my habits &amp; engage in the local culture at the sime time? These are one of the questions I reflected on during the project.<\/p>\n<p><strong>Mente abierta.<\/strong> \u00a1Qu\u00e9 concepto! Si leyeras las cartas de motivaci\u00f3n de los candidatos a los proyectos CES, el 95% de ellos tendr\u00e1n esta palabra m\u00e1gica. Pero, \u00bfqu\u00e9 significa en realidad, en una vida cotidiana mundana, cuando compartes un espacio de vida y trabajo con personas de diversos or\u00edgenes culturales, sociales y educativos? Lo aprend\u00ed de la manera m\u00e1s dif\u00edcil: ser una persona tolerante no se limita a no decir algo abiertamente racista u homof\u00f3bico. Tambi\u00e9n se trata de c\u00f3mo reaccionas ante la forma de lavar la ropa, el estilo de cocina de tu compa\u00f1ero de piso o el sentido de la moda y la manera de hablar de tu colega. \u00bfTe irrita f\u00e1cilmente el estilo musical de alguien que tienes que escuchar todos los d\u00edas? \u00bfPuedes aceptar que otra persona siempre llega tarde y no verlo como un insulto personal? Estas situaciones realmente te ponen a prueba: tus propios h\u00e1bitos culturales, car\u00e1cter y el nivel de MENTALIDAD ABIERTA. Creo que los primeros pasos para tener una mente m\u00e1s abierta son aceptar que algunas cosas pueden ponerte nervioso y reflexionar POR QU\u00c9 es as\u00ed. \u00bfPuedo comunicarme abiertamente y sin enfado cuando se traspasan mis l\u00edmites? \u00bfPodemos ser amigos si estamos muy en desacuerdo en algo? \u00bfPuedo mantener mis h\u00e1bitos y participar en la cultura local al mismo tiempo? Estas son una de las preguntas sobre las que reflexion\u00e9 durante el proyecto.<\/p>\n<p>&nbsp;<\/p>\n<p><img loading=\"lazy\" decoding=\"async\" class=\" wp-image-3242 alignleft\" src=\"https:\/\/www.xacobeando.eu\/wp-content\/uploads\/2022\/09\/20220912_164423-225x300.jpg\" alt=\"\" width=\"236\" height=\"315\" srcset=\"https:\/\/www.xacobeando.eu\/wp-content\/uploads\/2022\/09\/20220912_164423-225x300.jpg 225w, https:\/\/www.xacobeando.eu\/wp-content\/uploads\/2022\/09\/20220912_164423-768x1024.jpg 768w, https:\/\/www.xacobeando.eu\/wp-content\/uploads\/2022\/09\/20220912_164423-1152x1536.jpg 1152w, https:\/\/www.xacobeando.eu\/wp-content\/uploads\/2022\/09\/20220912_164423-1536x2048.jpg 1536w, https:\/\/www.xacobeando.eu\/wp-content\/uploads\/2022\/09\/20220912_164423-scaled.jpg 1920w\" sizes=\"auto, (max-width: 236px) 100vw, 236px\" \/><strong>SOLO time<\/strong>. Paradoxically, in this TEAM project I had a lot of time for myself. Riding a bike, going on a beach, taking a walk, having <em>cafe con leche<\/em> in a local bar &#8211; I have enjoyed myself and did not feel lonely for a second. On the other hand, I must admit that my expectation for this team volunteering was to have a sense of community. Unfortunatelly, it didn&#8217;t happen. We had a lot of group activities but most of the time there were 3 of us (<em>for one reason or another<\/em>) which didn&#8217;t actually feel like a community (<em>also, doing retakes in trio is not very motivating:)<\/em>). I wish we would unite Neda&#8217;s and Ferrol&#8217;s powers from the beginning, which would have created a better sense of team (<em>I suppose<\/em>). At least it did when we were preparing for the EXHIBITION. And that leads me to my favourite activity in this project &#8211; preparing for &#8216;As estaci\u00f3ns do nos Cami\u00f1o&#8217;. I loved that each of us had an opportunity to use our hobbies, express our talents &amp; just be creative. Thankful for this experience and Male&#8217;s support during it.<\/p>\n<p><strong>Tiempo SOLO<\/strong>. Parad\u00f3jicamente, en este proyecto de EQUIPO tuve mucho tiempo para m\u00ed. Andar en bicicleta, ir a la playa, dar un paseo, tomar un caf\u00e9 con leche en un bar local: me he divertido y no me he sentido solo ni por un segundo. Por otro lado, debo admitir que mi expectativa para el voluntariado de este equipo era tener un sentido de comunidad. Desafortunadamente, no sucedi\u00f3. Tuvimos muchas actividades grupales, pero la mayor\u00eda de las veces \u00e9ramos 3 (por una u otra raz\u00f3n) que en realidad no se sent\u00edan como una comunidad (adem\u00e1s, hacer repeticiones en tr\u00edo no es muy motivador :)). Ojal\u00e1 hubi\u00e9ramos unido los poderes de Neda y Ferrol desde el principio, lo que habr\u00eda creado un mejor sentido de equipo (supongo). Al menos lo hizo cuando nos prepar\u00e1bamos para la EXPOSICI\u00d3N. Y eso me lleva a mi actividad favorita en este proyecto: prepararme para &#8216;As estaciones do nos Cami\u00f1o&#8217;. Me encant\u00f3 que cada uno de nosotros tuvi\u00e9ramos la oportunidad de usar nuestros pasatiempos, expresar nuestros talentos y simplemente ser creativos. Agradecido por esta experiencia y el apoyo de Male durante la misma.<\/p>\n<p><strong>Exhibition &#8216;The Stages of our Camino&#8217; <\/strong>&#8211; the event, organized by us &#8211; ESC volunteers &#8211; and <em>Xeraci\u00f3n<\/em> in the Civic centre of Canido, Ferrol. It was a creative project, in which we presented our experiences. The volunteers painted, gathered dark stories of Galicia, made creative photo collages &amp; more. My part consisted of photography, storytelling &amp; poetry. I interviewed pilgrims in the hostel of Neda and made portraits of them. In addition, I wrote a metapoem for the Camino. As for many people the Camino de Santiago is a metaphor for life, I thought that poetry should be on the creative process itself. It may be not a masterpiece but it is MY way of expression &amp; I am happy to have received a positive feedback on it. <strong>You can find the poem below.<\/strong> The overall mood of this event was joyful, as we would have reached the last stage of the Camino, and now willing to share OUR stories. Thank you to each of the volunteer, you have taught me so much (<em>without even knowing:)<\/em>). P.S. this post is a reflection and naturally, a thank-you letter, thus if you will read it, Fran &#8211; I am grateful for your presence, chill attitude, support &amp; all the retakes we made. \ud83d\ude00 Hasta luego!<\/p>\n<p><strong>Exposici\u00f3n \u2018Las Etapas de nuestro Camino\u2019<\/strong> \u2013 el evento, organizado por nosotros \u2013 voluntarios CES \u2013 y <em>Xeracion<\/em> en el Centro C\u00edvico de Canido, Ferrol. Fue un proyecto creativo, en el que presentamos nuestras experiencias. Los voluntarios pintamos, recopilamos historias oscuras de Galicia, hicimos creativos collages de fotos y m\u00e1s. Mi parte consisti\u00f3 en fotograf\u00eda, narraci\u00f3n de cuentos y poes\u00eda. Entrevist\u00e9 a peregrinos en el albergue de Neda y les hice retratos. Adem\u00e1s, escrib\u00ed un metapoema para el Camino. Como para mucha gente el Camino de Santiago es una met\u00e1fora de la vida, pens\u00e9 que la poes\u00eda deb\u00eda estar en el propio proceso creativo. Puede que no sea una obra maestra, pero es MI forma de expresi\u00f3n y estoy feliz de haber recibido una respuesta positiva al respecto. <strong>Puedes encontrar el poema en ingl\u00e9s a continuaci\u00f3n<\/strong>. El estado de \u00e1nimo general de este evento fue alegre, ya que habr\u00edamos llegado a la \u00faltima etapa del Camino y ahora estamos dispuestos a compartir NUESTRAS historias. Gracias a cada uno de los voluntarios, me hab\u00e9is ense\u00f1ado tanto (sin saberlo :)). PD Esta publicaci\u00f3n es una reflexi\u00f3n y, naturalmente, una carta de agradecimiento, por lo tanto, si la lees, Fran, estoy agradecido por tu presencia, actitud relajada, apoyo y todas las repeticiones que hicimos. \u00a1Hasta luego!<\/p>\n<p><img loading=\"lazy\" decoding=\"async\" class=\"size-medium wp-image-3308 aligncenter\" src=\"https:\/\/www.xacobeando.eu\/wp-content\/uploads\/2022\/09\/20220922_201959-1-300x224.jpg\" alt=\"\" width=\"300\" height=\"224\" srcset=\"https:\/\/www.xacobeando.eu\/wp-content\/uploads\/2022\/09\/20220922_201959-1-300x224.jpg 300w, https:\/\/www.xacobeando.eu\/wp-content\/uploads\/2022\/09\/20220922_201959-1-1024x765.jpg 1024w, https:\/\/www.xacobeando.eu\/wp-content\/uploads\/2022\/09\/20220922_201959-1-768x574.jpg 768w, https:\/\/www.xacobeando.eu\/wp-content\/uploads\/2022\/09\/20220922_201959-1-1536x1148.jpg 1536w, https:\/\/www.xacobeando.eu\/wp-content\/uploads\/2022\/09\/20220922_201959-1-2048x1530.jpg 2048w\" sizes=\"auto, (max-width: 300px) 100vw, 300px\" \/><\/p>\n<h6 style=\"text-align: center;\">I<\/h6>\n<h6 style=\"text-align: center;\">Maybe I should write a poem for you<\/h6>\n<h6 style=\"text-align: center;\">Hoping that Galician sirens could be my muse<\/h6>\n<h6 style=\"text-align: center;\">Walking the way initially to beat heavy blues<\/h6>\n<h6 style=\"text-align: center;\">Yet I may ask the Universe for better clues.<\/h6>\n<h6 style=\"text-align: center;\">When the world seems to be spinning out of control,<\/h6>\n<h6 style=\"text-align: center;\">Walking restores one\u2019s inner peace.<\/h6>\n<h6 style=\"text-align: center;\">Every pilgrim agrees: Camino leaves you at ease.<\/h6>\n<h6 style=\"text-align: center;\">Your knees may struggle, your feet may ache<\/h6>\n<h6 style=\"text-align: center;\">But the soul is free as ever<\/h6>\n<h6 style=\"text-align: center;\">It finally takes a break.<\/h6>\n<h6 style=\"text-align: center;\">II<\/h6>\n<h6 style=\"text-align: center;\">I will invite you to take a rock<\/h6>\n<h6 style=\"text-align: center;\">while you will think and you will walk.<\/h6>\n<h6 style=\"text-align: center;\">Hold it tight, then let it go.<\/h6>\n<h6 style=\"text-align: center;\">Leave it on a milestone and carry on.<\/h6>\n<h6 style=\"text-align: center;\">III<\/h6>\n<h6 style=\"text-align: center;\">You\u2019ve been dreaming of Camino<\/h6>\n<h6 style=\"text-align: center;\">But which one \u2013 English, French or Primitivo?<\/h6>\n<h6 style=\"text-align: center;\">One is for meeting new friends, another \u2013 the God and the latter<\/h6>\n<h6 style=\"text-align: center;\">will offer you cliff and a mirror \u2013<\/h6>\n<h6 style=\"text-align: center;\">your task is to look and reconsider.<\/h6>\n<h6 style=\"text-align: center;\">IV<\/h6>\n<h6 style=\"text-align: center;\">You went on the way<\/h6>\n<h6 style=\"text-align: center;\">In search of the answers<\/h6>\n<h6 style=\"text-align: center;\">In attempt to find the light<\/h6>\n<h6 style=\"text-align: center;\">Instead you found yourself.<\/h6>\n<h6 style=\"text-align: center;\">You are the answer &amp;<\/h6>\n<h6 style=\"text-align: center;\">You are the light, my friend.<\/h6>\n","protected":false},"excerpt":{"rendered":"<p>What was this project about for me? What did I learn? \u00bfDe qu\u00e9 se trataba este proyecto para m\u00ed? \u00bfQu\u00e9 aprend\u00ed?&#8230;<\/p>\n","protected":false},"author":57,"featured_media":3280,"comment_status":"closed","ping_status":"closed","sticky":false,"template":"","format":"standard","meta":{"footnotes":""},"categories":[1],"tags":[],"class_list":["post-3279","post","type-post","status-publish","format-standard","has-post-thumbnail","hentry","category-uncategorized","paths-english-way","digital_path-volunteer"],"acf":[],"yoast_head":"<!-- This site is optimized with the Yoast SEO plugin v19.4 - https:\/\/yoast.com\/wordpress\/plugins\/seo\/ -->\n<title>Last Reflection on Xacobeando Project | Xacobeando<\/title>\n<meta name=\"description\" content=\"Xacobeando is a project of volunteer teams in high priority areas within the European Solidarity Corps. Xunta de Galicia project.\" \/>\n<meta name=\"robots\" content=\"index, follow, max-snippet:-1, max-image-preview:large, max-video-preview:-1\" \/>\n<link rel=\"canonical\" href=\"https:\/\/www.xacobeando.eu\/en\/last-reflection-on-xacobeando-project\/\" \/>\n<meta property=\"og:locale\" content=\"es_ES\" \/>\n<meta property=\"og:type\" content=\"article\" \/>\n<meta property=\"og:title\" content=\"Last Reflection on Xacobeando Project | Xacobeando\" \/>\n<meta property=\"og:description\" content=\"Xacobeando is a project of volunteer teams in high priority areas within the European Solidarity Corps. Xunta de Galicia project.\" \/>\n<meta property=\"og:url\" content=\"https:\/\/www.xacobeando.eu\/en\/last-reflection-on-xacobeando-project\/\" \/>\n<meta property=\"og:site_name\" content=\"Xacobeando\" \/>\n<meta property=\"article:publisher\" content=\"https:\/\/www.facebook.com\/Xacobeando-101211579315381\" \/>\n<meta property=\"article:published_time\" content=\"2022-09-27T10:32:33+00:00\" \/>\n<meta property=\"article:modified_time\" content=\"2022-11-15T19:05:44+00:00\" \/>\n<meta property=\"og:image\" content=\"https:\/\/www.xacobeando.eu\/wp-content\/uploads\/2022\/09\/20220823_130436-scaled.jpg\" \/>\n\t<meta property=\"og:image:width\" content=\"1920\" \/>\n\t<meta property=\"og:image:height\" content=\"2560\" \/>\n\t<meta property=\"og:image:type\" content=\"image\/jpeg\" \/>\n<meta name=\"author\" content=\"Domant\u0117 Greifenbergeryt\u0117\" \/>\n<meta name=\"twitter:card\" content=\"summary_large_image\" \/>\n<meta name=\"twitter:label1\" content=\"Escrito por\" \/>\n\t<meta name=\"twitter:data1\" content=\"Domant\u0117 Greifenbergeryt\u0117\" \/>\n\t<meta name=\"twitter:label2\" content=\"Tiempo de lectura\" \/>\n\t<meta name=\"twitter:data2\" content=\"9 minutos\" \/>\n<script type=\"application\/ld+json\" class=\"yoast-schema-graph\">{\"@context\":\"https:\/\/schema.org\",\"@graph\":[{\"@type\":\"Organization\",\"@id\":\"https:\/\/www.xacobeando.eu\/en\/#organization\",\"name\":\"Xacobeando\",\"url\":\"https:\/\/www.xacobeando.eu\/en\/\",\"sameAs\":[\"https:\/\/www.instagram.com\/xacobeando.xuventude\/\",\"https:\/\/www.facebook.com\/Xacobeando-101211579315381\"],\"logo\":{\"@type\":\"ImageObject\",\"inLanguage\":\"es\",\"@id\":\"https:\/\/www.xacobeando.eu\/en\/#\/schema\/logo\/image\/\",\"url\":\"https:\/\/www.xacobeando.eu\/wp-content\/uploads\/2022\/06\/xac-logo-pos.svg\",\"contentUrl\":\"https:\/\/www.xacobeando.eu\/wp-content\/uploads\/2022\/06\/xac-logo-pos.svg\",\"width\":507,\"height\":72,\"caption\":\"Xacobeando\"},\"image\":{\"@id\":\"https:\/\/www.xacobeando.eu\/en\/#\/schema\/logo\/image\/\"}},{\"@type\":\"WebSite\",\"@id\":\"https:\/\/www.xacobeando.eu\/en\/#website\",\"url\":\"https:\/\/www.xacobeando.eu\/en\/\",\"name\":\"Xacobeando\",\"description\":\"Camino de Santiago\",\"publisher\":{\"@id\":\"https:\/\/www.xacobeando.eu\/en\/#organization\"},\"potentialAction\":[{\"@type\":\"SearchAction\",\"target\":{\"@type\":\"EntryPoint\",\"urlTemplate\":\"https:\/\/www.xacobeando.eu\/en\/?s={search_term_string}\"},\"query-input\":\"required name=search_term_string\"}],\"inLanguage\":\"es\"},{\"@type\":\"WebPage\",\"@id\":\"https:\/\/www.xacobeando.eu\/en\/last-reflection-on-xacobeando-project\/\",\"url\":\"https:\/\/www.xacobeando.eu\/en\/last-reflection-on-xacobeando-project\/\",\"name\":\"Last Reflection on Xacobeando Project | Xacobeando\",\"isPartOf\":{\"@id\":\"https:\/\/www.xacobeando.eu\/en\/#website\"},\"datePublished\":\"2022-09-27T10:32:33+00:00\",\"dateModified\":\"2022-11-15T19:05:44+00:00\",\"description\":\"Xacobeando is a project of volunteer teams in high priority areas within the European Solidarity Corps. Xunta de Galicia project.\",\"breadcrumb\":{\"@id\":\"https:\/\/www.xacobeando.eu\/en\/last-reflection-on-xacobeando-project\/#breadcrumb\"},\"inLanguage\":\"es\",\"potentialAction\":[{\"@type\":\"ReadAction\",\"target\":[\"https:\/\/www.xacobeando.eu\/en\/last-reflection-on-xacobeando-project\/\"]}]},{\"@type\":\"BreadcrumbList\",\"@id\":\"https:\/\/www.xacobeando.eu\/en\/last-reflection-on-xacobeando-project\/#breadcrumb\",\"itemListElement\":[{\"@type\":\"ListItem\",\"position\":1,\"name\":\"Home\",\"item\":\"https:\/\/www.xacobeando.eu\/en\/\"},{\"@type\":\"ListItem\",\"position\":2,\"name\":\"Last Reflection on Xacobeando Project\"}]},{\"@type\":\"Article\",\"@id\":\"https:\/\/www.xacobeando.eu\/en\/last-reflection-on-xacobeando-project\/#article\",\"isPartOf\":{\"@id\":\"https:\/\/www.xacobeando.eu\/en\/last-reflection-on-xacobeando-project\/\"},\"author\":{\"name\":\"Domant\u0117 Greifenbergeryt\u0117\",\"@id\":\"https:\/\/www.xacobeando.eu\/en\/#\/schema\/person\/67891a9eb18fa7d82a0a5fbd7f00a746\"},\"headline\":\"Last Reflection on Xacobeando Project\",\"datePublished\":\"2022-09-27T10:32:33+00:00\",\"dateModified\":\"2022-11-15T19:05:44+00:00\",\"mainEntityOfPage\":{\"@id\":\"https:\/\/www.xacobeando.eu\/en\/last-reflection-on-xacobeando-project\/\"},\"wordCount\":1841,\"publisher\":{\"@id\":\"https:\/\/www.xacobeando.eu\/en\/#organization\"},\"articleSection\":[\"Uncategorized\"],\"inLanguage\":\"es\"},{\"@type\":\"Person\",\"@id\":\"https:\/\/www.xacobeando.eu\/en\/#\/schema\/person\/67891a9eb18fa7d82a0a5fbd7f00a746\",\"name\":\"Domant\u0117 Greifenbergeryt\u0117\",\"image\":{\"@type\":\"ImageObject\",\"inLanguage\":\"es\",\"@id\":\"https:\/\/www.xacobeando.eu\/en\/#\/schema\/person\/image\/\",\"url\":\"https:\/\/secure.gravatar.com\/avatar\/06b07e99ad579a8b0d1f27c25f1232b7656e10cedc237c35674b36d037b79c57?s=96&d=mm&r=g\",\"contentUrl\":\"https:\/\/secure.gravatar.com\/avatar\/06b07e99ad579a8b0d1f27c25f1232b7656e10cedc237c35674b36d037b79c57?s=96&d=mm&r=g\",\"caption\":\"Domant\u0117 Greifenbergeryt\u0117\"},\"description\":\"English philology graduate with a various in-country and international volunteering experiences. My interests: literature &amp; poetry, trekking, EQ, visual arts, life-long learning.\",\"sameAs\":[\"https:\/\/instagram.com\/doma.greif\"],\"url\":\"https:\/\/www.xacobeando.eu\/es\/author\/domantegreifenbergeryte\/\"}]}<\/script>\n<!-- \/ Yoast SEO plugin. -->","yoast_head_json":{"title":"Last Reflection on Xacobeando Project | Xacobeando","description":"Xacobeando is a project of volunteer teams in high priority areas within the European Solidarity Corps. Xunta de Galicia project.","robots":{"index":"index","follow":"follow","max-snippet":"max-snippet:-1","max-image-preview":"max-image-preview:large","max-video-preview":"max-video-preview:-1"},"canonical":"https:\/\/www.xacobeando.eu\/en\/last-reflection-on-xacobeando-project\/","og_locale":"es_ES","og_type":"article","og_title":"Last Reflection on Xacobeando Project | Xacobeando","og_description":"Xacobeando is a project of volunteer teams in high priority areas within the European Solidarity Corps. Xunta de Galicia project.","og_url":"https:\/\/www.xacobeando.eu\/en\/last-reflection-on-xacobeando-project\/","og_site_name":"Xacobeando","article_publisher":"https:\/\/www.facebook.com\/Xacobeando-101211579315381","article_published_time":"2022-09-27T10:32:33+00:00","article_modified_time":"2022-11-15T19:05:44+00:00","og_image":[{"width":1920,"height":2560,"url":"https:\/\/www.xacobeando.eu\/wp-content\/uploads\/2022\/09\/20220823_130436-scaled.jpg","type":"image\/jpeg"}],"author":"Domant\u0117 Greifenbergeryt\u0117","twitter_card":"summary_large_image","twitter_misc":{"Escrito por":"Domant\u0117 Greifenbergeryt\u0117","Tiempo de lectura":"9 minutos"},"schema":{"@context":"https:\/\/schema.org","@graph":[{"@type":"Organization","@id":"https:\/\/www.xacobeando.eu\/en\/#organization","name":"Xacobeando","url":"https:\/\/www.xacobeando.eu\/en\/","sameAs":["https:\/\/www.instagram.com\/xacobeando.xuventude\/","https:\/\/www.facebook.com\/Xacobeando-101211579315381"],"logo":{"@type":"ImageObject","inLanguage":"es","@id":"https:\/\/www.xacobeando.eu\/en\/#\/schema\/logo\/image\/","url":"https:\/\/www.xacobeando.eu\/wp-content\/uploads\/2022\/06\/xac-logo-pos.svg","contentUrl":"https:\/\/www.xacobeando.eu\/wp-content\/uploads\/2022\/06\/xac-logo-pos.svg","width":507,"height":72,"caption":"Xacobeando"},"image":{"@id":"https:\/\/www.xacobeando.eu\/en\/#\/schema\/logo\/image\/"}},{"@type":"WebSite","@id":"https:\/\/www.xacobeando.eu\/en\/#website","url":"https:\/\/www.xacobeando.eu\/en\/","name":"Xacobeando","description":"Camino de Santiago","publisher":{"@id":"https:\/\/www.xacobeando.eu\/en\/#organization"},"potentialAction":[{"@type":"SearchAction","target":{"@type":"EntryPoint","urlTemplate":"https:\/\/www.xacobeando.eu\/en\/?s={search_term_string}"},"query-input":"required name=search_term_string"}],"inLanguage":"es"},{"@type":"WebPage","@id":"https:\/\/www.xacobeando.eu\/en\/last-reflection-on-xacobeando-project\/","url":"https:\/\/www.xacobeando.eu\/en\/last-reflection-on-xacobeando-project\/","name":"Last Reflection on Xacobeando Project | Xacobeando","isPartOf":{"@id":"https:\/\/www.xacobeando.eu\/en\/#website"},"datePublished":"2022-09-27T10:32:33+00:00","dateModified":"2022-11-15T19:05:44+00:00","description":"Xacobeando is a project of volunteer teams in high priority areas within the European Solidarity Corps. Xunta de Galicia project.","breadcrumb":{"@id":"https:\/\/www.xacobeando.eu\/en\/last-reflection-on-xacobeando-project\/#breadcrumb"},"inLanguage":"es","potentialAction":[{"@type":"ReadAction","target":["https:\/\/www.xacobeando.eu\/en\/last-reflection-on-xacobeando-project\/"]}]},{"@type":"BreadcrumbList","@id":"https:\/\/www.xacobeando.eu\/en\/last-reflection-on-xacobeando-project\/#breadcrumb","itemListElement":[{"@type":"ListItem","position":1,"name":"Home","item":"https:\/\/www.xacobeando.eu\/en\/"},{"@type":"ListItem","position":2,"name":"Last Reflection on Xacobeando Project"}]},{"@type":"Article","@id":"https:\/\/www.xacobeando.eu\/en\/last-reflection-on-xacobeando-project\/#article","isPartOf":{"@id":"https:\/\/www.xacobeando.eu\/en\/last-reflection-on-xacobeando-project\/"},"author":{"name":"Domant\u0117 Greifenbergeryt\u0117","@id":"https:\/\/www.xacobeando.eu\/en\/#\/schema\/person\/67891a9eb18fa7d82a0a5fbd7f00a746"},"headline":"Last Reflection on Xacobeando Project","datePublished":"2022-09-27T10:32:33+00:00","dateModified":"2022-11-15T19:05:44+00:00","mainEntityOfPage":{"@id":"https:\/\/www.xacobeando.eu\/en\/last-reflection-on-xacobeando-project\/"},"wordCount":1841,"publisher":{"@id":"https:\/\/www.xacobeando.eu\/en\/#organization"},"articleSection":["Uncategorized"],"inLanguage":"es"},{"@type":"Person","@id":"https:\/\/www.xacobeando.eu\/en\/#\/schema\/person\/67891a9eb18fa7d82a0a5fbd7f00a746","name":"Domant\u0117 Greifenbergeryt\u0117","image":{"@type":"ImageObject","inLanguage":"es","@id":"https:\/\/www.xacobeando.eu\/en\/#\/schema\/person\/image\/","url":"https:\/\/secure.gravatar.com\/avatar\/06b07e99ad579a8b0d1f27c25f1232b7656e10cedc237c35674b36d037b79c57?s=96&d=mm&r=g","contentUrl":"https:\/\/secure.gravatar.com\/avatar\/06b07e99ad579a8b0d1f27c25f1232b7656e10cedc237c35674b36d037b79c57?s=96&d=mm&r=g","caption":"Domant\u0117 Greifenbergeryt\u0117"},"description":"English philology graduate with a various in-country and international volunteering experiences. My interests: literature &amp; poetry, trekking, EQ, visual arts, life-long learning.","sameAs":["https:\/\/instagram.com\/doma.greif"],"url":"https:\/\/www.xacobeando.eu\/es\/author\/domantegreifenbergeryte\/"}]}},"_links":{"self":[{"href":"https:\/\/www.xacobeando.eu\/es\/wp-json\/wp\/v2\/posts\/3279","targetHints":{"allow":["GET"]}}],"collection":[{"href":"https:\/\/www.xacobeando.eu\/es\/wp-json\/wp\/v2\/posts"}],"about":[{"href":"https:\/\/www.xacobeando.eu\/es\/wp-json\/wp\/v2\/types\/post"}],"author":[{"embeddable":true,"href":"https:\/\/www.xacobeando.eu\/es\/wp-json\/wp\/v2\/users\/57"}],"replies":[{"embeddable":true,"href":"https:\/\/www.xacobeando.eu\/es\/wp-json\/wp\/v2\/comments?post=3279"}],"version-history":[{"count":28,"href":"https:\/\/www.xacobeando.eu\/es\/wp-json\/wp\/v2\/posts\/3279\/revisions"}],"predecessor-version":[{"id":4510,"href":"https:\/\/www.xacobeando.eu\/es\/wp-json\/wp\/v2\/posts\/3279\/revisions\/4510"}],"wp:featuredmedia":[{"embeddable":true,"href":"https:\/\/www.xacobeando.eu\/es\/wp-json\/wp\/v2\/media\/3280"}],"wp:attachment":[{"href":"https:\/\/www.xacobeando.eu\/es\/wp-json\/wp\/v2\/media?parent=3279"}],"wp:term":[{"taxonomy":"category","embeddable":true,"href":"https:\/\/www.xacobeando.eu\/es\/wp-json\/wp\/v2\/categories?post=3279"},{"taxonomy":"post_tag","embeddable":true,"href":"https:\/\/www.xacobeando.eu\/es\/wp-json\/wp\/v2\/tags?post=3279"}],"curies":[{"name":"wp","href":"https:\/\/api.w.org\/{rel}","templated":true}]}}