{"id":3493,"date":"2022-10-06T14:33:13","date_gmt":"2022-10-06T12:33:13","guid":{"rendered":"https:\/\/www.xacobeando.eu\/parte-del-camino-primitivo-dificil-para-personas-con-discapacidades-fisicas\/"},"modified":"2022-11-16T13:16:43","modified_gmt":"2022-11-16T12:16:43","slug":"parte-del-camino-primitivo-dificil-para-personas-con-discapacidades-fisicas","status":"publish","type":"post","link":"https:\/\/www.xacobeando.eu\/es\/parte-del-camino-primitivo-dificil-para-personas-con-discapacidades-fisicas\/","title":{"rendered":"Parte del Camino Primitivo dif\u00edcil para personas con discapacidades f\u00edsicas"},"content":{"rendered":"<p>?? En esta parte del Camino Primitivo, despu\u00e9s del Puente Romana de Lugo, hay una acera muy estrecha para las personas que se mueven con una silla de ruedas. Es imposible que la usen. Adem\u00e1s, esta acera para de repente, sin una inclinaci\u00f3n paulatina, y empieza, un metro m\u00e1s all\u00e1 ,de repente otra vez.<\/p>\n<p>??\u00a0 In this part of the Camino Primitivo, after the Roman Bridge in Lugo, there is a very narrow sidewalk for people who use a wheelchair. It is impossible for them to use it. Also, this sidewalk stops suddenly, without a gradual inclination, and starts, a meter further on, suddenly again.<\/p>\n<p><img loading=\"lazy\" decoding=\"async\" class=\"alignnone wp-image-3474\" src=\"https:\/\/www.xacobeando.eu\/wp-content\/uploads\/2022\/10\/WhatsApp-Image-2022-10-06-at-13.09.48-225x300.jpeg\" alt=\"\" width=\"140\" height=\"187\" srcset=\"https:\/\/www.xacobeando.eu\/wp-content\/uploads\/2022\/10\/WhatsApp-Image-2022-10-06-at-13.09.48-225x300.jpeg 225w, https:\/\/www.xacobeando.eu\/wp-content\/uploads\/2022\/10\/WhatsApp-Image-2022-10-06-at-13.09.48-768x1024.jpeg 768w, https:\/\/www.xacobeando.eu\/wp-content\/uploads\/2022\/10\/WhatsApp-Image-2022-10-06-at-13.09.48.jpeg 966w\" sizes=\"auto, (max-width: 140px) 100vw, 140px\" \/><\/p>\n<p><img loading=\"lazy\" decoding=\"async\" class=\"alignnone wp-image-3486\" src=\"https:\/\/www.xacobeando.eu\/wp-content\/uploads\/2022\/10\/WhatsApp-Image-2022-10-06-at-14.45.19-225x300.jpeg\" alt=\"\" width=\"137\" height=\"183\" srcset=\"https:\/\/www.xacobeando.eu\/wp-content\/uploads\/2022\/10\/WhatsApp-Image-2022-10-06-at-14.45.19-225x300.jpeg 225w, https:\/\/www.xacobeando.eu\/wp-content\/uploads\/2022\/10\/WhatsApp-Image-2022-10-06-at-14.45.19-768x1024.jpeg 768w, https:\/\/www.xacobeando.eu\/wp-content\/uploads\/2022\/10\/WhatsApp-Image-2022-10-06-at-14.45.19-1152x1536.jpeg 1152w, https:\/\/www.xacobeando.eu\/wp-content\/uploads\/2022\/10\/WhatsApp-Image-2022-10-06-at-14.45.19.jpeg 1536w\" sizes=\"auto, (max-width: 137px) 100vw, 137px\" \/><\/p>\n","protected":false},"excerpt":{"rendered":"<p>?? En esta parte del Camino Primitivo, despu\u00e9s del Puente Romana de Lugo, hay una acera muy estrecha para las personas&#8230;<\/p>\n","protected":false},"author":87,"featured_media":3474,"comment_status":"closed","ping_status":"closed","sticky":false,"template":"","format":"standard","meta":{"footnotes":""},"categories":[1],"tags":[],"class_list":["post-3493","post","type-post","status-publish","format-standard","has-post-thumbnail","hentry","category-uncategorized","paths-primitive-way","inclusive_paths-obstacles"],"acf":[],"yoast_head":"<!-- This site is optimized with the Yoast SEO plugin v19.4 - https:\/\/yoast.com\/wordpress\/plugins\/seo\/ -->\n<title>Parte del Camino Primitivo dif\u00edcil para personas con discapacidades f\u00edsicas | Xacobeando<\/title>\n<meta name=\"description\" content=\"Xacobeando is a project of volunteer teams in high priority areas within the European Solidarity Corps. Xunta de Galicia project.\" \/>\n<meta name=\"robots\" content=\"index, follow, max-snippet:-1, max-image-preview:large, max-video-preview:-1\" \/>\n<link rel=\"canonical\" href=\"https:\/\/www.xacobeando.eu\/en\/parte-del-camino-primitivo-dificil-para-personas-con-discapacidades-fisicas\/\" \/>\n<meta property=\"og:locale\" content=\"es_ES\" \/>\n<meta property=\"og:type\" content=\"article\" \/>\n<meta property=\"og:title\" content=\"Parte del Camino Primitivo dif\u00edcil para personas con discapacidades f\u00edsicas | Xacobeando\" \/>\n<meta property=\"og:description\" content=\"Xacobeando is a project of volunteer teams in high priority areas within the European Solidarity Corps. Xunta de Galicia project.\" \/>\n<meta property=\"og:url\" content=\"https:\/\/www.xacobeando.eu\/en\/parte-del-camino-primitivo-dificil-para-personas-con-discapacidades-fisicas\/\" \/>\n<meta property=\"og:site_name\" content=\"Xacobeando\" \/>\n<meta property=\"article:publisher\" content=\"https:\/\/www.facebook.com\/Xacobeando-101211579315381\" \/>\n<meta property=\"article:published_time\" content=\"2022-10-06T12:33:13+00:00\" \/>\n<meta property=\"article:modified_time\" content=\"2022-11-16T12:16:43+00:00\" \/>\n<meta property=\"og:image\" content=\"https:\/\/www.xacobeando.eu\/wp-content\/uploads\/2022\/10\/WhatsApp-Image-2022-10-06-at-13.09.48.jpeg\" \/>\n\t<meta property=\"og:image:width\" content=\"966\" \/>\n\t<meta property=\"og:image:height\" content=\"1288\" \/>\n\t<meta property=\"og:image:type\" content=\"image\/jpeg\" \/>\n<meta name=\"author\" content=\"Stela Sarant\u00ed\" \/>\n<meta name=\"twitter:card\" content=\"summary_large_image\" \/>\n<meta name=\"twitter:label1\" content=\"Escrito por\" \/>\n\t<meta name=\"twitter:data1\" content=\"Stela Sarant\u00ed\" \/>\n\t<meta name=\"twitter:label2\" content=\"Tiempo de lectura\" \/>\n\t<meta name=\"twitter:data2\" content=\"1 minuto\" \/>\n<script type=\"application\/ld+json\" class=\"yoast-schema-graph\">{\"@context\":\"https:\/\/schema.org\",\"@graph\":[{\"@type\":\"Organization\",\"@id\":\"https:\/\/www.xacobeando.eu\/en\/#organization\",\"name\":\"Xacobeando\",\"url\":\"https:\/\/www.xacobeando.eu\/en\/\",\"sameAs\":[\"https:\/\/www.instagram.com\/xacobeando.xuventude\/\",\"https:\/\/www.facebook.com\/Xacobeando-101211579315381\"],\"logo\":{\"@type\":\"ImageObject\",\"inLanguage\":\"es\",\"@id\":\"https:\/\/www.xacobeando.eu\/en\/#\/schema\/logo\/image\/\",\"url\":\"https:\/\/www.xacobeando.eu\/wp-content\/uploads\/2022\/06\/xac-logo-pos.svg\",\"contentUrl\":\"https:\/\/www.xacobeando.eu\/wp-content\/uploads\/2022\/06\/xac-logo-pos.svg\",\"width\":507,\"height\":72,\"caption\":\"Xacobeando\"},\"image\":{\"@id\":\"https:\/\/www.xacobeando.eu\/en\/#\/schema\/logo\/image\/\"}},{\"@type\":\"WebSite\",\"@id\":\"https:\/\/www.xacobeando.eu\/en\/#website\",\"url\":\"https:\/\/www.xacobeando.eu\/en\/\",\"name\":\"Xacobeando\",\"description\":\"Camino de Santiago\",\"publisher\":{\"@id\":\"https:\/\/www.xacobeando.eu\/en\/#organization\"},\"potentialAction\":[{\"@type\":\"SearchAction\",\"target\":{\"@type\":\"EntryPoint\",\"urlTemplate\":\"https:\/\/www.xacobeando.eu\/en\/?s={search_term_string}\"},\"query-input\":\"required name=search_term_string\"}],\"inLanguage\":\"es\"},{\"@type\":\"WebPage\",\"@id\":\"https:\/\/www.xacobeando.eu\/en\/parte-del-camino-primitivo-dificil-para-personas-con-discapacidades-fisicas\/\",\"url\":\"https:\/\/www.xacobeando.eu\/en\/parte-del-camino-primitivo-dificil-para-personas-con-discapacidades-fisicas\/\",\"name\":\"Parte del Camino Primitivo dif\u00edcil para personas con discapacidades f\u00edsicas | Xacobeando\",\"isPartOf\":{\"@id\":\"https:\/\/www.xacobeando.eu\/en\/#website\"},\"datePublished\":\"2022-10-06T12:33:13+00:00\",\"dateModified\":\"2022-11-16T12:16:43+00:00\",\"description\":\"Xacobeando is a project of volunteer teams in high priority areas within the European Solidarity Corps. Xunta de Galicia project.\",\"breadcrumb\":{\"@id\":\"https:\/\/www.xacobeando.eu\/en\/parte-del-camino-primitivo-dificil-para-personas-con-discapacidades-fisicas\/#breadcrumb\"},\"inLanguage\":\"es\",\"potentialAction\":[{\"@type\":\"ReadAction\",\"target\":[\"https:\/\/www.xacobeando.eu\/en\/parte-del-camino-primitivo-dificil-para-personas-con-discapacidades-fisicas\/\"]}]},{\"@type\":\"BreadcrumbList\",\"@id\":\"https:\/\/www.xacobeando.eu\/en\/parte-del-camino-primitivo-dificil-para-personas-con-discapacidades-fisicas\/#breadcrumb\",\"itemListElement\":[{\"@type\":\"ListItem\",\"position\":1,\"name\":\"Home\",\"item\":\"https:\/\/www.xacobeando.eu\/en\/\"},{\"@type\":\"ListItem\",\"position\":2,\"name\":\"Parte del Camino Primitivo dif\u00edcil para personas con discapacidades f\u00edsicas\"}]},{\"@type\":\"Article\",\"@id\":\"https:\/\/www.xacobeando.eu\/en\/parte-del-camino-primitivo-dificil-para-personas-con-discapacidades-fisicas\/#article\",\"isPartOf\":{\"@id\":\"https:\/\/www.xacobeando.eu\/en\/parte-del-camino-primitivo-dificil-para-personas-con-discapacidades-fisicas\/\"},\"author\":{\"name\":\"Stela Sarant\u00ed\",\"@id\":\"https:\/\/www.xacobeando.eu\/en\/#\/schema\/person\/7224cf064ec6954c2ce3c418384bbea3\"},\"headline\":\"Parte del Camino Primitivo dif\u00edcil para personas con discapacidades f\u00edsicas\",\"datePublished\":\"2022-10-06T12:33:13+00:00\",\"dateModified\":\"2022-11-16T12:16:43+00:00\",\"mainEntityOfPage\":{\"@id\":\"https:\/\/www.xacobeando.eu\/en\/parte-del-camino-primitivo-dificil-para-personas-con-discapacidades-fisicas\/\"},\"wordCount\":119,\"publisher\":{\"@id\":\"https:\/\/www.xacobeando.eu\/en\/#organization\"},\"articleSection\":[\"Uncategorized\"],\"inLanguage\":\"es\"},{\"@type\":\"Person\",\"@id\":\"https:\/\/www.xacobeando.eu\/en\/#\/schema\/person\/7224cf064ec6954c2ce3c418384bbea3\",\"name\":\"Stela Sarant\u00ed\",\"image\":{\"@type\":\"ImageObject\",\"inLanguage\":\"es\",\"@id\":\"https:\/\/www.xacobeando.eu\/en\/#\/schema\/person\/image\/\",\"url\":\"https:\/\/secure.gravatar.com\/avatar\/d4aff4d262995ab33b61bb87a6d239af3c97b9d99420d86779ecedfd323ea648?s=96&d=mm&r=g\",\"contentUrl\":\"https:\/\/secure.gravatar.com\/avatar\/d4aff4d262995ab33b61bb87a6d239af3c97b9d99420d86779ecedfd323ea648?s=96&d=mm&r=g\",\"caption\":\"Stela Sarant\u00ed\"},\"description\":\"\u00a1Boas! Me llamo Stela, y soy de Grecia. Me gusta mucho hacer senderismo. Y es un sue\u00f1o m\u00edo hacer alg\u00fan d\u00eda el Camino de Santiago.\",\"url\":\"https:\/\/www.xacobeando.eu\/es\/author\/stelasaranti\/\"}]}<\/script>\n<!-- \/ Yoast SEO plugin. -->","yoast_head_json":{"title":"Parte del Camino Primitivo dif\u00edcil para personas con discapacidades f\u00edsicas | Xacobeando","description":"Xacobeando is a project of volunteer teams in high priority areas within the European Solidarity Corps. Xunta de Galicia project.","robots":{"index":"index","follow":"follow","max-snippet":"max-snippet:-1","max-image-preview":"max-image-preview:large","max-video-preview":"max-video-preview:-1"},"canonical":"https:\/\/www.xacobeando.eu\/en\/parte-del-camino-primitivo-dificil-para-personas-con-discapacidades-fisicas\/","og_locale":"es_ES","og_type":"article","og_title":"Parte del Camino Primitivo dif\u00edcil para personas con discapacidades f\u00edsicas | Xacobeando","og_description":"Xacobeando is a project of volunteer teams in high priority areas within the European Solidarity Corps. Xunta de Galicia project.","og_url":"https:\/\/www.xacobeando.eu\/en\/parte-del-camino-primitivo-dificil-para-personas-con-discapacidades-fisicas\/","og_site_name":"Xacobeando","article_publisher":"https:\/\/www.facebook.com\/Xacobeando-101211579315381","article_published_time":"2022-10-06T12:33:13+00:00","article_modified_time":"2022-11-16T12:16:43+00:00","og_image":[{"width":966,"height":1288,"url":"https:\/\/www.xacobeando.eu\/wp-content\/uploads\/2022\/10\/WhatsApp-Image-2022-10-06-at-13.09.48.jpeg","type":"image\/jpeg"}],"author":"Stela Sarant\u00ed","twitter_card":"summary_large_image","twitter_misc":{"Escrito por":"Stela Sarant\u00ed","Tiempo de lectura":"1 minuto"},"schema":{"@context":"https:\/\/schema.org","@graph":[{"@type":"Organization","@id":"https:\/\/www.xacobeando.eu\/en\/#organization","name":"Xacobeando","url":"https:\/\/www.xacobeando.eu\/en\/","sameAs":["https:\/\/www.instagram.com\/xacobeando.xuventude\/","https:\/\/www.facebook.com\/Xacobeando-101211579315381"],"logo":{"@type":"ImageObject","inLanguage":"es","@id":"https:\/\/www.xacobeando.eu\/en\/#\/schema\/logo\/image\/","url":"https:\/\/www.xacobeando.eu\/wp-content\/uploads\/2022\/06\/xac-logo-pos.svg","contentUrl":"https:\/\/www.xacobeando.eu\/wp-content\/uploads\/2022\/06\/xac-logo-pos.svg","width":507,"height":72,"caption":"Xacobeando"},"image":{"@id":"https:\/\/www.xacobeando.eu\/en\/#\/schema\/logo\/image\/"}},{"@type":"WebSite","@id":"https:\/\/www.xacobeando.eu\/en\/#website","url":"https:\/\/www.xacobeando.eu\/en\/","name":"Xacobeando","description":"Camino de Santiago","publisher":{"@id":"https:\/\/www.xacobeando.eu\/en\/#organization"},"potentialAction":[{"@type":"SearchAction","target":{"@type":"EntryPoint","urlTemplate":"https:\/\/www.xacobeando.eu\/en\/?s={search_term_string}"},"query-input":"required name=search_term_string"}],"inLanguage":"es"},{"@type":"WebPage","@id":"https:\/\/www.xacobeando.eu\/en\/parte-del-camino-primitivo-dificil-para-personas-con-discapacidades-fisicas\/","url":"https:\/\/www.xacobeando.eu\/en\/parte-del-camino-primitivo-dificil-para-personas-con-discapacidades-fisicas\/","name":"Parte del Camino Primitivo dif\u00edcil para personas con discapacidades f\u00edsicas | Xacobeando","isPartOf":{"@id":"https:\/\/www.xacobeando.eu\/en\/#website"},"datePublished":"2022-10-06T12:33:13+00:00","dateModified":"2022-11-16T12:16:43+00:00","description":"Xacobeando is a project of volunteer teams in high priority areas within the European Solidarity Corps. Xunta de Galicia project.","breadcrumb":{"@id":"https:\/\/www.xacobeando.eu\/en\/parte-del-camino-primitivo-dificil-para-personas-con-discapacidades-fisicas\/#breadcrumb"},"inLanguage":"es","potentialAction":[{"@type":"ReadAction","target":["https:\/\/www.xacobeando.eu\/en\/parte-del-camino-primitivo-dificil-para-personas-con-discapacidades-fisicas\/"]}]},{"@type":"BreadcrumbList","@id":"https:\/\/www.xacobeando.eu\/en\/parte-del-camino-primitivo-dificil-para-personas-con-discapacidades-fisicas\/#breadcrumb","itemListElement":[{"@type":"ListItem","position":1,"name":"Home","item":"https:\/\/www.xacobeando.eu\/en\/"},{"@type":"ListItem","position":2,"name":"Parte del Camino Primitivo dif\u00edcil para personas con discapacidades f\u00edsicas"}]},{"@type":"Article","@id":"https:\/\/www.xacobeando.eu\/en\/parte-del-camino-primitivo-dificil-para-personas-con-discapacidades-fisicas\/#article","isPartOf":{"@id":"https:\/\/www.xacobeando.eu\/en\/parte-del-camino-primitivo-dificil-para-personas-con-discapacidades-fisicas\/"},"author":{"name":"Stela Sarant\u00ed","@id":"https:\/\/www.xacobeando.eu\/en\/#\/schema\/person\/7224cf064ec6954c2ce3c418384bbea3"},"headline":"Parte del Camino Primitivo dif\u00edcil para personas con discapacidades f\u00edsicas","datePublished":"2022-10-06T12:33:13+00:00","dateModified":"2022-11-16T12:16:43+00:00","mainEntityOfPage":{"@id":"https:\/\/www.xacobeando.eu\/en\/parte-del-camino-primitivo-dificil-para-personas-con-discapacidades-fisicas\/"},"wordCount":119,"publisher":{"@id":"https:\/\/www.xacobeando.eu\/en\/#organization"},"articleSection":["Uncategorized"],"inLanguage":"es"},{"@type":"Person","@id":"https:\/\/www.xacobeando.eu\/en\/#\/schema\/person\/7224cf064ec6954c2ce3c418384bbea3","name":"Stela Sarant\u00ed","image":{"@type":"ImageObject","inLanguage":"es","@id":"https:\/\/www.xacobeando.eu\/en\/#\/schema\/person\/image\/","url":"https:\/\/secure.gravatar.com\/avatar\/d4aff4d262995ab33b61bb87a6d239af3c97b9d99420d86779ecedfd323ea648?s=96&d=mm&r=g","contentUrl":"https:\/\/secure.gravatar.com\/avatar\/d4aff4d262995ab33b61bb87a6d239af3c97b9d99420d86779ecedfd323ea648?s=96&d=mm&r=g","caption":"Stela Sarant\u00ed"},"description":"\u00a1Boas! Me llamo Stela, y soy de Grecia. Me gusta mucho hacer senderismo. Y es un sue\u00f1o m\u00edo hacer alg\u00fan d\u00eda el Camino de Santiago.","url":"https:\/\/www.xacobeando.eu\/es\/author\/stelasaranti\/"}]}},"_links":{"self":[{"href":"https:\/\/www.xacobeando.eu\/es\/wp-json\/wp\/v2\/posts\/3493","targetHints":{"allow":["GET"]}}],"collection":[{"href":"https:\/\/www.xacobeando.eu\/es\/wp-json\/wp\/v2\/posts"}],"about":[{"href":"https:\/\/www.xacobeando.eu\/es\/wp-json\/wp\/v2\/types\/post"}],"author":[{"embeddable":true,"href":"https:\/\/www.xacobeando.eu\/es\/wp-json\/wp\/v2\/users\/87"}],"replies":[{"embeddable":true,"href":"https:\/\/www.xacobeando.eu\/es\/wp-json\/wp\/v2\/comments?post=3493"}],"version-history":[{"count":3,"href":"https:\/\/www.xacobeando.eu\/es\/wp-json\/wp\/v2\/posts\/3493\/revisions"}],"predecessor-version":[{"id":4526,"href":"https:\/\/www.xacobeando.eu\/es\/wp-json\/wp\/v2\/posts\/3493\/revisions\/4526"}],"wp:featuredmedia":[{"embeddable":true,"href":"https:\/\/www.xacobeando.eu\/es\/wp-json\/wp\/v2\/media\/3474"}],"wp:attachment":[{"href":"https:\/\/www.xacobeando.eu\/es\/wp-json\/wp\/v2\/media?parent=3493"}],"wp:term":[{"taxonomy":"category","embeddable":true,"href":"https:\/\/www.xacobeando.eu\/es\/wp-json\/wp\/v2\/categories?post=3493"},{"taxonomy":"post_tag","embeddable":true,"href":"https:\/\/www.xacobeando.eu\/es\/wp-json\/wp\/v2\/tags?post=3493"}],"curies":[{"name":"wp","href":"https:\/\/api.w.org\/{rel}","templated":true}]}}