{"id":3572,"date":"2022-10-12T15:01:26","date_gmt":"2022-10-12T13:01:26","guid":{"rendered":"https:\/\/www.xacobeando.eu\/accesibilidad-en-el-albergue-publico\/"},"modified":"2022-11-16T13:43:42","modified_gmt":"2022-11-16T12:43:42","slug":"accesibilidad-en-el-albergue-publico","status":"publish","type":"post","link":"https:\/\/www.xacobeando.eu\/es\/accesibilidad-en-el-albergue-publico\/","title":{"rendered":"ACCESIBILIDAD EN EL  ALBERGUE P\u00daBLICO"},"content":{"rendered":"<p>?? En la planta principal del albergue p\u00fablico de peregrinos\u00a0de Lugo hay un dormitorio que se puede utilizar por personas con movilidad reducida y cuentan tambi\u00e9n, con un ba\u00f1o en esta planta.<\/p>\n<p>??\u00a0On the main floor of the public pilgrims&#8217; hostel in Lugo there is a bedroom that can be used by people with reduced mobility and they also have a bathroom on this floor.<\/p>\n<p><img loading=\"lazy\" decoding=\"async\" class=\"alignnone wp-image-3568\" src=\"https:\/\/www.xacobeando.eu\/wp-content\/uploads\/2022\/10\/311243078_493056319361557_8670569588049778689_n-223x300.jpg\" alt=\"\" width=\"126\" height=\"170\" srcset=\"https:\/\/www.xacobeando.eu\/wp-content\/uploads\/2022\/10\/311243078_493056319361557_8670569588049778689_n-223x300.jpg 223w, https:\/\/www.xacobeando.eu\/wp-content\/uploads\/2022\/10\/311243078_493056319361557_8670569588049778689_n-762x1024.jpg 762w, https:\/\/www.xacobeando.eu\/wp-content\/uploads\/2022\/10\/311243078_493056319361557_8670569588049778689_n-768x1032.jpg 768w, https:\/\/www.xacobeando.eu\/wp-content\/uploads\/2022\/10\/311243078_493056319361557_8670569588049778689_n-1143x1536.jpg 1143w, https:\/\/www.xacobeando.eu\/wp-content\/uploads\/2022\/10\/311243078_493056319361557_8670569588049778689_n.jpg 1152w\" sizes=\"auto, (max-width: 126px) 100vw, 126px\" \/><\/p>\n<p><img loading=\"lazy\" decoding=\"async\" class=\"alignnone wp-image-3566\" src=\"https:\/\/www.xacobeando.eu\/wp-content\/uploads\/2022\/10\/311015963_608290041083102_852154493620250289_n-300x225.jpg\" alt=\"\" width=\"115\" height=\"86\" srcset=\"https:\/\/www.xacobeando.eu\/wp-content\/uploads\/2022\/10\/311015963_608290041083102_852154493620250289_n-300x225.jpg 300w, https:\/\/www.xacobeando.eu\/wp-content\/uploads\/2022\/10\/311015963_608290041083102_852154493620250289_n-1024x768.jpg 1024w, https:\/\/www.xacobeando.eu\/wp-content\/uploads\/2022\/10\/311015963_608290041083102_852154493620250289_n-768x576.jpg 768w, https:\/\/www.xacobeando.eu\/wp-content\/uploads\/2022\/10\/311015963_608290041083102_852154493620250289_n-1536x1152.jpg 1536w, https:\/\/www.xacobeando.eu\/wp-content\/uploads\/2022\/10\/311015963_608290041083102_852154493620250289_n.jpg 1548w\" sizes=\"auto, (max-width: 115px) 100vw, 115px\" \/><\/p>\n<p>&nbsp;<\/p>\n","protected":false},"excerpt":{"rendered":"<p>?? En la planta principal del albergue p\u00fablico de peregrinos\u00a0de Lugo hay un dormitorio que se puede utilizar por personas con&#8230;<\/p>\n","protected":false},"author":87,"featured_media":3570,"comment_status":"closed","ping_status":"closed","sticky":false,"template":"","format":"standard","meta":{"footnotes":""},"categories":[1],"tags":[],"class_list":["post-3572","post","type-post","status-publish","format-standard","has-post-thumbnail","hentry","category-uncategorized","paths-primitive-way","inclusive_paths-hostels"],"acf":[],"yoast_head":"<!-- This site is optimized with the Yoast SEO plugin v19.4 - https:\/\/yoast.com\/wordpress\/plugins\/seo\/ -->\n<title>ACCESIBILIDAD EN EL ALBERGUE P\u00daBLICO | Xacobeando<\/title>\n<meta name=\"description\" content=\"Xacobeando is a project of volunteer teams in high priority areas within the European Solidarity Corps. Xunta de Galicia project.\" \/>\n<meta name=\"robots\" content=\"index, follow, max-snippet:-1, max-image-preview:large, max-video-preview:-1\" \/>\n<link rel=\"canonical\" href=\"https:\/\/www.xacobeando.eu\/en\/accesibilidad-en-el-albergue-publico\/\" \/>\n<meta property=\"og:locale\" content=\"es_ES\" \/>\n<meta property=\"og:type\" content=\"article\" \/>\n<meta property=\"og:title\" content=\"ACCESIBILIDAD EN EL ALBERGUE P\u00daBLICO | Xacobeando\" \/>\n<meta property=\"og:description\" content=\"Xacobeando is a project of volunteer teams in high priority areas within the European Solidarity Corps. Xunta de Galicia project.\" \/>\n<meta property=\"og:url\" content=\"https:\/\/www.xacobeando.eu\/en\/accesibilidad-en-el-albergue-publico\/\" \/>\n<meta property=\"og:site_name\" content=\"Xacobeando\" \/>\n<meta property=\"article:publisher\" content=\"https:\/\/www.facebook.com\/Xacobeando-101211579315381\" \/>\n<meta property=\"article:published_time\" content=\"2022-10-12T13:01:26+00:00\" \/>\n<meta property=\"article:modified_time\" content=\"2022-11-16T12:43:42+00:00\" \/>\n<meta property=\"og:image\" content=\"https:\/\/www.xacobeando.eu\/wp-content\/uploads\/2022\/10\/Albergue_peregrinos_Xunta_Galicia_Lugo_Camino_Primitivo_01.jpg\" \/>\n\t<meta property=\"og:image:width\" content=\"900\" \/>\n\t<meta property=\"og:image:height\" content=\"505\" \/>\n\t<meta property=\"og:image:type\" content=\"image\/jpeg\" \/>\n<meta name=\"author\" content=\"Stela Sarant\u00ed\" \/>\n<meta name=\"twitter:card\" content=\"summary_large_image\" \/>\n<meta name=\"twitter:label1\" content=\"Escrito por\" \/>\n\t<meta name=\"twitter:data1\" content=\"Stela Sarant\u00ed\" \/>\n<script type=\"application\/ld+json\" class=\"yoast-schema-graph\">{\"@context\":\"https:\/\/schema.org\",\"@graph\":[{\"@type\":\"Organization\",\"@id\":\"https:\/\/www.xacobeando.eu\/en\/#organization\",\"name\":\"Xacobeando\",\"url\":\"https:\/\/www.xacobeando.eu\/en\/\",\"sameAs\":[\"https:\/\/www.instagram.com\/xacobeando.xuventude\/\",\"https:\/\/www.facebook.com\/Xacobeando-101211579315381\"],\"logo\":{\"@type\":\"ImageObject\",\"inLanguage\":\"es\",\"@id\":\"https:\/\/www.xacobeando.eu\/en\/#\/schema\/logo\/image\/\",\"url\":\"https:\/\/www.xacobeando.eu\/wp-content\/uploads\/2022\/06\/xac-logo-pos.svg\",\"contentUrl\":\"https:\/\/www.xacobeando.eu\/wp-content\/uploads\/2022\/06\/xac-logo-pos.svg\",\"width\":507,\"height\":72,\"caption\":\"Xacobeando\"},\"image\":{\"@id\":\"https:\/\/www.xacobeando.eu\/en\/#\/schema\/logo\/image\/\"}},{\"@type\":\"WebSite\",\"@id\":\"https:\/\/www.xacobeando.eu\/en\/#website\",\"url\":\"https:\/\/www.xacobeando.eu\/en\/\",\"name\":\"Xacobeando\",\"description\":\"Camino de Santiago\",\"publisher\":{\"@id\":\"https:\/\/www.xacobeando.eu\/en\/#organization\"},\"potentialAction\":[{\"@type\":\"SearchAction\",\"target\":{\"@type\":\"EntryPoint\",\"urlTemplate\":\"https:\/\/www.xacobeando.eu\/en\/?s={search_term_string}\"},\"query-input\":\"required name=search_term_string\"}],\"inLanguage\":\"es\"},{\"@type\":\"WebPage\",\"@id\":\"https:\/\/www.xacobeando.eu\/en\/accesibilidad-en-el-albergue-publico\/\",\"url\":\"https:\/\/www.xacobeando.eu\/en\/accesibilidad-en-el-albergue-publico\/\",\"name\":\"ACCESIBILIDAD EN EL ALBERGUE P\u00daBLICO | Xacobeando\",\"isPartOf\":{\"@id\":\"https:\/\/www.xacobeando.eu\/en\/#website\"},\"datePublished\":\"2022-10-12T13:01:26+00:00\",\"dateModified\":\"2022-11-16T12:43:42+00:00\",\"description\":\"Xacobeando is a project of volunteer teams in high priority areas within the European Solidarity Corps. Xunta de Galicia project.\",\"breadcrumb\":{\"@id\":\"https:\/\/www.xacobeando.eu\/en\/accesibilidad-en-el-albergue-publico\/#breadcrumb\"},\"inLanguage\":\"es\",\"potentialAction\":[{\"@type\":\"ReadAction\",\"target\":[\"https:\/\/www.xacobeando.eu\/en\/accesibilidad-en-el-albergue-publico\/\"]}]},{\"@type\":\"BreadcrumbList\",\"@id\":\"https:\/\/www.xacobeando.eu\/en\/accesibilidad-en-el-albergue-publico\/#breadcrumb\",\"itemListElement\":[{\"@type\":\"ListItem\",\"position\":1,\"name\":\"Home\",\"item\":\"https:\/\/www.xacobeando.eu\/en\/\"},{\"@type\":\"ListItem\",\"position\":2,\"name\":\"ACCESIBILIDAD EN EL ALBERGUE P\u00daBLICO\"}]},{\"@type\":\"Article\",\"@id\":\"https:\/\/www.xacobeando.eu\/en\/accesibilidad-en-el-albergue-publico\/#article\",\"isPartOf\":{\"@id\":\"https:\/\/www.xacobeando.eu\/en\/accesibilidad-en-el-albergue-publico\/\"},\"author\":{\"name\":\"Stela Sarant\u00ed\",\"@id\":\"https:\/\/www.xacobeando.eu\/en\/#\/schema\/person\/7224cf064ec6954c2ce3c418384bbea3\"},\"headline\":\"ACCESIBILIDAD EN EL ALBERGUE P\u00daBLICO\",\"datePublished\":\"2022-10-12T13:01:26+00:00\",\"dateModified\":\"2022-11-16T12:43:42+00:00\",\"mainEntityOfPage\":{\"@id\":\"https:\/\/www.xacobeando.eu\/en\/accesibilidad-en-el-albergue-publico\/\"},\"wordCount\":75,\"publisher\":{\"@id\":\"https:\/\/www.xacobeando.eu\/en\/#organization\"},\"articleSection\":[\"Uncategorized\"],\"inLanguage\":\"es\"},{\"@type\":\"Person\",\"@id\":\"https:\/\/www.xacobeando.eu\/en\/#\/schema\/person\/7224cf064ec6954c2ce3c418384bbea3\",\"name\":\"Stela Sarant\u00ed\",\"image\":{\"@type\":\"ImageObject\",\"inLanguage\":\"es\",\"@id\":\"https:\/\/www.xacobeando.eu\/en\/#\/schema\/person\/image\/\",\"url\":\"https:\/\/secure.gravatar.com\/avatar\/d4aff4d262995ab33b61bb87a6d239af3c97b9d99420d86779ecedfd323ea648?s=96&d=mm&r=g\",\"contentUrl\":\"https:\/\/secure.gravatar.com\/avatar\/d4aff4d262995ab33b61bb87a6d239af3c97b9d99420d86779ecedfd323ea648?s=96&d=mm&r=g\",\"caption\":\"Stela Sarant\u00ed\"},\"description\":\"\u00a1Boas! Me llamo Stela, y soy de Grecia. Me gusta mucho hacer senderismo. Y es un sue\u00f1o m\u00edo hacer alg\u00fan d\u00eda el Camino de Santiago.\",\"url\":\"https:\/\/www.xacobeando.eu\/es\/author\/stelasaranti\/\"}]}<\/script>\n<!-- \/ Yoast SEO plugin. -->","yoast_head_json":{"title":"ACCESIBILIDAD EN EL ALBERGUE P\u00daBLICO | Xacobeando","description":"Xacobeando is a project of volunteer teams in high priority areas within the European Solidarity Corps. Xunta de Galicia project.","robots":{"index":"index","follow":"follow","max-snippet":"max-snippet:-1","max-image-preview":"max-image-preview:large","max-video-preview":"max-video-preview:-1"},"canonical":"https:\/\/www.xacobeando.eu\/en\/accesibilidad-en-el-albergue-publico\/","og_locale":"es_ES","og_type":"article","og_title":"ACCESIBILIDAD EN EL ALBERGUE P\u00daBLICO | Xacobeando","og_description":"Xacobeando is a project of volunteer teams in high priority areas within the European Solidarity Corps. Xunta de Galicia project.","og_url":"https:\/\/www.xacobeando.eu\/en\/accesibilidad-en-el-albergue-publico\/","og_site_name":"Xacobeando","article_publisher":"https:\/\/www.facebook.com\/Xacobeando-101211579315381","article_published_time":"2022-10-12T13:01:26+00:00","article_modified_time":"2022-11-16T12:43:42+00:00","og_image":[{"width":900,"height":505,"url":"https:\/\/www.xacobeando.eu\/wp-content\/uploads\/2022\/10\/Albergue_peregrinos_Xunta_Galicia_Lugo_Camino_Primitivo_01.jpg","type":"image\/jpeg"}],"author":"Stela Sarant\u00ed","twitter_card":"summary_large_image","twitter_misc":{"Escrito por":"Stela Sarant\u00ed"},"schema":{"@context":"https:\/\/schema.org","@graph":[{"@type":"Organization","@id":"https:\/\/www.xacobeando.eu\/en\/#organization","name":"Xacobeando","url":"https:\/\/www.xacobeando.eu\/en\/","sameAs":["https:\/\/www.instagram.com\/xacobeando.xuventude\/","https:\/\/www.facebook.com\/Xacobeando-101211579315381"],"logo":{"@type":"ImageObject","inLanguage":"es","@id":"https:\/\/www.xacobeando.eu\/en\/#\/schema\/logo\/image\/","url":"https:\/\/www.xacobeando.eu\/wp-content\/uploads\/2022\/06\/xac-logo-pos.svg","contentUrl":"https:\/\/www.xacobeando.eu\/wp-content\/uploads\/2022\/06\/xac-logo-pos.svg","width":507,"height":72,"caption":"Xacobeando"},"image":{"@id":"https:\/\/www.xacobeando.eu\/en\/#\/schema\/logo\/image\/"}},{"@type":"WebSite","@id":"https:\/\/www.xacobeando.eu\/en\/#website","url":"https:\/\/www.xacobeando.eu\/en\/","name":"Xacobeando","description":"Camino de Santiago","publisher":{"@id":"https:\/\/www.xacobeando.eu\/en\/#organization"},"potentialAction":[{"@type":"SearchAction","target":{"@type":"EntryPoint","urlTemplate":"https:\/\/www.xacobeando.eu\/en\/?s={search_term_string}"},"query-input":"required name=search_term_string"}],"inLanguage":"es"},{"@type":"WebPage","@id":"https:\/\/www.xacobeando.eu\/en\/accesibilidad-en-el-albergue-publico\/","url":"https:\/\/www.xacobeando.eu\/en\/accesibilidad-en-el-albergue-publico\/","name":"ACCESIBILIDAD EN EL ALBERGUE P\u00daBLICO | Xacobeando","isPartOf":{"@id":"https:\/\/www.xacobeando.eu\/en\/#website"},"datePublished":"2022-10-12T13:01:26+00:00","dateModified":"2022-11-16T12:43:42+00:00","description":"Xacobeando is a project of volunteer teams in high priority areas within the European Solidarity Corps. Xunta de Galicia project.","breadcrumb":{"@id":"https:\/\/www.xacobeando.eu\/en\/accesibilidad-en-el-albergue-publico\/#breadcrumb"},"inLanguage":"es","potentialAction":[{"@type":"ReadAction","target":["https:\/\/www.xacobeando.eu\/en\/accesibilidad-en-el-albergue-publico\/"]}]},{"@type":"BreadcrumbList","@id":"https:\/\/www.xacobeando.eu\/en\/accesibilidad-en-el-albergue-publico\/#breadcrumb","itemListElement":[{"@type":"ListItem","position":1,"name":"Home","item":"https:\/\/www.xacobeando.eu\/en\/"},{"@type":"ListItem","position":2,"name":"ACCESIBILIDAD EN EL ALBERGUE P\u00daBLICO"}]},{"@type":"Article","@id":"https:\/\/www.xacobeando.eu\/en\/accesibilidad-en-el-albergue-publico\/#article","isPartOf":{"@id":"https:\/\/www.xacobeando.eu\/en\/accesibilidad-en-el-albergue-publico\/"},"author":{"name":"Stela Sarant\u00ed","@id":"https:\/\/www.xacobeando.eu\/en\/#\/schema\/person\/7224cf064ec6954c2ce3c418384bbea3"},"headline":"ACCESIBILIDAD EN EL ALBERGUE P\u00daBLICO","datePublished":"2022-10-12T13:01:26+00:00","dateModified":"2022-11-16T12:43:42+00:00","mainEntityOfPage":{"@id":"https:\/\/www.xacobeando.eu\/en\/accesibilidad-en-el-albergue-publico\/"},"wordCount":75,"publisher":{"@id":"https:\/\/www.xacobeando.eu\/en\/#organization"},"articleSection":["Uncategorized"],"inLanguage":"es"},{"@type":"Person","@id":"https:\/\/www.xacobeando.eu\/en\/#\/schema\/person\/7224cf064ec6954c2ce3c418384bbea3","name":"Stela Sarant\u00ed","image":{"@type":"ImageObject","inLanguage":"es","@id":"https:\/\/www.xacobeando.eu\/en\/#\/schema\/person\/image\/","url":"https:\/\/secure.gravatar.com\/avatar\/d4aff4d262995ab33b61bb87a6d239af3c97b9d99420d86779ecedfd323ea648?s=96&d=mm&r=g","contentUrl":"https:\/\/secure.gravatar.com\/avatar\/d4aff4d262995ab33b61bb87a6d239af3c97b9d99420d86779ecedfd323ea648?s=96&d=mm&r=g","caption":"Stela Sarant\u00ed"},"description":"\u00a1Boas! Me llamo Stela, y soy de Grecia. Me gusta mucho hacer senderismo. Y es un sue\u00f1o m\u00edo hacer alg\u00fan d\u00eda el Camino de Santiago.","url":"https:\/\/www.xacobeando.eu\/es\/author\/stelasaranti\/"}]}},"_links":{"self":[{"href":"https:\/\/www.xacobeando.eu\/es\/wp-json\/wp\/v2\/posts\/3572","targetHints":{"allow":["GET"]}}],"collection":[{"href":"https:\/\/www.xacobeando.eu\/es\/wp-json\/wp\/v2\/posts"}],"about":[{"href":"https:\/\/www.xacobeando.eu\/es\/wp-json\/wp\/v2\/types\/post"}],"author":[{"embeddable":true,"href":"https:\/\/www.xacobeando.eu\/es\/wp-json\/wp\/v2\/users\/87"}],"replies":[{"embeddable":true,"href":"https:\/\/www.xacobeando.eu\/es\/wp-json\/wp\/v2\/comments?post=3572"}],"version-history":[{"count":1,"href":"https:\/\/www.xacobeando.eu\/es\/wp-json\/wp\/v2\/posts\/3572\/revisions"}],"predecessor-version":[{"id":4536,"href":"https:\/\/www.xacobeando.eu\/es\/wp-json\/wp\/v2\/posts\/3572\/revisions\/4536"}],"wp:featuredmedia":[{"embeddable":true,"href":"https:\/\/www.xacobeando.eu\/es\/wp-json\/wp\/v2\/media\/3570"}],"wp:attachment":[{"href":"https:\/\/www.xacobeando.eu\/es\/wp-json\/wp\/v2\/media?parent=3572"}],"wp:term":[{"taxonomy":"category","embeddable":true,"href":"https:\/\/www.xacobeando.eu\/es\/wp-json\/wp\/v2\/categories?post=3572"},{"taxonomy":"post_tag","embeddable":true,"href":"https:\/\/www.xacobeando.eu\/es\/wp-json\/wp\/v2\/tags?post=3572"}],"curies":[{"name":"wp","href":"https:\/\/api.w.org\/{rel}","templated":true}]}}