{"id":4026,"date":"2022-10-24T11:23:43","date_gmt":"2022-10-24T09:23:43","guid":{"rendered":"https:\/\/www.xacobeando.eu\/personas-inspiradoras-en-el-albergue\/"},"modified":"2022-11-17T11:57:25","modified_gmt":"2022-11-17T10:57:25","slug":"personas-inspiradoras-en-el-albergue","status":"publish","type":"post","link":"https:\/\/www.xacobeando.eu\/es\/personas-inspiradoras-en-el-albergue\/","title":{"rendered":"\u00a1Personas inspiradoras en el albergue!"},"content":{"rendered":"<p>ESP:<\/p>\n<p><span style=\"font-weight: 400;\">Una de las mejores actividades del proyecto es encontrarse con l@s peregrin@s. La semana pasada encontramos en el albergue hombres muy inspiradores para mi. Una mujer hac\u00eda el Camino para encontrar <\/span><i><span style=\"font-weight: 400;\">el\u00a0 Camino<\/span><\/i><span style=\"font-weight: 400;\">, que quer\u00eda seguir en su vida. Estaba muy emocionada cuando nos hablaba. Nos dijo que aprendi\u00f3 a ser m\u00e1s flexible y podr\u00eda hacer cosas que al principio parec\u00edan dif\u00edciles. \u00a1Ojal\u00e1 encuentre <\/span><i><span style=\"font-weight: 400;\">su Camino<\/span><\/i><span style=\"font-weight: 400;\">!\u00a0<\/span><\/p>\n<p><span style=\"font-weight: 400;\">Tambi\u00e9n, hablamos con un hombre que tiene m\u00e1s de 65 a\u00f1os. Este era su tercer Camino, el \u00faltimo era una d\u00e9cada antes, \u00a0 y era muy diferente, porque ahora el uso de los tel\u00e9fonos m\u00f3viles\u00a0 ha cambiado. As\u00ed que ha notado que la gente, cuando llega a los albergues no comunica tanto. Alguien, como ha dicho, con los m\u00f3viles\u00a0 se pierde de la naturaleza y de la total experiencia del Camino. Sin duda tiene raz\u00f3n\u2026\u00a0 Para mi este hombre\u00a0 era un ejemplo de que la gente\u00a0 tiene mucha fuerza dentro.\u00a0<\/span><\/p>\n<p>&#8230;&#8230;&#8230;&#8230;&#8230;&#8230;&#8230;&#8230;&#8230;. &#8230;&#8230;&#8230;&#8230;&#8230;&#8230;&#8230;&#8230;&#8230;&#8230;&#8230;&#8230;. &#8230;&#8230;&#8230;&#8230;&#8230;&#8230;&#8230;&#8230;&#8230;&#8230; &#8230;&#8230;&#8230;&#8230;&#8230;&#8230;&#8230;&#8230;&#8230;&#8230;.. &#8230;&#8230;&#8230;&#8230;&#8230;&#8230;&#8230;&#8230;&#8230; &#8230;&#8230;&#8230;&#8230;&#8230;&#8230;&#8230;&#8230;.<\/p>\n<p>ENG:<\/p>\n<p><span style=\"font-weight: 400;\">One of the best activities of the project is meeting with the pilgrims. Last week we met very inspiring people in the hostel. A woman was walking\u00a0 the Camino to find <\/span><i><span style=\"font-weight: 400;\">her Camino<\/span><\/i><span style=\"font-weight: 400;\">, that wants to follow in her life. She was very moved when she was speaking to us. She told us that she learned to be more flexible and was able to do things that seemed difficult at first. I hope she will find\u00a0 <\/span><i><span style=\"font-weight: 400;\">her Camino<\/span><\/i><span style=\"font-weight: 400;\">!<\/span><\/p>\n<p><span style=\"font-weight: 400;\">Also, we talked to a man who is more than 65 years old. This was his third Camino, the last one was a decade before, and it was very different, because now the use of mobile phones has changed. So he has noticed that people, when they arrive at the hostels, do not communicate as much. Someone, as has been said, with mobile phones\u00a0 loses parts of the\u00a0 nature and of the total experience of the Camino. Without a doubt he is right&#8230; For me it was an example that the people\u00a0 have a lot of strength inside them. <\/span><\/p>\n","protected":false},"excerpt":{"rendered":"<p>ESP: Una de las mejores actividades del proyecto es encontrarse con l@s peregrin@s. La semana pasada encontramos en el albergue hombres&#8230;<\/p>\n","protected":false},"author":87,"featured_media":3570,"comment_status":"closed","ping_status":"closed","sticky":false,"template":"","format":"standard","meta":{"footnotes":""},"categories":[1],"tags":[],"class_list":["post-4026","post","type-post","status-publish","format-standard","has-post-thumbnail","hentry","category-uncategorized","paths-primitive-way","digital_path-pilgrim"],"acf":[],"yoast_head":"<!-- This site is optimized with the Yoast SEO plugin v19.4 - https:\/\/yoast.com\/wordpress\/plugins\/seo\/ -->\n<title>\u00a1Personas inspiradoras en el albergue! | Xacobeando<\/title>\n<meta name=\"description\" content=\"Xacobeando is a project of volunteer teams in high priority areas within the European Solidarity Corps. Xunta de Galicia project.\" \/>\n<meta name=\"robots\" content=\"index, follow, max-snippet:-1, max-image-preview:large, max-video-preview:-1\" \/>\n<link rel=\"canonical\" href=\"https:\/\/www.xacobeando.eu\/en\/personas-inspiradoras-en-el-albergue\/\" \/>\n<meta property=\"og:locale\" content=\"es_ES\" \/>\n<meta property=\"og:type\" content=\"article\" \/>\n<meta property=\"og:title\" content=\"\u00a1Personas inspiradoras en el albergue! | Xacobeando\" \/>\n<meta property=\"og:description\" content=\"Xacobeando is a project of volunteer teams in high priority areas within the European Solidarity Corps. Xunta de Galicia project.\" \/>\n<meta property=\"og:url\" content=\"https:\/\/www.xacobeando.eu\/en\/personas-inspiradoras-en-el-albergue\/\" \/>\n<meta property=\"og:site_name\" content=\"Xacobeando\" \/>\n<meta property=\"article:publisher\" content=\"https:\/\/www.facebook.com\/Xacobeando-101211579315381\" \/>\n<meta property=\"article:published_time\" content=\"2022-10-24T09:23:43+00:00\" \/>\n<meta property=\"article:modified_time\" content=\"2022-11-17T10:57:25+00:00\" \/>\n<meta property=\"og:image\" content=\"https:\/\/www.xacobeando.eu\/wp-content\/uploads\/2022\/10\/Albergue_peregrinos_Xunta_Galicia_Lugo_Camino_Primitivo_01.jpg\" \/>\n\t<meta property=\"og:image:width\" content=\"900\" \/>\n\t<meta property=\"og:image:height\" content=\"505\" \/>\n\t<meta property=\"og:image:type\" content=\"image\/jpeg\" \/>\n<meta name=\"author\" content=\"Stela Sarant\u00ed\" \/>\n<meta name=\"twitter:card\" content=\"summary_large_image\" \/>\n<meta name=\"twitter:label1\" content=\"Escrito por\" \/>\n\t<meta name=\"twitter:data1\" content=\"Stela Sarant\u00ed\" \/>\n\t<meta name=\"twitter:label2\" content=\"Tiempo de lectura\" \/>\n\t<meta name=\"twitter:data2\" content=\"2 minutos\" \/>\n<script type=\"application\/ld+json\" class=\"yoast-schema-graph\">{\"@context\":\"https:\/\/schema.org\",\"@graph\":[{\"@type\":\"Organization\",\"@id\":\"https:\/\/www.xacobeando.eu\/en\/#organization\",\"name\":\"Xacobeando\",\"url\":\"https:\/\/www.xacobeando.eu\/en\/\",\"sameAs\":[\"https:\/\/www.instagram.com\/xacobeando.xuventude\/\",\"https:\/\/www.facebook.com\/Xacobeando-101211579315381\"],\"logo\":{\"@type\":\"ImageObject\",\"inLanguage\":\"es\",\"@id\":\"https:\/\/www.xacobeando.eu\/en\/#\/schema\/logo\/image\/\",\"url\":\"https:\/\/www.xacobeando.eu\/wp-content\/uploads\/2022\/06\/xac-logo-pos.svg\",\"contentUrl\":\"https:\/\/www.xacobeando.eu\/wp-content\/uploads\/2022\/06\/xac-logo-pos.svg\",\"width\":507,\"height\":72,\"caption\":\"Xacobeando\"},\"image\":{\"@id\":\"https:\/\/www.xacobeando.eu\/en\/#\/schema\/logo\/image\/\"}},{\"@type\":\"WebSite\",\"@id\":\"https:\/\/www.xacobeando.eu\/en\/#website\",\"url\":\"https:\/\/www.xacobeando.eu\/en\/\",\"name\":\"Xacobeando\",\"description\":\"Camino de Santiago\",\"publisher\":{\"@id\":\"https:\/\/www.xacobeando.eu\/en\/#organization\"},\"potentialAction\":[{\"@type\":\"SearchAction\",\"target\":{\"@type\":\"EntryPoint\",\"urlTemplate\":\"https:\/\/www.xacobeando.eu\/en\/?s={search_term_string}\"},\"query-input\":\"required name=search_term_string\"}],\"inLanguage\":\"es\"},{\"@type\":\"WebPage\",\"@id\":\"https:\/\/www.xacobeando.eu\/en\/personas-inspiradoras-en-el-albergue\/\",\"url\":\"https:\/\/www.xacobeando.eu\/en\/personas-inspiradoras-en-el-albergue\/\",\"name\":\"\u00a1Personas inspiradoras en el albergue! | Xacobeando\",\"isPartOf\":{\"@id\":\"https:\/\/www.xacobeando.eu\/en\/#website\"},\"datePublished\":\"2022-10-24T09:23:43+00:00\",\"dateModified\":\"2022-11-17T10:57:25+00:00\",\"description\":\"Xacobeando is a project of volunteer teams in high priority areas within the European Solidarity Corps. Xunta de Galicia project.\",\"breadcrumb\":{\"@id\":\"https:\/\/www.xacobeando.eu\/en\/personas-inspiradoras-en-el-albergue\/#breadcrumb\"},\"inLanguage\":\"es\",\"potentialAction\":[{\"@type\":\"ReadAction\",\"target\":[\"https:\/\/www.xacobeando.eu\/en\/personas-inspiradoras-en-el-albergue\/\"]}]},{\"@type\":\"BreadcrumbList\",\"@id\":\"https:\/\/www.xacobeando.eu\/en\/personas-inspiradoras-en-el-albergue\/#breadcrumb\",\"itemListElement\":[{\"@type\":\"ListItem\",\"position\":1,\"name\":\"Home\",\"item\":\"https:\/\/www.xacobeando.eu\/en\/\"},{\"@type\":\"ListItem\",\"position\":2,\"name\":\"\u00a1Personas inspiradoras en el albergue!\"}]},{\"@type\":\"Article\",\"@id\":\"https:\/\/www.xacobeando.eu\/en\/personas-inspiradoras-en-el-albergue\/#article\",\"isPartOf\":{\"@id\":\"https:\/\/www.xacobeando.eu\/en\/personas-inspiradoras-en-el-albergue\/\"},\"author\":{\"name\":\"Stela Sarant\u00ed\",\"@id\":\"https:\/\/www.xacobeando.eu\/en\/#\/schema\/person\/7224cf064ec6954c2ce3c418384bbea3\"},\"headline\":\"\u00a1Personas inspiradoras en el albergue!\",\"datePublished\":\"2022-10-24T09:23:43+00:00\",\"dateModified\":\"2022-11-17T10:57:25+00:00\",\"mainEntityOfPage\":{\"@id\":\"https:\/\/www.xacobeando.eu\/en\/personas-inspiradoras-en-el-albergue\/\"},\"wordCount\":353,\"publisher\":{\"@id\":\"https:\/\/www.xacobeando.eu\/en\/#organization\"},\"articleSection\":[\"Uncategorized\"],\"inLanguage\":\"es\"},{\"@type\":\"Person\",\"@id\":\"https:\/\/www.xacobeando.eu\/en\/#\/schema\/person\/7224cf064ec6954c2ce3c418384bbea3\",\"name\":\"Stela Sarant\u00ed\",\"image\":{\"@type\":\"ImageObject\",\"inLanguage\":\"es\",\"@id\":\"https:\/\/www.xacobeando.eu\/en\/#\/schema\/person\/image\/\",\"url\":\"https:\/\/secure.gravatar.com\/avatar\/d4aff4d262995ab33b61bb87a6d239af3c97b9d99420d86779ecedfd323ea648?s=96&d=mm&r=g\",\"contentUrl\":\"https:\/\/secure.gravatar.com\/avatar\/d4aff4d262995ab33b61bb87a6d239af3c97b9d99420d86779ecedfd323ea648?s=96&d=mm&r=g\",\"caption\":\"Stela Sarant\u00ed\"},\"description\":\"\u00a1Boas! Me llamo Stela, y soy de Grecia. Me gusta mucho hacer senderismo. Y es un sue\u00f1o m\u00edo hacer alg\u00fan d\u00eda el Camino de Santiago.\",\"url\":\"https:\/\/www.xacobeando.eu\/es\/author\/stelasaranti\/\"}]}<\/script>\n<!-- \/ Yoast SEO plugin. -->","yoast_head_json":{"title":"\u00a1Personas inspiradoras en el albergue! | Xacobeando","description":"Xacobeando is a project of volunteer teams in high priority areas within the European Solidarity Corps. Xunta de Galicia project.","robots":{"index":"index","follow":"follow","max-snippet":"max-snippet:-1","max-image-preview":"max-image-preview:large","max-video-preview":"max-video-preview:-1"},"canonical":"https:\/\/www.xacobeando.eu\/en\/personas-inspiradoras-en-el-albergue\/","og_locale":"es_ES","og_type":"article","og_title":"\u00a1Personas inspiradoras en el albergue! | Xacobeando","og_description":"Xacobeando is a project of volunteer teams in high priority areas within the European Solidarity Corps. Xunta de Galicia project.","og_url":"https:\/\/www.xacobeando.eu\/en\/personas-inspiradoras-en-el-albergue\/","og_site_name":"Xacobeando","article_publisher":"https:\/\/www.facebook.com\/Xacobeando-101211579315381","article_published_time":"2022-10-24T09:23:43+00:00","article_modified_time":"2022-11-17T10:57:25+00:00","og_image":[{"width":900,"height":505,"url":"https:\/\/www.xacobeando.eu\/wp-content\/uploads\/2022\/10\/Albergue_peregrinos_Xunta_Galicia_Lugo_Camino_Primitivo_01.jpg","type":"image\/jpeg"}],"author":"Stela Sarant\u00ed","twitter_card":"summary_large_image","twitter_misc":{"Escrito por":"Stela Sarant\u00ed","Tiempo de lectura":"2 minutos"},"schema":{"@context":"https:\/\/schema.org","@graph":[{"@type":"Organization","@id":"https:\/\/www.xacobeando.eu\/en\/#organization","name":"Xacobeando","url":"https:\/\/www.xacobeando.eu\/en\/","sameAs":["https:\/\/www.instagram.com\/xacobeando.xuventude\/","https:\/\/www.facebook.com\/Xacobeando-101211579315381"],"logo":{"@type":"ImageObject","inLanguage":"es","@id":"https:\/\/www.xacobeando.eu\/en\/#\/schema\/logo\/image\/","url":"https:\/\/www.xacobeando.eu\/wp-content\/uploads\/2022\/06\/xac-logo-pos.svg","contentUrl":"https:\/\/www.xacobeando.eu\/wp-content\/uploads\/2022\/06\/xac-logo-pos.svg","width":507,"height":72,"caption":"Xacobeando"},"image":{"@id":"https:\/\/www.xacobeando.eu\/en\/#\/schema\/logo\/image\/"}},{"@type":"WebSite","@id":"https:\/\/www.xacobeando.eu\/en\/#website","url":"https:\/\/www.xacobeando.eu\/en\/","name":"Xacobeando","description":"Camino de Santiago","publisher":{"@id":"https:\/\/www.xacobeando.eu\/en\/#organization"},"potentialAction":[{"@type":"SearchAction","target":{"@type":"EntryPoint","urlTemplate":"https:\/\/www.xacobeando.eu\/en\/?s={search_term_string}"},"query-input":"required name=search_term_string"}],"inLanguage":"es"},{"@type":"WebPage","@id":"https:\/\/www.xacobeando.eu\/en\/personas-inspiradoras-en-el-albergue\/","url":"https:\/\/www.xacobeando.eu\/en\/personas-inspiradoras-en-el-albergue\/","name":"\u00a1Personas inspiradoras en el albergue! | Xacobeando","isPartOf":{"@id":"https:\/\/www.xacobeando.eu\/en\/#website"},"datePublished":"2022-10-24T09:23:43+00:00","dateModified":"2022-11-17T10:57:25+00:00","description":"Xacobeando is a project of volunteer teams in high priority areas within the European Solidarity Corps. Xunta de Galicia project.","breadcrumb":{"@id":"https:\/\/www.xacobeando.eu\/en\/personas-inspiradoras-en-el-albergue\/#breadcrumb"},"inLanguage":"es","potentialAction":[{"@type":"ReadAction","target":["https:\/\/www.xacobeando.eu\/en\/personas-inspiradoras-en-el-albergue\/"]}]},{"@type":"BreadcrumbList","@id":"https:\/\/www.xacobeando.eu\/en\/personas-inspiradoras-en-el-albergue\/#breadcrumb","itemListElement":[{"@type":"ListItem","position":1,"name":"Home","item":"https:\/\/www.xacobeando.eu\/en\/"},{"@type":"ListItem","position":2,"name":"\u00a1Personas inspiradoras en el albergue!"}]},{"@type":"Article","@id":"https:\/\/www.xacobeando.eu\/en\/personas-inspiradoras-en-el-albergue\/#article","isPartOf":{"@id":"https:\/\/www.xacobeando.eu\/en\/personas-inspiradoras-en-el-albergue\/"},"author":{"name":"Stela Sarant\u00ed","@id":"https:\/\/www.xacobeando.eu\/en\/#\/schema\/person\/7224cf064ec6954c2ce3c418384bbea3"},"headline":"\u00a1Personas inspiradoras en el albergue!","datePublished":"2022-10-24T09:23:43+00:00","dateModified":"2022-11-17T10:57:25+00:00","mainEntityOfPage":{"@id":"https:\/\/www.xacobeando.eu\/en\/personas-inspiradoras-en-el-albergue\/"},"wordCount":353,"publisher":{"@id":"https:\/\/www.xacobeando.eu\/en\/#organization"},"articleSection":["Uncategorized"],"inLanguage":"es"},{"@type":"Person","@id":"https:\/\/www.xacobeando.eu\/en\/#\/schema\/person\/7224cf064ec6954c2ce3c418384bbea3","name":"Stela Sarant\u00ed","image":{"@type":"ImageObject","inLanguage":"es","@id":"https:\/\/www.xacobeando.eu\/en\/#\/schema\/person\/image\/","url":"https:\/\/secure.gravatar.com\/avatar\/d4aff4d262995ab33b61bb87a6d239af3c97b9d99420d86779ecedfd323ea648?s=96&d=mm&r=g","contentUrl":"https:\/\/secure.gravatar.com\/avatar\/d4aff4d262995ab33b61bb87a6d239af3c97b9d99420d86779ecedfd323ea648?s=96&d=mm&r=g","caption":"Stela Sarant\u00ed"},"description":"\u00a1Boas! Me llamo Stela, y soy de Grecia. Me gusta mucho hacer senderismo. Y es un sue\u00f1o m\u00edo hacer alg\u00fan d\u00eda el Camino de Santiago.","url":"https:\/\/www.xacobeando.eu\/es\/author\/stelasaranti\/"}]}},"_links":{"self":[{"href":"https:\/\/www.xacobeando.eu\/es\/wp-json\/wp\/v2\/posts\/4026","targetHints":{"allow":["GET"]}}],"collection":[{"href":"https:\/\/www.xacobeando.eu\/es\/wp-json\/wp\/v2\/posts"}],"about":[{"href":"https:\/\/www.xacobeando.eu\/es\/wp-json\/wp\/v2\/types\/post"}],"author":[{"embeddable":true,"href":"https:\/\/www.xacobeando.eu\/es\/wp-json\/wp\/v2\/users\/87"}],"replies":[{"embeddable":true,"href":"https:\/\/www.xacobeando.eu\/es\/wp-json\/wp\/v2\/comments?post=4026"}],"version-history":[{"count":1,"href":"https:\/\/www.xacobeando.eu\/es\/wp-json\/wp\/v2\/posts\/4026\/revisions"}],"predecessor-version":[{"id":4572,"href":"https:\/\/www.xacobeando.eu\/es\/wp-json\/wp\/v2\/posts\/4026\/revisions\/4572"}],"wp:featuredmedia":[{"embeddable":true,"href":"https:\/\/www.xacobeando.eu\/es\/wp-json\/wp\/v2\/media\/3570"}],"wp:attachment":[{"href":"https:\/\/www.xacobeando.eu\/es\/wp-json\/wp\/v2\/media?parent=4026"}],"wp:term":[{"taxonomy":"category","embeddable":true,"href":"https:\/\/www.xacobeando.eu\/es\/wp-json\/wp\/v2\/categories?post=4026"},{"taxonomy":"post_tag","embeddable":true,"href":"https:\/\/www.xacobeando.eu\/es\/wp-json\/wp\/v2\/tags?post=4026"}],"curies":[{"name":"wp","href":"https:\/\/api.w.org\/{rel}","templated":true}]}}