{"id":517,"date":"2022-07-12T11:02:48","date_gmt":"2022-07-12T09:02:48","guid":{"rendered":"https:\/\/www.xacobeando.eu\/la-vida-en-el-camino-via-de-la-prata\/"},"modified":"2022-10-19T15:33:33","modified_gmt":"2022-10-19T13:33:33","slug":"la-vida-en-el-camino-via-de-la-prata","status":"publish","type":"post","link":"https:\/\/www.xacobeando.eu\/es\/la-vida-en-el-camino-via-de-la-prata\/","title":{"rendered":"La vida en el camino Via de la Plata."},"content":{"rendered":"<p>?? Lalin is a small town located around 55 kilometers away from Santiago de Compostella. We are located at a beautiful ,rural, part of the town, Don Ramiro, where our only few neighbours are some sheeps, chickens, pigs, dogs, cats and a few humans. If you ask me, i am tottaly content about it. The town itself has a lot to offer; my personal favorite? The friendly locals and the delicious tapas that they offer.<\/p>\n<p><img loading=\"lazy\" decoding=\"async\" class=\"size-medium wp-image-515 alignleft\" src=\"https:\/\/www.xacobeando.eu\/wp-content\/uploads\/2022\/07\/292384658_721611065740154_3927370455220077448_n-300x225.jpg\" alt=\"\" width=\"300\" height=\"225\" srcset=\"https:\/\/www.xacobeando.eu\/wp-content\/uploads\/2022\/07\/292384658_721611065740154_3927370455220077448_n-300x225.jpg 300w, https:\/\/www.xacobeando.eu\/wp-content\/uploads\/2022\/07\/292384658_721611065740154_3927370455220077448_n-768x576.jpg 768w, https:\/\/www.xacobeando.eu\/wp-content\/uploads\/2022\/07\/292384658_721611065740154_3927370455220077448_n.jpg 828w\" sizes=\"auto, (max-width: 300px) 100vw, 300px\" \/><\/p>\n<p>The caminos that go through Lalin are: <strong>Via de la Prata<\/strong>, or else, the<strong> Silver<\/strong> camino and <strong>C<\/strong><b>amino de Invierno,\u00a0<\/b>the winter camino, but so far we have only worked on the Silver Camino.<\/p>\n<p>Via de la Prata ,at least the part that we are working on, seems to combine different types of scenery. There is a big part that is inside the forest, with the trees providing natural shadow and minimizing the unbearable heat that Galicia is having during the past 2 weeks. On the contrary, there is another part that the pilgrims have to walk on the rural road that goes through the small villages of the area. It is interesting ,though, to see\u00a0 and experience the small villages, the houses and the locals.<\/p>\n<p>For me, the best point of our walks everytime is this small stream ,with a small graphic bridge, that you can stop and enjoy the sounds of the water and birds, the beauty of the flowing water and even cool off with the cold, fresh water of the river.<\/p>\n<p>One last thing that everyone seems to be loving saying these days &#8211; <strong><em>qu\u00e9 calor!<\/em><\/strong><\/p>\n<p>??Lal\u00edn es un peque\u00f1o pueblo situado a unos 55 kil\u00f3metros de Santiago de Compostela. Estamos ubicados en una hermosa parte rural del pueblo, Don Ramiro, donde nuestros pocos vecinos son algunas ovejas, gallinas, cerdos, perros, gatos y algunos humanos. Si me preguntas, estoy totalmente contenta con eso. La ciudad en s\u00ed tiene mucho que ofrecer; La amabilidad de los lugare\u00f1os y las deliciosas tapas que ofrecen, es personalmente lo que m\u00e1s me gusta.<\/p>\n<p>Los caminos que pasan por Lal\u00edn son: V\u00eda de la Plata y Camino de Invierno, pero hasta ahora solo hemos trabajado en el Camino de la Plata.<\/p>\n<p>V\u00eda de la Plata, al menos la parte en la que estamos trabajando, parece combinar diferentes tipos de paisajes. Hay una gran parte que est\u00e1 dentro del bosque, con los \u00e1rboles dando sombra natural y minimizando el insoportable calor que est\u00e1 teniendo Galicia durante las \u00faltimas 2 semanas. Por el contrario, hay otra parte que los romeros tienen que recorrer a pie por el camino rural que discurre por los peque\u00f1os pueblos de la zona. Sin embargo, es interesante ver y experimentar los peque\u00f1os pueblos, las casas y los lugare\u00f1os.<\/p>\n<p>Para m\u00ed, el mejor punto de nuestras caminatas siempre es este peque\u00f1o riachuelo, con un peque\u00f1o puente gr\u00e1fico, que puedes parar y disfrutar de los sonidos del agua y los p\u00e1jaros, la belleza del agua que fluye e incluso refrescarte con el fr\u00edo, fresco agua del r\u00edo.<\/p>\n<p>Una \u00faltima cosa que a todos parece gustarles decir en estos d\u00edas: \u00a1qu\u00e9 calor!<\/p>\n<p><strong><em><iframe loading=\"lazy\" title=\"The Blaze - Places (Audio)\" width=\"1170\" height=\"658\" src=\"https:\/\/www.youtube.com\/embed\/FYEz3irM_Qs?feature=oembed\" frameborder=\"0\" allow=\"accelerometer; autoplay; clipboard-write; encrypted-media; gyroscope; picture-in-picture\" allowfullscreen><\/iframe><\/em><\/strong><\/p>\n<p>&nbsp;<\/p>\n","protected":false},"excerpt":{"rendered":"<p>?? Lalin is a small town located around 55 kilometers away from Santiago de Compostella. We are located at a beautiful&#8230;<\/p>\n","protected":false},"author":41,"featured_media":513,"comment_status":"closed","ping_status":"closed","sticky":false,"template":"","format":"standard","meta":{"footnotes":""},"categories":[1],"tags":[],"class_list":["post-517","post","type-post","status-publish","format-standard","has-post-thumbnail","hentry","category-uncategorized","paths-silver-way","paths-winter-way","digital_path-volunteer"],"acf":[],"yoast_head":"<!-- This site is optimized with the Yoast SEO plugin v19.4 - https:\/\/yoast.com\/wordpress\/plugins\/seo\/ -->\n<title>La vida en el camino Via de la Plata. | Xacobeando<\/title>\n<meta name=\"description\" content=\"Xacobeando is a project of volunteer teams in high priority areas within the European Solidarity Corps. Xunta de Galicia project.\" \/>\n<meta name=\"robots\" content=\"index, follow, max-snippet:-1, max-image-preview:large, max-video-preview:-1\" \/>\n<link rel=\"canonical\" href=\"https:\/\/www.xacobeando.eu\/en\/la-vida-en-el-camino-via-de-la-prata\/\" \/>\n<meta property=\"og:locale\" content=\"es_ES\" \/>\n<meta property=\"og:type\" content=\"article\" \/>\n<meta property=\"og:title\" content=\"La vida en el camino Via de la Plata. | Xacobeando\" \/>\n<meta property=\"og:description\" content=\"Xacobeando is a project of volunteer teams in high priority areas within the European Solidarity Corps. Xunta de Galicia project.\" \/>\n<meta property=\"og:url\" content=\"https:\/\/www.xacobeando.eu\/en\/la-vida-en-el-camino-via-de-la-prata\/\" \/>\n<meta property=\"og:site_name\" content=\"Xacobeando\" \/>\n<meta property=\"article:publisher\" content=\"https:\/\/www.facebook.com\/Xacobeando-101211579315381\" \/>\n<meta property=\"article:published_time\" content=\"2022-07-12T09:02:48+00:00\" \/>\n<meta property=\"article:modified_time\" content=\"2022-10-19T13:33:33+00:00\" \/>\n<meta property=\"og:image\" content=\"https:\/\/www.xacobeando.eu\/wp-content\/uploads\/2022\/07\/290880140_1643518832696785_5224945342477553268_n.jpg\" \/>\n\t<meta property=\"og:image:width\" content=\"828\" \/>\n\t<meta property=\"og:image:height\" content=\"1104\" \/>\n\t<meta property=\"og:image:type\" content=\"image\/jpeg\" \/>\n<meta name=\"author\" content=\"Artemis Margariti\" \/>\n<meta name=\"twitter:card\" content=\"summary_large_image\" \/>\n<meta name=\"twitter:label1\" content=\"Escrito por\" \/>\n\t<meta name=\"twitter:data1\" content=\"Artemis Margariti\" \/>\n\t<meta name=\"twitter:label2\" content=\"Tiempo de lectura\" \/>\n\t<meta name=\"twitter:data2\" content=\"3 minutos\" \/>\n<script type=\"application\/ld+json\" class=\"yoast-schema-graph\">{\"@context\":\"https:\/\/schema.org\",\"@graph\":[{\"@type\":\"Organization\",\"@id\":\"https:\/\/www.xacobeando.eu\/en\/#organization\",\"name\":\"Xacobeando\",\"url\":\"https:\/\/www.xacobeando.eu\/en\/\",\"sameAs\":[\"https:\/\/www.instagram.com\/xacobeando.xuventude\/\",\"https:\/\/www.facebook.com\/Xacobeando-101211579315381\"],\"logo\":{\"@type\":\"ImageObject\",\"inLanguage\":\"es\",\"@id\":\"https:\/\/www.xacobeando.eu\/en\/#\/schema\/logo\/image\/\",\"url\":\"https:\/\/www.xacobeando.eu\/wp-content\/uploads\/2022\/06\/xac-logo-pos.svg\",\"contentUrl\":\"https:\/\/www.xacobeando.eu\/wp-content\/uploads\/2022\/06\/xac-logo-pos.svg\",\"width\":507,\"height\":72,\"caption\":\"Xacobeando\"},\"image\":{\"@id\":\"https:\/\/www.xacobeando.eu\/en\/#\/schema\/logo\/image\/\"}},{\"@type\":\"WebSite\",\"@id\":\"https:\/\/www.xacobeando.eu\/en\/#website\",\"url\":\"https:\/\/www.xacobeando.eu\/en\/\",\"name\":\"Xacobeando\",\"description\":\"Camino de Santiago\",\"publisher\":{\"@id\":\"https:\/\/www.xacobeando.eu\/en\/#organization\"},\"potentialAction\":[{\"@type\":\"SearchAction\",\"target\":{\"@type\":\"EntryPoint\",\"urlTemplate\":\"https:\/\/www.xacobeando.eu\/en\/?s={search_term_string}\"},\"query-input\":\"required name=search_term_string\"}],\"inLanguage\":\"es\"},{\"@type\":\"WebPage\",\"@id\":\"https:\/\/www.xacobeando.eu\/en\/la-vida-en-el-camino-via-de-la-prata\/\",\"url\":\"https:\/\/www.xacobeando.eu\/en\/la-vida-en-el-camino-via-de-la-prata\/\",\"name\":\"La vida en el camino Via de la Plata. | Xacobeando\",\"isPartOf\":{\"@id\":\"https:\/\/www.xacobeando.eu\/en\/#website\"},\"datePublished\":\"2022-07-12T09:02:48+00:00\",\"dateModified\":\"2022-10-19T13:33:33+00:00\",\"description\":\"Xacobeando is a project of volunteer teams in high priority areas within the European Solidarity Corps. Xunta de Galicia project.\",\"breadcrumb\":{\"@id\":\"https:\/\/www.xacobeando.eu\/en\/la-vida-en-el-camino-via-de-la-prata\/#breadcrumb\"},\"inLanguage\":\"es\",\"potentialAction\":[{\"@type\":\"ReadAction\",\"target\":[\"https:\/\/www.xacobeando.eu\/en\/la-vida-en-el-camino-via-de-la-prata\/\"]}]},{\"@type\":\"BreadcrumbList\",\"@id\":\"https:\/\/www.xacobeando.eu\/en\/la-vida-en-el-camino-via-de-la-prata\/#breadcrumb\",\"itemListElement\":[{\"@type\":\"ListItem\",\"position\":1,\"name\":\"Home\",\"item\":\"https:\/\/www.xacobeando.eu\/en\/\"},{\"@type\":\"ListItem\",\"position\":2,\"name\":\"La vida en el camino Via de la Plata.\"}]},{\"@type\":\"Article\",\"@id\":\"https:\/\/www.xacobeando.eu\/en\/la-vida-en-el-camino-via-de-la-prata\/#article\",\"isPartOf\":{\"@id\":\"https:\/\/www.xacobeando.eu\/en\/la-vida-en-el-camino-via-de-la-prata\/\"},\"author\":{\"name\":\"Artemis Margariti\",\"@id\":\"https:\/\/www.xacobeando.eu\/en\/#\/schema\/person\/aa042eb322d7a5a77ffbbbf8da91697b\"},\"headline\":\"La vida en el camino Via de la Plata.\",\"datePublished\":\"2022-07-12T09:02:48+00:00\",\"dateModified\":\"2022-10-19T13:33:33+00:00\",\"mainEntityOfPage\":{\"@id\":\"https:\/\/www.xacobeando.eu\/en\/la-vida-en-el-camino-via-de-la-prata\/\"},\"wordCount\":550,\"publisher\":{\"@id\":\"https:\/\/www.xacobeando.eu\/en\/#organization\"},\"articleSection\":[\"Uncategorized\"],\"inLanguage\":\"es\"},{\"@type\":\"Person\",\"@id\":\"https:\/\/www.xacobeando.eu\/en\/#\/schema\/person\/aa042eb322d7a5a77ffbbbf8da91697b\",\"name\":\"Artemis Margariti\",\"image\":{\"@type\":\"ImageObject\",\"inLanguage\":\"es\",\"@id\":\"https:\/\/www.xacobeando.eu\/en\/#\/schema\/person\/image\/\",\"url\":\"https:\/\/secure.gravatar.com\/avatar\/6d6dd6c6d7d91dd63892b44b8f5a4b7e27d325355d37142156adb9864a0d20e8?s=96&d=mm&r=g\",\"contentUrl\":\"https:\/\/secure.gravatar.com\/avatar\/6d6dd6c6d7d91dd63892b44b8f5a4b7e27d325355d37142156adb9864a0d20e8?s=96&d=mm&r=g\",\"caption\":\"Artemis Margariti\"},\"url\":\"https:\/\/www.xacobeando.eu\/es\/author\/artemismargariti\/\"}]}<\/script>\n<!-- \/ Yoast SEO plugin. -->","yoast_head_json":{"title":"La vida en el camino Via de la Plata. | Xacobeando","description":"Xacobeando is a project of volunteer teams in high priority areas within the European Solidarity Corps. Xunta de Galicia project.","robots":{"index":"index","follow":"follow","max-snippet":"max-snippet:-1","max-image-preview":"max-image-preview:large","max-video-preview":"max-video-preview:-1"},"canonical":"https:\/\/www.xacobeando.eu\/en\/la-vida-en-el-camino-via-de-la-prata\/","og_locale":"es_ES","og_type":"article","og_title":"La vida en el camino Via de la Plata. | Xacobeando","og_description":"Xacobeando is a project of volunteer teams in high priority areas within the European Solidarity Corps. Xunta de Galicia project.","og_url":"https:\/\/www.xacobeando.eu\/en\/la-vida-en-el-camino-via-de-la-prata\/","og_site_name":"Xacobeando","article_publisher":"https:\/\/www.facebook.com\/Xacobeando-101211579315381","article_published_time":"2022-07-12T09:02:48+00:00","article_modified_time":"2022-10-19T13:33:33+00:00","og_image":[{"width":828,"height":1104,"url":"https:\/\/www.xacobeando.eu\/wp-content\/uploads\/2022\/07\/290880140_1643518832696785_5224945342477553268_n.jpg","type":"image\/jpeg"}],"author":"Artemis Margariti","twitter_card":"summary_large_image","twitter_misc":{"Escrito por":"Artemis Margariti","Tiempo de lectura":"3 minutos"},"schema":{"@context":"https:\/\/schema.org","@graph":[{"@type":"Organization","@id":"https:\/\/www.xacobeando.eu\/en\/#organization","name":"Xacobeando","url":"https:\/\/www.xacobeando.eu\/en\/","sameAs":["https:\/\/www.instagram.com\/xacobeando.xuventude\/","https:\/\/www.facebook.com\/Xacobeando-101211579315381"],"logo":{"@type":"ImageObject","inLanguage":"es","@id":"https:\/\/www.xacobeando.eu\/en\/#\/schema\/logo\/image\/","url":"https:\/\/www.xacobeando.eu\/wp-content\/uploads\/2022\/06\/xac-logo-pos.svg","contentUrl":"https:\/\/www.xacobeando.eu\/wp-content\/uploads\/2022\/06\/xac-logo-pos.svg","width":507,"height":72,"caption":"Xacobeando"},"image":{"@id":"https:\/\/www.xacobeando.eu\/en\/#\/schema\/logo\/image\/"}},{"@type":"WebSite","@id":"https:\/\/www.xacobeando.eu\/en\/#website","url":"https:\/\/www.xacobeando.eu\/en\/","name":"Xacobeando","description":"Camino de Santiago","publisher":{"@id":"https:\/\/www.xacobeando.eu\/en\/#organization"},"potentialAction":[{"@type":"SearchAction","target":{"@type":"EntryPoint","urlTemplate":"https:\/\/www.xacobeando.eu\/en\/?s={search_term_string}"},"query-input":"required name=search_term_string"}],"inLanguage":"es"},{"@type":"WebPage","@id":"https:\/\/www.xacobeando.eu\/en\/la-vida-en-el-camino-via-de-la-prata\/","url":"https:\/\/www.xacobeando.eu\/en\/la-vida-en-el-camino-via-de-la-prata\/","name":"La vida en el camino Via de la Plata. | Xacobeando","isPartOf":{"@id":"https:\/\/www.xacobeando.eu\/en\/#website"},"datePublished":"2022-07-12T09:02:48+00:00","dateModified":"2022-10-19T13:33:33+00:00","description":"Xacobeando is a project of volunteer teams in high priority areas within the European Solidarity Corps. Xunta de Galicia project.","breadcrumb":{"@id":"https:\/\/www.xacobeando.eu\/en\/la-vida-en-el-camino-via-de-la-prata\/#breadcrumb"},"inLanguage":"es","potentialAction":[{"@type":"ReadAction","target":["https:\/\/www.xacobeando.eu\/en\/la-vida-en-el-camino-via-de-la-prata\/"]}]},{"@type":"BreadcrumbList","@id":"https:\/\/www.xacobeando.eu\/en\/la-vida-en-el-camino-via-de-la-prata\/#breadcrumb","itemListElement":[{"@type":"ListItem","position":1,"name":"Home","item":"https:\/\/www.xacobeando.eu\/en\/"},{"@type":"ListItem","position":2,"name":"La vida en el camino Via de la Plata."}]},{"@type":"Article","@id":"https:\/\/www.xacobeando.eu\/en\/la-vida-en-el-camino-via-de-la-prata\/#article","isPartOf":{"@id":"https:\/\/www.xacobeando.eu\/en\/la-vida-en-el-camino-via-de-la-prata\/"},"author":{"name":"Artemis Margariti","@id":"https:\/\/www.xacobeando.eu\/en\/#\/schema\/person\/aa042eb322d7a5a77ffbbbf8da91697b"},"headline":"La vida en el camino Via de la Plata.","datePublished":"2022-07-12T09:02:48+00:00","dateModified":"2022-10-19T13:33:33+00:00","mainEntityOfPage":{"@id":"https:\/\/www.xacobeando.eu\/en\/la-vida-en-el-camino-via-de-la-prata\/"},"wordCount":550,"publisher":{"@id":"https:\/\/www.xacobeando.eu\/en\/#organization"},"articleSection":["Uncategorized"],"inLanguage":"es"},{"@type":"Person","@id":"https:\/\/www.xacobeando.eu\/en\/#\/schema\/person\/aa042eb322d7a5a77ffbbbf8da91697b","name":"Artemis Margariti","image":{"@type":"ImageObject","inLanguage":"es","@id":"https:\/\/www.xacobeando.eu\/en\/#\/schema\/person\/image\/","url":"https:\/\/secure.gravatar.com\/avatar\/6d6dd6c6d7d91dd63892b44b8f5a4b7e27d325355d37142156adb9864a0d20e8?s=96&d=mm&r=g","contentUrl":"https:\/\/secure.gravatar.com\/avatar\/6d6dd6c6d7d91dd63892b44b8f5a4b7e27d325355d37142156adb9864a0d20e8?s=96&d=mm&r=g","caption":"Artemis Margariti"},"url":"https:\/\/www.xacobeando.eu\/es\/author\/artemismargariti\/"}]}},"_links":{"self":[{"href":"https:\/\/www.xacobeando.eu\/es\/wp-json\/wp\/v2\/posts\/517","targetHints":{"allow":["GET"]}}],"collection":[{"href":"https:\/\/www.xacobeando.eu\/es\/wp-json\/wp\/v2\/posts"}],"about":[{"href":"https:\/\/www.xacobeando.eu\/es\/wp-json\/wp\/v2\/types\/post"}],"author":[{"embeddable":true,"href":"https:\/\/www.xacobeando.eu\/es\/wp-json\/wp\/v2\/users\/41"}],"replies":[{"embeddable":true,"href":"https:\/\/www.xacobeando.eu\/es\/wp-json\/wp\/v2\/comments?post=517"}],"version-history":[{"count":2,"href":"https:\/\/www.xacobeando.eu\/es\/wp-json\/wp\/v2\/posts\/517\/revisions"}],"predecessor-version":[{"id":3855,"href":"https:\/\/www.xacobeando.eu\/es\/wp-json\/wp\/v2\/posts\/517\/revisions\/3855"}],"wp:featuredmedia":[{"embeddable":true,"href":"https:\/\/www.xacobeando.eu\/es\/wp-json\/wp\/v2\/media\/513"}],"wp:attachment":[{"href":"https:\/\/www.xacobeando.eu\/es\/wp-json\/wp\/v2\/media?parent=517"}],"wp:term":[{"taxonomy":"category","embeddable":true,"href":"https:\/\/www.xacobeando.eu\/es\/wp-json\/wp\/v2\/categories?post=517"},{"taxonomy":"post_tag","embeddable":true,"href":"https:\/\/www.xacobeando.eu\/es\/wp-json\/wp\/v2\/tags?post=517"}],"curies":[{"name":"wp","href":"https:\/\/api.w.org\/{rel}","templated":true}]}}