{"id":524,"date":"2022-07-12T11:17:02","date_gmt":"2022-07-12T09:17:02","guid":{"rendered":"https:\/\/www.xacobeando.eu\/primer-dia-en-el-camino-11-07-2022\/"},"modified":"2022-10-19T15:39:33","modified_gmt":"2022-10-19T13:39:33","slug":"primer-dia-en-el-camino-11-07-2022","status":"publish","type":"post","link":"https:\/\/www.xacobeando.eu\/es\/primer-dia-en-el-camino-11-07-2022\/","title":{"rendered":"\u00a1Primer d\u00eda en el camino! (11.07.2022)"},"content":{"rendered":"<p>??\u00a0 The group of Lal\u00edn is working on the silver camino (camino de la plata) and sometimes also on the winter camino (camino de invierno). This week it\u00b4s going to be very hot due to the approaching heatwave, so we had to plan our work accordingly. On Monday we were working on the sustainable camino project &#8211; collecting garbage and making sure the camino is enjoyable for the pilgrims. Fortunately, the pilgrims are reasonable and there isn\u00b4t much to clean up after them \ud83d\ude42<\/p>\n<p>Camino de la plata itself is among the most important pilgrimage roads. It runs from Seville to Santiago. The part on which we are working is located in a forest and ends with an Albergue on one end (hostel for the pilgrims). You can find these hostels everywhere along the camino. Usually,\u00a0they are very cheap (under 10 eur per night) and offer the pilgrims basic utilities to rest and recover. For example, usually the Albergues are open from 13-21 to allow for total tranquility.<\/p>\n<p>I think the camino is very peaceful. As of the moment, we haven\u00b4t seen a lot of pilgrims, but we will be staying here for two months. I\u00b4m very much looking forward to hearing stories from the pilgrims as I\u00b4m interested to maybe doing the camino myself in the future.<\/p>\n<p>?? El grupo de Lal\u00edn est\u00e1 trabajando en el camino de la plata y, a veces, tambi\u00e9n en el camino de invierno. Esta semana va a hacer mucho calor debido a la ola de calor que se avecina, as\u00ed que tuvimos que planificar nuestro trabajo en consecuencia. El lunes estuvimos trabajando en el proyecto del camino sostenible: recolectando basura y asegur\u00e1ndonos de que el camino sea agradable para los peregrinos. Afortunadamente, los peregrinos son razonables y no hay mucho que limpiar despu\u00e9s de ellos \ud83d\ude42<\/p>\n<p>Camino de la plata en s\u00ed es uno de los caminos de peregrinaci\u00f3n m\u00e1s importantes. Va desde Sevilla hasta Santiago. La parte en la que estamos trabajando est\u00e1 situada en un bosque y termina con un Albergue en un extremo (albergue de peregrinos). Puedes encontrar estos albergues en todas partes a lo largo del camino. Suelen ser muy baratos (menos de 10 euros la noche) y ofrecen servicios b\u00e1sicos a los peregrinos para descansar y recuperarse. Por ejemplo, los Albergues suelen estar abiertos de 13 a 21 para permitir una tranquilidad total.<\/p>\n<p>Creo que el camino es muy tranquilo. De momento no hemos visto muchos peregrinos, pero estaremos dos meses aqu\u00ed. Tengo muchas ganas de escuchar historias de los peregrinos, ya que estoy interesado en hacer el Camino yo mismo en el futuro.<\/p>\n","protected":false},"excerpt":{"rendered":"<p>??\u00a0 The group of Lal\u00edn is working on the silver camino (camino de la plata) and sometimes also on the winter&#8230;<\/p>\n","protected":false},"author":21,"featured_media":522,"comment_status":"closed","ping_status":"closed","sticky":false,"template":"","format":"standard","meta":{"footnotes":""},"categories":[1],"tags":[],"class_list":["post-524","post","type-post","status-publish","format-standard","has-post-thumbnail","hentry","category-uncategorized","paths-silver-way","paths-winter-way","digital_path-volunteer"],"acf":[],"yoast_head":"<!-- This site is optimized with the Yoast SEO plugin v19.4 - https:\/\/yoast.com\/wordpress\/plugins\/seo\/ -->\n<title>\u00a1Primer d\u00eda en el camino! (11.07.2022) | Xacobeando<\/title>\n<meta name=\"description\" content=\"Xacobeando is a project of volunteer teams in high priority areas within the European Solidarity Corps. Xunta de Galicia project.\" \/>\n<meta name=\"robots\" content=\"index, follow, max-snippet:-1, max-image-preview:large, max-video-preview:-1\" \/>\n<link rel=\"canonical\" href=\"https:\/\/www.xacobeando.eu\/en\/primer-dia-en-el-camino-11-07-2022\/\" \/>\n<meta property=\"og:locale\" content=\"es_ES\" \/>\n<meta property=\"og:type\" content=\"article\" \/>\n<meta property=\"og:title\" content=\"\u00a1Primer d\u00eda en el camino! (11.07.2022) | Xacobeando\" \/>\n<meta property=\"og:description\" content=\"Xacobeando is a project of volunteer teams in high priority areas within the European Solidarity Corps. Xunta de Galicia project.\" \/>\n<meta property=\"og:url\" content=\"https:\/\/www.xacobeando.eu\/en\/primer-dia-en-el-camino-11-07-2022\/\" \/>\n<meta property=\"og:site_name\" content=\"Xacobeando\" \/>\n<meta property=\"article:publisher\" content=\"https:\/\/www.facebook.com\/Xacobeando-101211579315381\" \/>\n<meta property=\"article:published_time\" content=\"2022-07-12T09:17:02+00:00\" \/>\n<meta property=\"article:modified_time\" content=\"2022-10-19T13:39:33+00:00\" \/>\n<meta property=\"og:image\" content=\"https:\/\/www.xacobeando.eu\/wp-content\/uploads\/2022\/07\/camino_river-scaled.jpg\" \/>\n\t<meta property=\"og:image:width\" content=\"1922\" \/>\n\t<meta property=\"og:image:height\" content=\"2560\" \/>\n\t<meta property=\"og:image:type\" content=\"image\/jpeg\" \/>\n<meta name=\"author\" content=\"Christopher Gregor Toomberg\" \/>\n<meta name=\"twitter:card\" content=\"summary_large_image\" \/>\n<meta name=\"twitter:label1\" content=\"Escrito por\" \/>\n\t<meta name=\"twitter:data1\" content=\"Christopher Gregor Toomberg\" \/>\n\t<meta name=\"twitter:label2\" content=\"Tiempo de lectura\" \/>\n\t<meta name=\"twitter:data2\" content=\"2 minutos\" \/>\n<script type=\"application\/ld+json\" class=\"yoast-schema-graph\">{\"@context\":\"https:\/\/schema.org\",\"@graph\":[{\"@type\":\"Organization\",\"@id\":\"https:\/\/www.xacobeando.eu\/en\/#organization\",\"name\":\"Xacobeando\",\"url\":\"https:\/\/www.xacobeando.eu\/en\/\",\"sameAs\":[\"https:\/\/www.instagram.com\/xacobeando.xuventude\/\",\"https:\/\/www.facebook.com\/Xacobeando-101211579315381\"],\"logo\":{\"@type\":\"ImageObject\",\"inLanguage\":\"es\",\"@id\":\"https:\/\/www.xacobeando.eu\/en\/#\/schema\/logo\/image\/\",\"url\":\"https:\/\/www.xacobeando.eu\/wp-content\/uploads\/2022\/06\/xac-logo-pos.svg\",\"contentUrl\":\"https:\/\/www.xacobeando.eu\/wp-content\/uploads\/2022\/06\/xac-logo-pos.svg\",\"width\":507,\"height\":72,\"caption\":\"Xacobeando\"},\"image\":{\"@id\":\"https:\/\/www.xacobeando.eu\/en\/#\/schema\/logo\/image\/\"}},{\"@type\":\"WebSite\",\"@id\":\"https:\/\/www.xacobeando.eu\/en\/#website\",\"url\":\"https:\/\/www.xacobeando.eu\/en\/\",\"name\":\"Xacobeando\",\"description\":\"Camino de Santiago\",\"publisher\":{\"@id\":\"https:\/\/www.xacobeando.eu\/en\/#organization\"},\"potentialAction\":[{\"@type\":\"SearchAction\",\"target\":{\"@type\":\"EntryPoint\",\"urlTemplate\":\"https:\/\/www.xacobeando.eu\/en\/?s={search_term_string}\"},\"query-input\":\"required name=search_term_string\"}],\"inLanguage\":\"es\"},{\"@type\":\"WebPage\",\"@id\":\"https:\/\/www.xacobeando.eu\/en\/primer-dia-en-el-camino-11-07-2022\/\",\"url\":\"https:\/\/www.xacobeando.eu\/en\/primer-dia-en-el-camino-11-07-2022\/\",\"name\":\"\u00a1Primer d\u00eda en el camino! (11.07.2022) | Xacobeando\",\"isPartOf\":{\"@id\":\"https:\/\/www.xacobeando.eu\/en\/#website\"},\"datePublished\":\"2022-07-12T09:17:02+00:00\",\"dateModified\":\"2022-10-19T13:39:33+00:00\",\"description\":\"Xacobeando is a project of volunteer teams in high priority areas within the European Solidarity Corps. Xunta de Galicia project.\",\"breadcrumb\":{\"@id\":\"https:\/\/www.xacobeando.eu\/en\/primer-dia-en-el-camino-11-07-2022\/#breadcrumb\"},\"inLanguage\":\"es\",\"potentialAction\":[{\"@type\":\"ReadAction\",\"target\":[\"https:\/\/www.xacobeando.eu\/en\/primer-dia-en-el-camino-11-07-2022\/\"]}]},{\"@type\":\"BreadcrumbList\",\"@id\":\"https:\/\/www.xacobeando.eu\/en\/primer-dia-en-el-camino-11-07-2022\/#breadcrumb\",\"itemListElement\":[{\"@type\":\"ListItem\",\"position\":1,\"name\":\"Home\",\"item\":\"https:\/\/www.xacobeando.eu\/en\/\"},{\"@type\":\"ListItem\",\"position\":2,\"name\":\"\u00a1Primer d\u00eda en el camino! (11.07.2022)\"}]},{\"@type\":\"Article\",\"@id\":\"https:\/\/www.xacobeando.eu\/en\/primer-dia-en-el-camino-11-07-2022\/#article\",\"isPartOf\":{\"@id\":\"https:\/\/www.xacobeando.eu\/en\/primer-dia-en-el-camino-11-07-2022\/\"},\"author\":{\"name\":\"Christopher Gregor Toomberg\",\"@id\":\"https:\/\/www.xacobeando.eu\/en\/#\/schema\/person\/bafb7d678a382ab2c2c53342466ac83a\"},\"headline\":\"\u00a1Primer d\u00eda en el camino! (11.07.2022)\",\"datePublished\":\"2022-07-12T09:17:02+00:00\",\"dateModified\":\"2022-10-19T13:39:33+00:00\",\"mainEntityOfPage\":{\"@id\":\"https:\/\/www.xacobeando.eu\/en\/primer-dia-en-el-camino-11-07-2022\/\"},\"wordCount\":448,\"publisher\":{\"@id\":\"https:\/\/www.xacobeando.eu\/en\/#organization\"},\"articleSection\":[\"Uncategorized\"],\"inLanguage\":\"es\"},{\"@type\":\"Person\",\"@id\":\"https:\/\/www.xacobeando.eu\/en\/#\/schema\/person\/bafb7d678a382ab2c2c53342466ac83a\",\"name\":\"Christopher Gregor Toomberg\",\"image\":{\"@type\":\"ImageObject\",\"inLanguage\":\"es\",\"@id\":\"https:\/\/www.xacobeando.eu\/en\/#\/schema\/person\/image\/\",\"url\":\"https:\/\/secure.gravatar.com\/avatar\/43e805ecea41e19c22239cd8f50af7fe5f3189537180b050d30f667fee00d83a?s=96&d=mm&r=g\",\"contentUrl\":\"https:\/\/secure.gravatar.com\/avatar\/43e805ecea41e19c22239cd8f50af7fe5f3189537180b050d30f667fee00d83a?s=96&d=mm&r=g\",\"caption\":\"Christopher Gregor Toomberg\"},\"url\":\"https:\/\/www.xacobeando.eu\/es\/author\/christophergregortoomberg\/\"}]}<\/script>\n<!-- \/ Yoast SEO plugin. -->","yoast_head_json":{"title":"\u00a1Primer d\u00eda en el camino! (11.07.2022) | Xacobeando","description":"Xacobeando is a project of volunteer teams in high priority areas within the European Solidarity Corps. Xunta de Galicia project.","robots":{"index":"index","follow":"follow","max-snippet":"max-snippet:-1","max-image-preview":"max-image-preview:large","max-video-preview":"max-video-preview:-1"},"canonical":"https:\/\/www.xacobeando.eu\/en\/primer-dia-en-el-camino-11-07-2022\/","og_locale":"es_ES","og_type":"article","og_title":"\u00a1Primer d\u00eda en el camino! (11.07.2022) | Xacobeando","og_description":"Xacobeando is a project of volunteer teams in high priority areas within the European Solidarity Corps. Xunta de Galicia project.","og_url":"https:\/\/www.xacobeando.eu\/en\/primer-dia-en-el-camino-11-07-2022\/","og_site_name":"Xacobeando","article_publisher":"https:\/\/www.facebook.com\/Xacobeando-101211579315381","article_published_time":"2022-07-12T09:17:02+00:00","article_modified_time":"2022-10-19T13:39:33+00:00","og_image":[{"width":1922,"height":2560,"url":"https:\/\/www.xacobeando.eu\/wp-content\/uploads\/2022\/07\/camino_river-scaled.jpg","type":"image\/jpeg"}],"author":"Christopher Gregor Toomberg","twitter_card":"summary_large_image","twitter_misc":{"Escrito por":"Christopher Gregor Toomberg","Tiempo de lectura":"2 minutos"},"schema":{"@context":"https:\/\/schema.org","@graph":[{"@type":"Organization","@id":"https:\/\/www.xacobeando.eu\/en\/#organization","name":"Xacobeando","url":"https:\/\/www.xacobeando.eu\/en\/","sameAs":["https:\/\/www.instagram.com\/xacobeando.xuventude\/","https:\/\/www.facebook.com\/Xacobeando-101211579315381"],"logo":{"@type":"ImageObject","inLanguage":"es","@id":"https:\/\/www.xacobeando.eu\/en\/#\/schema\/logo\/image\/","url":"https:\/\/www.xacobeando.eu\/wp-content\/uploads\/2022\/06\/xac-logo-pos.svg","contentUrl":"https:\/\/www.xacobeando.eu\/wp-content\/uploads\/2022\/06\/xac-logo-pos.svg","width":507,"height":72,"caption":"Xacobeando"},"image":{"@id":"https:\/\/www.xacobeando.eu\/en\/#\/schema\/logo\/image\/"}},{"@type":"WebSite","@id":"https:\/\/www.xacobeando.eu\/en\/#website","url":"https:\/\/www.xacobeando.eu\/en\/","name":"Xacobeando","description":"Camino de Santiago","publisher":{"@id":"https:\/\/www.xacobeando.eu\/en\/#organization"},"potentialAction":[{"@type":"SearchAction","target":{"@type":"EntryPoint","urlTemplate":"https:\/\/www.xacobeando.eu\/en\/?s={search_term_string}"},"query-input":"required name=search_term_string"}],"inLanguage":"es"},{"@type":"WebPage","@id":"https:\/\/www.xacobeando.eu\/en\/primer-dia-en-el-camino-11-07-2022\/","url":"https:\/\/www.xacobeando.eu\/en\/primer-dia-en-el-camino-11-07-2022\/","name":"\u00a1Primer d\u00eda en el camino! (11.07.2022) | Xacobeando","isPartOf":{"@id":"https:\/\/www.xacobeando.eu\/en\/#website"},"datePublished":"2022-07-12T09:17:02+00:00","dateModified":"2022-10-19T13:39:33+00:00","description":"Xacobeando is a project of volunteer teams in high priority areas within the European Solidarity Corps. Xunta de Galicia project.","breadcrumb":{"@id":"https:\/\/www.xacobeando.eu\/en\/primer-dia-en-el-camino-11-07-2022\/#breadcrumb"},"inLanguage":"es","potentialAction":[{"@type":"ReadAction","target":["https:\/\/www.xacobeando.eu\/en\/primer-dia-en-el-camino-11-07-2022\/"]}]},{"@type":"BreadcrumbList","@id":"https:\/\/www.xacobeando.eu\/en\/primer-dia-en-el-camino-11-07-2022\/#breadcrumb","itemListElement":[{"@type":"ListItem","position":1,"name":"Home","item":"https:\/\/www.xacobeando.eu\/en\/"},{"@type":"ListItem","position":2,"name":"\u00a1Primer d\u00eda en el camino! (11.07.2022)"}]},{"@type":"Article","@id":"https:\/\/www.xacobeando.eu\/en\/primer-dia-en-el-camino-11-07-2022\/#article","isPartOf":{"@id":"https:\/\/www.xacobeando.eu\/en\/primer-dia-en-el-camino-11-07-2022\/"},"author":{"name":"Christopher Gregor Toomberg","@id":"https:\/\/www.xacobeando.eu\/en\/#\/schema\/person\/bafb7d678a382ab2c2c53342466ac83a"},"headline":"\u00a1Primer d\u00eda en el camino! (11.07.2022)","datePublished":"2022-07-12T09:17:02+00:00","dateModified":"2022-10-19T13:39:33+00:00","mainEntityOfPage":{"@id":"https:\/\/www.xacobeando.eu\/en\/primer-dia-en-el-camino-11-07-2022\/"},"wordCount":448,"publisher":{"@id":"https:\/\/www.xacobeando.eu\/en\/#organization"},"articleSection":["Uncategorized"],"inLanguage":"es"},{"@type":"Person","@id":"https:\/\/www.xacobeando.eu\/en\/#\/schema\/person\/bafb7d678a382ab2c2c53342466ac83a","name":"Christopher Gregor Toomberg","image":{"@type":"ImageObject","inLanguage":"es","@id":"https:\/\/www.xacobeando.eu\/en\/#\/schema\/person\/image\/","url":"https:\/\/secure.gravatar.com\/avatar\/43e805ecea41e19c22239cd8f50af7fe5f3189537180b050d30f667fee00d83a?s=96&d=mm&r=g","contentUrl":"https:\/\/secure.gravatar.com\/avatar\/43e805ecea41e19c22239cd8f50af7fe5f3189537180b050d30f667fee00d83a?s=96&d=mm&r=g","caption":"Christopher Gregor Toomberg"},"url":"https:\/\/www.xacobeando.eu\/es\/author\/christophergregortoomberg\/"}]}},"_links":{"self":[{"href":"https:\/\/www.xacobeando.eu\/es\/wp-json\/wp\/v2\/posts\/524","targetHints":{"allow":["GET"]}}],"collection":[{"href":"https:\/\/www.xacobeando.eu\/es\/wp-json\/wp\/v2\/posts"}],"about":[{"href":"https:\/\/www.xacobeando.eu\/es\/wp-json\/wp\/v2\/types\/post"}],"author":[{"embeddable":true,"href":"https:\/\/www.xacobeando.eu\/es\/wp-json\/wp\/v2\/users\/21"}],"replies":[{"embeddable":true,"href":"https:\/\/www.xacobeando.eu\/es\/wp-json\/wp\/v2\/comments?post=524"}],"version-history":[{"count":3,"href":"https:\/\/www.xacobeando.eu\/es\/wp-json\/wp\/v2\/posts\/524\/revisions"}],"predecessor-version":[{"id":3856,"href":"https:\/\/www.xacobeando.eu\/es\/wp-json\/wp\/v2\/posts\/524\/revisions\/3856"}],"wp:featuredmedia":[{"embeddable":true,"href":"https:\/\/www.xacobeando.eu\/es\/wp-json\/wp\/v2\/media\/522"}],"wp:attachment":[{"href":"https:\/\/www.xacobeando.eu\/es\/wp-json\/wp\/v2\/media?parent=524"}],"wp:term":[{"taxonomy":"category","embeddable":true,"href":"https:\/\/www.xacobeando.eu\/es\/wp-json\/wp\/v2\/categories?post=524"},{"taxonomy":"post_tag","embeddable":true,"href":"https:\/\/www.xacobeando.eu\/es\/wp-json\/wp\/v2\/tags?post=524"}],"curies":[{"name":"wp","href":"https:\/\/api.w.org\/{rel}","templated":true}]}}