{"id":767,"date":"2022-07-21T12:57:11","date_gmt":"2022-07-21T10:57:11","guid":{"rendered":"https:\/\/www.xacobeando.eu\/the-valga-experience-and-the-la-dorna-frenzy\/"},"modified":"2022-07-22T10:49:52","modified_gmt":"2022-07-22T08:49:52","slug":"the-valga-experience-and-the-la-dorna-frenzy","status":"publish","type":"post","link":"https:\/\/www.xacobeando.eu\/es\/the-valga-experience-and-the-la-dorna-frenzy\/","title":{"rendered":"The Valga Experience and The &#8220;La Dorna&#8221; Frenzy"},"content":{"rendered":"<p><strong>ENGLISH<\/strong><\/p>\n<p>Ever since these last couple of weeks, it has become apparent that the Town Hall of Valga would be a great collborator and this week has been no exception.<\/p>\n<p>Our week started a little earlier than expected this week, with a much anticipated boat trip. The boat followed the &#8220;Ruta del Mar de Arousa y R\u00edo Ulla&#8221;, which takes place only once a year and sails along the river. Its main purpose is to commemorate the arrival of the body Santiago apostle by sea, after his martyrdom in Jerusalem around 44 AC.<\/p>\n<p>&nbsp;<\/p>\n<p><img loading=\"lazy\" decoding=\"async\" class=\"alignnone wp-image-750\" src=\"https:\/\/www.xacobeando.eu\/wp-content\/uploads\/2022\/07\/Children-225x300.jpeg\" alt=\"\" width=\"159\" height=\"212\" srcset=\"https:\/\/www.xacobeando.eu\/wp-content\/uploads\/2022\/07\/Children-225x300.jpeg 225w, https:\/\/www.xacobeando.eu\/wp-content\/uploads\/2022\/07\/Children.jpeg 768w\" sizes=\"auto, (max-width: 159px) 100vw, 159px\" \/>Following this once in a lifetime experience, on Monday 18.07, we had the opportunity to partake in a radio show, hosted by none other than the Town Hall of Valga. We talked about topics ranging from our individual experiences in Spain as volunteers and tourists, to climatic differences between our individual countries of origin. It was definitely an <em>intercultural\u00a0<\/em>conversation. After that we embarked on the Valga Camino once again, but this time we put up posters (that we very meticulously created) along the route with vital messages, in hopes that it would aid in the reduction of the obscene amounts of littering we, and everyone else, have witnessed. While doing that, other members of our team went out to collect rubbish.<\/p>\n<p>On Tuesday 07.19, our activities took a more\u00a0<em>inclusive<\/em> turn. We visited CODI, a centre for disabled people. Except for making the acquaintance of some lovely individuals, we were also able to harness creativity by painting the walls and creating a lovely mural. Not to mention that by a lucky coincidence we got to be present at the birthday celebration of one of the women\u00a0 of the centre. Flora this year is for you. On this day we also started our activities at a pilgrim hostel. Busy times may vary significantly, but when it does get busy, it&#8217;s always good to have a couple extra hands on deck. It Except for helping the pilgrims, it&#8217;s amazing to hear some of their stories from their Camino\u00a0<em>adventures<\/em>.<\/p>\n<p>This week continues to be full of collaborations on Wednesday 07.20. We got to walk the camino with children aged between 4 and 6 years old. They sure have a lot of energy. We engaged in various games and some conversations that one could have with a person who possesses the wild imagination that only a 4 year old child could have.<\/p>\n<p>All in all this week has been more than active and by consequence, immensely rewarding. The activities planned had such a vast variety of end goals, starting from inclusive and going to inclusive, and definitely very intercultural.<\/p>\n<p>Looking forward to where this adventure takes us next!<\/p>\n<p>\u00a7\u00a7\u00a7\u00a7\u00a7\u00a7\u00a7\u00a7\u00a7\u00a7\u00a7\u00a7\u00a7\u00a7\u00a7\u00a7\u00a7\u00a7\u00a7\u00a7\u00a7\u00a7\u00a7\u00a7\u00a7\u00a7<\/p>\n<p><strong>SPANISH\u00a0<\/strong><\/p>\n<p><span style=\"font-weight: 400;\">Desde estas dos \u00faltimas semanas, sin duda el ayuntamiento de Valga est\u00e1 siendo un gran colaborador.<\/span><\/p>\n<p><span style=\"font-weight: 400;\">Nuestra semana empez\u00f3 m\u00e1s temprano de lo esperado con un anticipado viaje en barco. El barco segui\u00f3 la &#8220;Ruta del Mar de Arousa y R\u00edo Ulla&#8221;, el cual tiene lugar una vez al a\u00f1o y navega junto al r\u00edo. El principal prop\u00f3sito es para conmemorar la llegada de los restos del Ap\u00f3stol Santiago por el mar, despu\u00e9s de su martirio en Jerusal\u00e9n sobre el 44 AC.<\/span><\/p>\n<p><span style=\"font-weight: 400;\">Seguido de esta experiencia, el lunes tuvimos la oportunidad de participar en un show de radio presentado por uno de los que trabajan en el ayuntamiento de Valga. Nosotros hablamos sobre varios temas que van sobre nuestras experiencias individuales en Espa\u00f1a como voluntarios y turistas, las diferencias con la climatolog\u00eda entre los diferentes pa\u00edses de origen. Esto fue definitivamente una conversaci\u00f3n <\/span><i><span style=\"font-weight: 400;\">intercultural<\/span><\/i><span style=\"font-weight: 400;\">. Despu\u00e9s comenzamos el camino de Valga de nuevo pero esta vez con p\u00f3sters (meticulosamente creados) junto a la ruta con mensajes vitales,\u00a0 con la esperanza de reducir la cantidad de basura que toda la gente ve pero que no recoge. Mientras hac\u00edamos esto, otros miembros de nuestro equipo fueron a recoger basura.<\/span><\/p>\n<p><span style=\"font-weight: 400;\">El martes realizamos una actividad inclusiva ya que visitamos el centro CODI, un centro para personas con discapacidad. Adem\u00e1s de conocer a personas encantadoras nosotros fuimos capaces de aprovechar la creatividad pintando un precioso mural. Por no mencionar la afortunada coincidencia de ser el cumplea\u00f1os de unas de las mujeres del centro. En este d\u00eda nosotros tambi\u00e9n empezamos a trabajar en el albergue con los peregrinos. El tiempo de trabajo puede variar significativamente pero cuando llegan peregrinos es bueno tener las manos libres. Es incre\u00edble escuchar algunas de las historias del camino.<\/span><\/p>\n<p><span style=\"font-weight: 400;\">Esta semana contin\u00faa llena de eventos, el mi\u00e9rcoles tuvimos que hacer el camino con ni\u00f1os de edades comprendidas entre los 4 y 6 a\u00f1os. Ellos ten\u00edan mucha energ\u00eda. Nosotros participamos en varios juegos y tuvimos conversaciones con algunos de los ni\u00f1os los cuales dec\u00edan cosas ingeniosas.<\/span><\/p>\n<p><span style=\"font-weight: 400;\">Todo lo de esta semana est\u00e1 siendo muy atractivo y por consiguiente, inmensamente reconfortante. Las actividades planeadas ten\u00edan una gran variedad de objetivos, empezando por la inclusividad y siguiendo con sostenibilidad, y terminando con interculturalidad.<\/span><\/p>\n<p><span style=\"font-weight: 400;\">\u00a1Estoy deseando de ver d\u00f3nde nos lleva esta aventura!<\/span><\/p>\n<p><img loading=\"lazy\" decoding=\"async\" class=\"alignnone size-medium wp-image-741\" src=\"https:\/\/www.xacobeando.eu\/wp-content\/uploads\/2022\/07\/Maritime-300x225.jpeg\" alt=\"\" width=\"300\" height=\"225\" srcset=\"https:\/\/www.xacobeando.eu\/wp-content\/uploads\/2022\/07\/Maritime-300x225.jpeg 300w, https:\/\/www.xacobeando.eu\/wp-content\/uploads\/2022\/07\/Maritime-1024x768.jpeg 1024w, https:\/\/www.xacobeando.eu\/wp-content\/uploads\/2022\/07\/Maritime-768x576.jpeg 768w, https:\/\/www.xacobeando.eu\/wp-content\/uploads\/2022\/07\/Maritime-1536x1152.jpeg 1536w, https:\/\/www.xacobeando.eu\/wp-content\/uploads\/2022\/07\/Maritime.jpeg 2048w\" sizes=\"auto, (max-width: 300px) 100vw, 300px\" \/><\/p>\n<p>&nbsp;<\/p>\n<p>&nbsp;<\/p>\n","protected":false},"excerpt":{"rendered":"<p>ENGLISH Ever since these last couple of weeks, it has become apparent that the Town Hall of Valga would be a&#8230;<\/p>\n","protected":false},"author":16,"featured_media":748,"comment_status":"closed","ping_status":"closed","sticky":false,"template":"","format":"standard","meta":{"footnotes":""},"categories":[1],"tags":[],"class_list":["post-767","post","type-post","status-publish","format-standard","has-post-thumbnail","hentry","category-uncategorized","paths-portuguese-way","paths-route-arousa-ulla","digital_path-volunteer"],"acf":[],"yoast_head":"<!-- This site is optimized with the Yoast SEO plugin v19.4 - https:\/\/yoast.com\/wordpress\/plugins\/seo\/ -->\n<title>The Valga Experience and The &quot;La Dorna&quot; Frenzy | Xacobeando<\/title>\n<meta name=\"description\" content=\"Xacobeando is a project of volunteer teams in high priority areas within the European Solidarity Corps. Xunta de Galicia project.\" \/>\n<meta name=\"robots\" content=\"index, follow, max-snippet:-1, max-image-preview:large, max-video-preview:-1\" \/>\n<link rel=\"canonical\" href=\"https:\/\/www.xacobeando.eu\/en\/the-valga-experience-and-the-la-dorna-frenzy\/\" \/>\n<meta property=\"og:locale\" content=\"es_ES\" \/>\n<meta property=\"og:type\" content=\"article\" \/>\n<meta property=\"og:title\" content=\"The Valga Experience and The &quot;La Dorna&quot; Frenzy | Xacobeando\" \/>\n<meta property=\"og:description\" content=\"Xacobeando is a project of volunteer teams in high priority areas within the European Solidarity Corps. Xunta de Galicia project.\" \/>\n<meta property=\"og:url\" content=\"https:\/\/www.xacobeando.eu\/en\/the-valga-experience-and-the-la-dorna-frenzy\/\" \/>\n<meta property=\"og:site_name\" content=\"Xacobeando\" \/>\n<meta property=\"article:publisher\" content=\"https:\/\/www.facebook.com\/Xacobeando-101211579315381\" \/>\n<meta property=\"article:published_time\" content=\"2022-07-21T10:57:11+00:00\" \/>\n<meta property=\"article:modified_time\" content=\"2022-07-22T08:49:52+00:00\" \/>\n<meta property=\"og:image\" content=\"https:\/\/www.xacobeando.eu\/wp-content\/uploads\/2022\/07\/thumbnail.jpeg\" \/>\n\t<meta property=\"og:image:width\" content=\"1200\" \/>\n\t<meta property=\"og:image:height\" content=\"1600\" \/>\n\t<meta property=\"og:image:type\" content=\"image\/jpeg\" \/>\n<meta name=\"author\" content=\"Elena Papakonstantinou\" \/>\n<meta name=\"twitter:card\" content=\"summary_large_image\" \/>\n<meta name=\"twitter:label1\" content=\"Escrito por\" \/>\n\t<meta name=\"twitter:data1\" content=\"Elena Papakonstantinou\" \/>\n\t<meta name=\"twitter:label2\" content=\"Tiempo de lectura\" \/>\n\t<meta name=\"twitter:data2\" content=\"4 minutos\" \/>\n<script type=\"application\/ld+json\" class=\"yoast-schema-graph\">{\"@context\":\"https:\/\/schema.org\",\"@graph\":[{\"@type\":\"Organization\",\"@id\":\"https:\/\/www.xacobeando.eu\/en\/#organization\",\"name\":\"Xacobeando\",\"url\":\"https:\/\/www.xacobeando.eu\/en\/\",\"sameAs\":[\"https:\/\/www.instagram.com\/xacobeando.xuventude\/\",\"https:\/\/www.facebook.com\/Xacobeando-101211579315381\"],\"logo\":{\"@type\":\"ImageObject\",\"inLanguage\":\"es\",\"@id\":\"https:\/\/www.xacobeando.eu\/en\/#\/schema\/logo\/image\/\",\"url\":\"https:\/\/www.xacobeando.eu\/wp-content\/uploads\/2022\/06\/xac-logo-pos.svg\",\"contentUrl\":\"https:\/\/www.xacobeando.eu\/wp-content\/uploads\/2022\/06\/xac-logo-pos.svg\",\"width\":507,\"height\":72,\"caption\":\"Xacobeando\"},\"image\":{\"@id\":\"https:\/\/www.xacobeando.eu\/en\/#\/schema\/logo\/image\/\"}},{\"@type\":\"WebSite\",\"@id\":\"https:\/\/www.xacobeando.eu\/en\/#website\",\"url\":\"https:\/\/www.xacobeando.eu\/en\/\",\"name\":\"Xacobeando\",\"description\":\"Camino de Santiago\",\"publisher\":{\"@id\":\"https:\/\/www.xacobeando.eu\/en\/#organization\"},\"potentialAction\":[{\"@type\":\"SearchAction\",\"target\":{\"@type\":\"EntryPoint\",\"urlTemplate\":\"https:\/\/www.xacobeando.eu\/en\/?s={search_term_string}\"},\"query-input\":\"required name=search_term_string\"}],\"inLanguage\":\"es\"},{\"@type\":\"WebPage\",\"@id\":\"https:\/\/www.xacobeando.eu\/en\/the-valga-experience-and-the-la-dorna-frenzy\/\",\"url\":\"https:\/\/www.xacobeando.eu\/en\/the-valga-experience-and-the-la-dorna-frenzy\/\",\"name\":\"The Valga Experience and The \\\"La Dorna\\\" Frenzy | Xacobeando\",\"isPartOf\":{\"@id\":\"https:\/\/www.xacobeando.eu\/en\/#website\"},\"datePublished\":\"2022-07-21T10:57:11+00:00\",\"dateModified\":\"2022-07-22T08:49:52+00:00\",\"description\":\"Xacobeando is a project of volunteer teams in high priority areas within the European Solidarity Corps. Xunta de Galicia project.\",\"breadcrumb\":{\"@id\":\"https:\/\/www.xacobeando.eu\/en\/the-valga-experience-and-the-la-dorna-frenzy\/#breadcrumb\"},\"inLanguage\":\"es\",\"potentialAction\":[{\"@type\":\"ReadAction\",\"target\":[\"https:\/\/www.xacobeando.eu\/en\/the-valga-experience-and-the-la-dorna-frenzy\/\"]}]},{\"@type\":\"BreadcrumbList\",\"@id\":\"https:\/\/www.xacobeando.eu\/en\/the-valga-experience-and-the-la-dorna-frenzy\/#breadcrumb\",\"itemListElement\":[{\"@type\":\"ListItem\",\"position\":1,\"name\":\"Home\",\"item\":\"https:\/\/www.xacobeando.eu\/en\/\"},{\"@type\":\"ListItem\",\"position\":2,\"name\":\"The Valga Experience and The &#8220;La Dorna&#8221; Frenzy\"}]},{\"@type\":\"Article\",\"@id\":\"https:\/\/www.xacobeando.eu\/en\/the-valga-experience-and-the-la-dorna-frenzy\/#article\",\"isPartOf\":{\"@id\":\"https:\/\/www.xacobeando.eu\/en\/the-valga-experience-and-the-la-dorna-frenzy\/\"},\"author\":{\"name\":\"Elena Papakonstantinou\",\"@id\":\"https:\/\/www.xacobeando.eu\/en\/#\/schema\/person\/4825117aa88a256b4a9becf79288ed77\"},\"headline\":\"The Valga Experience and The &#8220;La Dorna&#8221; Frenzy\",\"datePublished\":\"2022-07-21T10:57:11+00:00\",\"dateModified\":\"2022-07-22T08:49:52+00:00\",\"mainEntityOfPage\":{\"@id\":\"https:\/\/www.xacobeando.eu\/en\/the-valga-experience-and-the-la-dorna-frenzy\/\"},\"wordCount\":860,\"publisher\":{\"@id\":\"https:\/\/www.xacobeando.eu\/en\/#organization\"},\"articleSection\":[\"Uncategorized\"],\"inLanguage\":\"es\"},{\"@type\":\"Person\",\"@id\":\"https:\/\/www.xacobeando.eu\/en\/#\/schema\/person\/4825117aa88a256b4a9becf79288ed77\",\"name\":\"Elena Papakonstantinou\",\"image\":{\"@type\":\"ImageObject\",\"inLanguage\":\"es\",\"@id\":\"https:\/\/www.xacobeando.eu\/en\/#\/schema\/person\/image\/\",\"url\":\"https:\/\/secure.gravatar.com\/avatar\/f77760cdbef7d5d14501d92a7cd9e4fed93cf8582ceb8ab4c563aca4fe533bb5?s=96&d=mm&r=g\",\"contentUrl\":\"https:\/\/secure.gravatar.com\/avatar\/f77760cdbef7d5d14501d92a7cd9e4fed93cf8582ceb8ab4c563aca4fe533bb5?s=96&d=mm&r=g\",\"caption\":\"Elena Papakonstantinou\"},\"url\":\"https:\/\/www.xacobeando.eu\/es\/author\/elenapapakonstantinou\/\"}]}<\/script>\n<!-- \/ Yoast SEO plugin. -->","yoast_head_json":{"title":"The Valga Experience and The \"La Dorna\" Frenzy | Xacobeando","description":"Xacobeando is a project of volunteer teams in high priority areas within the European Solidarity Corps. Xunta de Galicia project.","robots":{"index":"index","follow":"follow","max-snippet":"max-snippet:-1","max-image-preview":"max-image-preview:large","max-video-preview":"max-video-preview:-1"},"canonical":"https:\/\/www.xacobeando.eu\/en\/the-valga-experience-and-the-la-dorna-frenzy\/","og_locale":"es_ES","og_type":"article","og_title":"The Valga Experience and The \"La Dorna\" Frenzy | Xacobeando","og_description":"Xacobeando is a project of volunteer teams in high priority areas within the European Solidarity Corps. Xunta de Galicia project.","og_url":"https:\/\/www.xacobeando.eu\/en\/the-valga-experience-and-the-la-dorna-frenzy\/","og_site_name":"Xacobeando","article_publisher":"https:\/\/www.facebook.com\/Xacobeando-101211579315381","article_published_time":"2022-07-21T10:57:11+00:00","article_modified_time":"2022-07-22T08:49:52+00:00","og_image":[{"width":1200,"height":1600,"url":"https:\/\/www.xacobeando.eu\/wp-content\/uploads\/2022\/07\/thumbnail.jpeg","type":"image\/jpeg"}],"author":"Elena Papakonstantinou","twitter_card":"summary_large_image","twitter_misc":{"Escrito por":"Elena Papakonstantinou","Tiempo de lectura":"4 minutos"},"schema":{"@context":"https:\/\/schema.org","@graph":[{"@type":"Organization","@id":"https:\/\/www.xacobeando.eu\/en\/#organization","name":"Xacobeando","url":"https:\/\/www.xacobeando.eu\/en\/","sameAs":["https:\/\/www.instagram.com\/xacobeando.xuventude\/","https:\/\/www.facebook.com\/Xacobeando-101211579315381"],"logo":{"@type":"ImageObject","inLanguage":"es","@id":"https:\/\/www.xacobeando.eu\/en\/#\/schema\/logo\/image\/","url":"https:\/\/www.xacobeando.eu\/wp-content\/uploads\/2022\/06\/xac-logo-pos.svg","contentUrl":"https:\/\/www.xacobeando.eu\/wp-content\/uploads\/2022\/06\/xac-logo-pos.svg","width":507,"height":72,"caption":"Xacobeando"},"image":{"@id":"https:\/\/www.xacobeando.eu\/en\/#\/schema\/logo\/image\/"}},{"@type":"WebSite","@id":"https:\/\/www.xacobeando.eu\/en\/#website","url":"https:\/\/www.xacobeando.eu\/en\/","name":"Xacobeando","description":"Camino de Santiago","publisher":{"@id":"https:\/\/www.xacobeando.eu\/en\/#organization"},"potentialAction":[{"@type":"SearchAction","target":{"@type":"EntryPoint","urlTemplate":"https:\/\/www.xacobeando.eu\/en\/?s={search_term_string}"},"query-input":"required name=search_term_string"}],"inLanguage":"es"},{"@type":"WebPage","@id":"https:\/\/www.xacobeando.eu\/en\/the-valga-experience-and-the-la-dorna-frenzy\/","url":"https:\/\/www.xacobeando.eu\/en\/the-valga-experience-and-the-la-dorna-frenzy\/","name":"The Valga Experience and The \"La Dorna\" Frenzy | Xacobeando","isPartOf":{"@id":"https:\/\/www.xacobeando.eu\/en\/#website"},"datePublished":"2022-07-21T10:57:11+00:00","dateModified":"2022-07-22T08:49:52+00:00","description":"Xacobeando is a project of volunteer teams in high priority areas within the European Solidarity Corps. Xunta de Galicia project.","breadcrumb":{"@id":"https:\/\/www.xacobeando.eu\/en\/the-valga-experience-and-the-la-dorna-frenzy\/#breadcrumb"},"inLanguage":"es","potentialAction":[{"@type":"ReadAction","target":["https:\/\/www.xacobeando.eu\/en\/the-valga-experience-and-the-la-dorna-frenzy\/"]}]},{"@type":"BreadcrumbList","@id":"https:\/\/www.xacobeando.eu\/en\/the-valga-experience-and-the-la-dorna-frenzy\/#breadcrumb","itemListElement":[{"@type":"ListItem","position":1,"name":"Home","item":"https:\/\/www.xacobeando.eu\/en\/"},{"@type":"ListItem","position":2,"name":"The Valga Experience and The &#8220;La Dorna&#8221; Frenzy"}]},{"@type":"Article","@id":"https:\/\/www.xacobeando.eu\/en\/the-valga-experience-and-the-la-dorna-frenzy\/#article","isPartOf":{"@id":"https:\/\/www.xacobeando.eu\/en\/the-valga-experience-and-the-la-dorna-frenzy\/"},"author":{"name":"Elena Papakonstantinou","@id":"https:\/\/www.xacobeando.eu\/en\/#\/schema\/person\/4825117aa88a256b4a9becf79288ed77"},"headline":"The Valga Experience and The &#8220;La Dorna&#8221; Frenzy","datePublished":"2022-07-21T10:57:11+00:00","dateModified":"2022-07-22T08:49:52+00:00","mainEntityOfPage":{"@id":"https:\/\/www.xacobeando.eu\/en\/the-valga-experience-and-the-la-dorna-frenzy\/"},"wordCount":860,"publisher":{"@id":"https:\/\/www.xacobeando.eu\/en\/#organization"},"articleSection":["Uncategorized"],"inLanguage":"es"},{"@type":"Person","@id":"https:\/\/www.xacobeando.eu\/en\/#\/schema\/person\/4825117aa88a256b4a9becf79288ed77","name":"Elena Papakonstantinou","image":{"@type":"ImageObject","inLanguage":"es","@id":"https:\/\/www.xacobeando.eu\/en\/#\/schema\/person\/image\/","url":"https:\/\/secure.gravatar.com\/avatar\/f77760cdbef7d5d14501d92a7cd9e4fed93cf8582ceb8ab4c563aca4fe533bb5?s=96&d=mm&r=g","contentUrl":"https:\/\/secure.gravatar.com\/avatar\/f77760cdbef7d5d14501d92a7cd9e4fed93cf8582ceb8ab4c563aca4fe533bb5?s=96&d=mm&r=g","caption":"Elena Papakonstantinou"},"url":"https:\/\/www.xacobeando.eu\/es\/author\/elenapapakonstantinou\/"}]}},"_links":{"self":[{"href":"https:\/\/www.xacobeando.eu\/es\/wp-json\/wp\/v2\/posts\/767","targetHints":{"allow":["GET"]}}],"collection":[{"href":"https:\/\/www.xacobeando.eu\/es\/wp-json\/wp\/v2\/posts"}],"about":[{"href":"https:\/\/www.xacobeando.eu\/es\/wp-json\/wp\/v2\/types\/post"}],"author":[{"embeddable":true,"href":"https:\/\/www.xacobeando.eu\/es\/wp-json\/wp\/v2\/users\/16"}],"replies":[{"embeddable":true,"href":"https:\/\/www.xacobeando.eu\/es\/wp-json\/wp\/v2\/comments?post=767"}],"version-history":[{"count":1,"href":"https:\/\/www.xacobeando.eu\/es\/wp-json\/wp\/v2\/posts\/767\/revisions"}],"predecessor-version":[{"id":787,"href":"https:\/\/www.xacobeando.eu\/es\/wp-json\/wp\/v2\/posts\/767\/revisions\/787"}],"wp:featuredmedia":[{"embeddable":true,"href":"https:\/\/www.xacobeando.eu\/es\/wp-json\/wp\/v2\/media\/748"}],"wp:attachment":[{"href":"https:\/\/www.xacobeando.eu\/es\/wp-json\/wp\/v2\/media?parent=767"}],"wp:term":[{"taxonomy":"category","embeddable":true,"href":"https:\/\/www.xacobeando.eu\/es\/wp-json\/wp\/v2\/categories?post=767"},{"taxonomy":"post_tag","embeddable":true,"href":"https:\/\/www.xacobeando.eu\/es\/wp-json\/wp\/v2\/tags?post=767"}],"curies":[{"name":"wp","href":"https:\/\/api.w.org\/{rel}","templated":true}]}}