{"id":790,"date":"2022-07-22T11:10:17","date_gmt":"2022-07-22T09:10:17","guid":{"rendered":"https:\/\/www.xacobeando.eu\/the-festivities-of-the-apostle-santiago-have-begun\/"},"modified":"2022-10-20T15:23:59","modified_gmt":"2022-10-20T13:23:59","slug":"the-festivities-of-the-apostle-santiago-have-begun","status":"publish","type":"post","link":"https:\/\/www.xacobeando.eu\/es\/the-festivities-of-the-apostle-santiago-have-begun\/","title":{"rendered":"The festivities of the apostle Santiago have begun!"},"content":{"rendered":"<div style=\"width: 1072px;\" class=\"wp-video\"><video class=\"wp-video-shortcode\" id=\"video-790-1\" width=\"1072\" height=\"1920\" preload=\"metadata\" controls=\"controls\"><source type=\"video\/mp4\" src=\"https:\/\/www.xacobeando.eu\/wp-content\/uploads\/2022\/07\/VID-20220721-WA0047.mp4?_=1\" \/><a href=\"https:\/\/www.xacobeando.eu\/wp-content\/uploads\/2022\/07\/VID-20220721-WA0047.mp4\">https:\/\/www.xacobeando.eu\/wp-content\/uploads\/2022\/07\/VID-20220721-WA0047.mp4<\/a><\/video><\/div><a href=\"https:\/\/www.xacobeando.eu\/wp-content\/uploads\/2022\/07\/WebProgramaApostolo2022.pdf\">WebProgramaApostolo2022<\/a><div style=\"width: 1072px;\" class=\"wp-video\"><video class=\"wp-video-shortcode\" id=\"video-790-2\" width=\"1072\" height=\"1920\" preload=\"metadata\" controls=\"controls\"><source type=\"video\/mp4\" src=\"https:\/\/www.xacobeando.eu\/wp-content\/uploads\/2022\/07\/VID-20220721-WA0038-2.mp4?_=2\" \/><a href=\"https:\/\/www.xacobeando.eu\/wp-content\/uploads\/2022\/07\/VID-20220721-WA0038-2.mp4\">https:\/\/www.xacobeando.eu\/wp-content\/uploads\/2022\/07\/VID-20220721-WA0038-2.mp4<\/a><\/video><\/div>On ??\u00a0 Thursday, July 21, the festivities of the Apostle Santiago began. It began with the proclamation in the Plaza del Obradoiro, in front of the Cathedral. After wishing everyone a good holiday, a concert of Jazz and Regge music was given in the same square. There was a very good atmosphere and the square was very lively.<\/p>\n<div dir=\"auto\">For the rest of the week there are various scheduled activities, concerts, fairs, cinema, fireworks&#8230; Lots of things to do! If you want to know more about everything you can found all the programming.<\/div>\n<div dir=\"auto\"><\/div>\n<div dir=\"auto\">?? El jueves 21 de julio comenzaron las fiestas del Ap\u00f3stol Santiago. Comenz\u00f3 con el preg\u00f3n en la Plaza del Obradoiro, frente a la Catedral. Despu\u00e9s de desearles a todos unas buenas vacaciones, se ofreci\u00f3 un concierto de m\u00fasica Jazz y Regge en la misma plaza. Hab\u00eda muy buen ambiente y la plaza estaba muy animada.<\/div>\n<div dir=\"auto\">Para el resto de la semana hay varias actividades programadas, conciertos, ferias, cine, fuegos artificiales\u2026 \u00a1Muchas cosas que hacer! Si quieres saber m\u00e1s de todo puedes encontrar toda la programaci\u00f3n.<\/div>\n<div dir=\"auto\"><\/div>\n","protected":false},"excerpt":{"rendered":"<p>WebProgramaApostolo2022On ??\u00a0 Thursday, July 21, the festivities of the Apostle Santiago began. It began with the proclamation in the Plaza del&#8230;<\/p>\n","protected":false},"author":22,"featured_media":3987,"comment_status":"closed","ping_status":"closed","sticky":false,"template":"","format":"standard","meta":{"footnotes":""},"categories":[1],"tags":[],"class_list":["post-790","post","type-post","status-publish","format-standard","has-post-thumbnail","hentry","category-uncategorized","paths-english-way","paths-french-way","paths-portuguese-way","paths-primitive-way","paths-route-arousa-ulla","paths-silver-way","paths-winter-way","digital_path-volunteer"],"acf":[],"yoast_head":"<!-- This site is optimized with the Yoast SEO plugin v19.4 - https:\/\/yoast.com\/wordpress\/plugins\/seo\/ -->\n<title>The festivities of the apostle Santiago have begun! | Xacobeando<\/title>\n<meta name=\"description\" content=\"Xacobeando is a project of volunteer teams in high priority areas within the European Solidarity Corps. Xunta de Galicia project.\" \/>\n<meta name=\"robots\" content=\"index, follow, max-snippet:-1, max-image-preview:large, max-video-preview:-1\" \/>\n<link rel=\"canonical\" href=\"https:\/\/www.xacobeando.eu\/en\/the-festivities-of-the-apostle-santiago-have-begun\/\" \/>\n<meta property=\"og:locale\" content=\"es_ES\" \/>\n<meta property=\"og:type\" content=\"article\" \/>\n<meta property=\"og:title\" content=\"The festivities of the apostle Santiago have begun! | Xacobeando\" \/>\n<meta property=\"og:description\" content=\"Xacobeando is a project of volunteer teams in high priority areas within the European Solidarity Corps. Xunta de Galicia project.\" \/>\n<meta property=\"og:url\" content=\"https:\/\/www.xacobeando.eu\/en\/the-festivities-of-the-apostle-santiago-have-begun\/\" \/>\n<meta property=\"og:site_name\" content=\"Xacobeando\" \/>\n<meta property=\"article:publisher\" content=\"https:\/\/www.facebook.com\/Xacobeando-101211579315381\" \/>\n<meta property=\"article:published_time\" content=\"2022-07-22T09:10:17+00:00\" \/>\n<meta property=\"article:modified_time\" content=\"2022-10-20T13:23:59+00:00\" \/>\n<meta property=\"og:image\" content=\"https:\/\/www.xacobeando.eu\/wp-content\/uploads\/2022\/06\/pexels-jo-kassis-11690243-scaled.jpg\" \/>\n\t<meta property=\"og:image:width\" content=\"2560\" \/>\n\t<meta property=\"og:image:height\" content=\"1707\" \/>\n\t<meta property=\"og:image:type\" content=\"image\/jpeg\" \/>\n<meta name=\"author\" content=\"Paula Vivas\" \/>\n<meta name=\"twitter:card\" content=\"summary_large_image\" \/>\n<meta name=\"twitter:label1\" content=\"Escrito por\" \/>\n\t<meta name=\"twitter:data1\" content=\"Paula Vivas\" \/>\n\t<meta name=\"twitter:label2\" content=\"Tiempo de lectura\" \/>\n\t<meta name=\"twitter:data2\" content=\"1 minuto\" \/>\n<script type=\"application\/ld+json\" class=\"yoast-schema-graph\">{\"@context\":\"https:\/\/schema.org\",\"@graph\":[{\"@type\":\"Organization\",\"@id\":\"https:\/\/www.xacobeando.eu\/en\/#organization\",\"name\":\"Xacobeando\",\"url\":\"https:\/\/www.xacobeando.eu\/en\/\",\"sameAs\":[\"https:\/\/www.instagram.com\/xacobeando.xuventude\/\",\"https:\/\/www.facebook.com\/Xacobeando-101211579315381\"],\"logo\":{\"@type\":\"ImageObject\",\"inLanguage\":\"es\",\"@id\":\"https:\/\/www.xacobeando.eu\/en\/#\/schema\/logo\/image\/\",\"url\":\"https:\/\/www.xacobeando.eu\/wp-content\/uploads\/2022\/06\/xac-logo-pos.svg\",\"contentUrl\":\"https:\/\/www.xacobeando.eu\/wp-content\/uploads\/2022\/06\/xac-logo-pos.svg\",\"width\":507,\"height\":72,\"caption\":\"Xacobeando\"},\"image\":{\"@id\":\"https:\/\/www.xacobeando.eu\/en\/#\/schema\/logo\/image\/\"}},{\"@type\":\"WebSite\",\"@id\":\"https:\/\/www.xacobeando.eu\/en\/#website\",\"url\":\"https:\/\/www.xacobeando.eu\/en\/\",\"name\":\"Xacobeando\",\"description\":\"Camino de Santiago\",\"publisher\":{\"@id\":\"https:\/\/www.xacobeando.eu\/en\/#organization\"},\"potentialAction\":[{\"@type\":\"SearchAction\",\"target\":{\"@type\":\"EntryPoint\",\"urlTemplate\":\"https:\/\/www.xacobeando.eu\/en\/?s={search_term_string}\"},\"query-input\":\"required name=search_term_string\"}],\"inLanguage\":\"es\"},{\"@type\":\"WebPage\",\"@id\":\"https:\/\/www.xacobeando.eu\/en\/the-festivities-of-the-apostle-santiago-have-begun\/\",\"url\":\"https:\/\/www.xacobeando.eu\/en\/the-festivities-of-the-apostle-santiago-have-begun\/\",\"name\":\"The festivities of the apostle Santiago have begun! | Xacobeando\",\"isPartOf\":{\"@id\":\"https:\/\/www.xacobeando.eu\/en\/#website\"},\"datePublished\":\"2022-07-22T09:10:17+00:00\",\"dateModified\":\"2022-10-20T13:23:59+00:00\",\"description\":\"Xacobeando is a project of volunteer teams in high priority areas within the European Solidarity Corps. Xunta de Galicia project.\",\"breadcrumb\":{\"@id\":\"https:\/\/www.xacobeando.eu\/en\/the-festivities-of-the-apostle-santiago-have-begun\/#breadcrumb\"},\"inLanguage\":\"es\",\"potentialAction\":[{\"@type\":\"ReadAction\",\"target\":[\"https:\/\/www.xacobeando.eu\/en\/the-festivities-of-the-apostle-santiago-have-begun\/\"]}]},{\"@type\":\"BreadcrumbList\",\"@id\":\"https:\/\/www.xacobeando.eu\/en\/the-festivities-of-the-apostle-santiago-have-begun\/#breadcrumb\",\"itemListElement\":[{\"@type\":\"ListItem\",\"position\":1,\"name\":\"Home\",\"item\":\"https:\/\/www.xacobeando.eu\/en\/\"},{\"@type\":\"ListItem\",\"position\":2,\"name\":\"The festivities of the apostle Santiago have begun!\"}]},{\"@type\":\"Article\",\"@id\":\"https:\/\/www.xacobeando.eu\/en\/the-festivities-of-the-apostle-santiago-have-begun\/#article\",\"isPartOf\":{\"@id\":\"https:\/\/www.xacobeando.eu\/en\/the-festivities-of-the-apostle-santiago-have-begun\/\"},\"author\":{\"name\":\"Paula Vivas\",\"@id\":\"https:\/\/www.xacobeando.eu\/en\/#\/schema\/person\/131d37df5e6cd264d4eadc40c12f9cdc\"},\"headline\":\"The festivities of the apostle Santiago have begun!\",\"datePublished\":\"2022-07-22T09:10:17+00:00\",\"dateModified\":\"2022-10-20T13:23:59+00:00\",\"mainEntityOfPage\":{\"@id\":\"https:\/\/www.xacobeando.eu\/en\/the-festivities-of-the-apostle-santiago-have-begun\/\"},\"wordCount\":219,\"publisher\":{\"@id\":\"https:\/\/www.xacobeando.eu\/en\/#organization\"},\"articleSection\":[\"Uncategorized\"],\"inLanguage\":\"es\"},{\"@type\":\"Person\",\"@id\":\"https:\/\/www.xacobeando.eu\/en\/#\/schema\/person\/131d37df5e6cd264d4eadc40c12f9cdc\",\"name\":\"Paula Vivas\",\"image\":{\"@type\":\"ImageObject\",\"inLanguage\":\"es\",\"@id\":\"https:\/\/www.xacobeando.eu\/en\/#\/schema\/person\/image\/\",\"url\":\"https:\/\/secure.gravatar.com\/avatar\/ec6b2d3bcbcd94dcc2c99970d1614b0c6e0434800c6a8239152bf50160c79c8b?s=96&d=mm&r=g\",\"contentUrl\":\"https:\/\/secure.gravatar.com\/avatar\/ec6b2d3bcbcd94dcc2c99970d1614b0c6e0434800c6a8239152bf50160c79c8b?s=96&d=mm&r=g\",\"caption\":\"Paula Vivas\"},\"description\":\"I love nature and hiking mountains. I like to try new experiences.\",\"url\":\"https:\/\/www.xacobeando.eu\/es\/author\/paulavivas\/\"}]}<\/script>\n<!-- \/ Yoast SEO plugin. -->","yoast_head_json":{"title":"The festivities of the apostle Santiago have begun! | Xacobeando","description":"Xacobeando is a project of volunteer teams in high priority areas within the European Solidarity Corps. Xunta de Galicia project.","robots":{"index":"index","follow":"follow","max-snippet":"max-snippet:-1","max-image-preview":"max-image-preview:large","max-video-preview":"max-video-preview:-1"},"canonical":"https:\/\/www.xacobeando.eu\/en\/the-festivities-of-the-apostle-santiago-have-begun\/","og_locale":"es_ES","og_type":"article","og_title":"The festivities of the apostle Santiago have begun! | Xacobeando","og_description":"Xacobeando is a project of volunteer teams in high priority areas within the European Solidarity Corps. Xunta de Galicia project.","og_url":"https:\/\/www.xacobeando.eu\/en\/the-festivities-of-the-apostle-santiago-have-begun\/","og_site_name":"Xacobeando","article_publisher":"https:\/\/www.facebook.com\/Xacobeando-101211579315381","article_published_time":"2022-07-22T09:10:17+00:00","article_modified_time":"2022-10-20T13:23:59+00:00","og_image":[{"width":2560,"height":1707,"url":"https:\/\/www.xacobeando.eu\/wp-content\/uploads\/2022\/06\/pexels-jo-kassis-11690243-scaled.jpg","type":"image\/jpeg"}],"author":"Paula Vivas","twitter_card":"summary_large_image","twitter_misc":{"Escrito por":"Paula Vivas","Tiempo de lectura":"1 minuto"},"schema":{"@context":"https:\/\/schema.org","@graph":[{"@type":"Organization","@id":"https:\/\/www.xacobeando.eu\/en\/#organization","name":"Xacobeando","url":"https:\/\/www.xacobeando.eu\/en\/","sameAs":["https:\/\/www.instagram.com\/xacobeando.xuventude\/","https:\/\/www.facebook.com\/Xacobeando-101211579315381"],"logo":{"@type":"ImageObject","inLanguage":"es","@id":"https:\/\/www.xacobeando.eu\/en\/#\/schema\/logo\/image\/","url":"https:\/\/www.xacobeando.eu\/wp-content\/uploads\/2022\/06\/xac-logo-pos.svg","contentUrl":"https:\/\/www.xacobeando.eu\/wp-content\/uploads\/2022\/06\/xac-logo-pos.svg","width":507,"height":72,"caption":"Xacobeando"},"image":{"@id":"https:\/\/www.xacobeando.eu\/en\/#\/schema\/logo\/image\/"}},{"@type":"WebSite","@id":"https:\/\/www.xacobeando.eu\/en\/#website","url":"https:\/\/www.xacobeando.eu\/en\/","name":"Xacobeando","description":"Camino de Santiago","publisher":{"@id":"https:\/\/www.xacobeando.eu\/en\/#organization"},"potentialAction":[{"@type":"SearchAction","target":{"@type":"EntryPoint","urlTemplate":"https:\/\/www.xacobeando.eu\/en\/?s={search_term_string}"},"query-input":"required name=search_term_string"}],"inLanguage":"es"},{"@type":"WebPage","@id":"https:\/\/www.xacobeando.eu\/en\/the-festivities-of-the-apostle-santiago-have-begun\/","url":"https:\/\/www.xacobeando.eu\/en\/the-festivities-of-the-apostle-santiago-have-begun\/","name":"The festivities of the apostle Santiago have begun! | Xacobeando","isPartOf":{"@id":"https:\/\/www.xacobeando.eu\/en\/#website"},"datePublished":"2022-07-22T09:10:17+00:00","dateModified":"2022-10-20T13:23:59+00:00","description":"Xacobeando is a project of volunteer teams in high priority areas within the European Solidarity Corps. Xunta de Galicia project.","breadcrumb":{"@id":"https:\/\/www.xacobeando.eu\/en\/the-festivities-of-the-apostle-santiago-have-begun\/#breadcrumb"},"inLanguage":"es","potentialAction":[{"@type":"ReadAction","target":["https:\/\/www.xacobeando.eu\/en\/the-festivities-of-the-apostle-santiago-have-begun\/"]}]},{"@type":"BreadcrumbList","@id":"https:\/\/www.xacobeando.eu\/en\/the-festivities-of-the-apostle-santiago-have-begun\/#breadcrumb","itemListElement":[{"@type":"ListItem","position":1,"name":"Home","item":"https:\/\/www.xacobeando.eu\/en\/"},{"@type":"ListItem","position":2,"name":"The festivities of the apostle Santiago have begun!"}]},{"@type":"Article","@id":"https:\/\/www.xacobeando.eu\/en\/the-festivities-of-the-apostle-santiago-have-begun\/#article","isPartOf":{"@id":"https:\/\/www.xacobeando.eu\/en\/the-festivities-of-the-apostle-santiago-have-begun\/"},"author":{"name":"Paula Vivas","@id":"https:\/\/www.xacobeando.eu\/en\/#\/schema\/person\/131d37df5e6cd264d4eadc40c12f9cdc"},"headline":"The festivities of the apostle Santiago have begun!","datePublished":"2022-07-22T09:10:17+00:00","dateModified":"2022-10-20T13:23:59+00:00","mainEntityOfPage":{"@id":"https:\/\/www.xacobeando.eu\/en\/the-festivities-of-the-apostle-santiago-have-begun\/"},"wordCount":219,"publisher":{"@id":"https:\/\/www.xacobeando.eu\/en\/#organization"},"articleSection":["Uncategorized"],"inLanguage":"es"},{"@type":"Person","@id":"https:\/\/www.xacobeando.eu\/en\/#\/schema\/person\/131d37df5e6cd264d4eadc40c12f9cdc","name":"Paula Vivas","image":{"@type":"ImageObject","inLanguage":"es","@id":"https:\/\/www.xacobeando.eu\/en\/#\/schema\/person\/image\/","url":"https:\/\/secure.gravatar.com\/avatar\/ec6b2d3bcbcd94dcc2c99970d1614b0c6e0434800c6a8239152bf50160c79c8b?s=96&d=mm&r=g","contentUrl":"https:\/\/secure.gravatar.com\/avatar\/ec6b2d3bcbcd94dcc2c99970d1614b0c6e0434800c6a8239152bf50160c79c8b?s=96&d=mm&r=g","caption":"Paula Vivas"},"description":"I love nature and hiking mountains. I like to try new experiences.","url":"https:\/\/www.xacobeando.eu\/es\/author\/paulavivas\/"}]}},"_links":{"self":[{"href":"https:\/\/www.xacobeando.eu\/es\/wp-json\/wp\/v2\/posts\/790","targetHints":{"allow":["GET"]}}],"collection":[{"href":"https:\/\/www.xacobeando.eu\/es\/wp-json\/wp\/v2\/posts"}],"about":[{"href":"https:\/\/www.xacobeando.eu\/es\/wp-json\/wp\/v2\/types\/post"}],"author":[{"embeddable":true,"href":"https:\/\/www.xacobeando.eu\/es\/wp-json\/wp\/v2\/users\/22"}],"replies":[{"embeddable":true,"href":"https:\/\/www.xacobeando.eu\/es\/wp-json\/wp\/v2\/comments?post=790"}],"version-history":[{"count":6,"href":"https:\/\/www.xacobeando.eu\/es\/wp-json\/wp\/v2\/posts\/790\/revisions"}],"predecessor-version":[{"id":3989,"href":"https:\/\/www.xacobeando.eu\/es\/wp-json\/wp\/v2\/posts\/790\/revisions\/3989"}],"wp:featuredmedia":[{"embeddable":true,"href":"https:\/\/www.xacobeando.eu\/es\/wp-json\/wp\/v2\/media\/3987"}],"wp:attachment":[{"href":"https:\/\/www.xacobeando.eu\/es\/wp-json\/wp\/v2\/media?parent=790"}],"wp:term":[{"taxonomy":"category","embeddable":true,"href":"https:\/\/www.xacobeando.eu\/es\/wp-json\/wp\/v2\/categories?post=790"},{"taxonomy":"post_tag","embeddable":true,"href":"https:\/\/www.xacobeando.eu\/es\/wp-json\/wp\/v2\/tags?post=790"}],"curies":[{"name":"wp","href":"https:\/\/api.w.org\/{rel}","templated":true}]}}